{"id":1878,"date":"2011-12-18T22:26:00","date_gmt":"2011-12-18T21:26:00","guid":{"rendered":"http:\/\/blogg.fumei.se\/?p=1878"},"modified":"2011-12-18T22:26:00","modified_gmt":"2011-12-18T21:26:00","slug":"julfint","status":"publish","type":"post","link":"https:\/\/blogg.fumei.se\/?p=1878","title":{"rendered":"Julfint"},"content":{"rendered":"<p>Nu \u00e4r bloggen ombytt och klar f\u00f6r julen. Det blev ett f\u00e4rdigt tema som jag laddade ner fr\u00e5n n\u00e4tet (det finns ju s\u00e5 m\u00e5nga duktiga designers) f\u00f6r jag orkade inte och hade inte lust att kr\u00e5ngla med design och sen kodning f\u00f6r att f\u00e5 det som jag vill ha det, s\u00e5 det fick bli det n\u00e4st b\u00e4sta. Men visst \u00e4r den fin? Och <em>gr\u00f6n<\/em>! Passar ju mig superbra! \ud83d\ude42<\/p>\n","protected":false},"excerpt":{"rendered":"<p>Nu \u00e4r bloggen ombytt och klar f\u00f6r julen. Det blev ett f\u00e4rdigt tema som jag laddade ner fr\u00e5n n\u00e4tet (det finns ju s\u00e5 m\u00e5nga duktiga designers) f\u00f6r jag orkade inte och hade inte lust att kr\u00e5ngla med design och sen kodning f\u00f6r att f\u00e5 det som jag vill ha det, s\u00e5 det fick bli det&#8230;<\/p>\n","protected":false},"author":1,"featured_media":0,"comment_status":"open","ping_status":"open","sticky":false,"template":"","format":"standard","meta":{"jetpack_post_was_ever_published":false,"_jetpack_newsletter_access":"","_jetpack_dont_email_post_to_subs":false,"_jetpack_newsletter_tier_id":0,"_jetpack_memberships_contains_paywalled_content":false,"_jetpack_memberships_contains_paid_content":false,"footnotes":"","jetpack_publicize_message":"","jetpack_publicize_feature_enabled":true,"jetpack_social_post_already_shared":false,"jetpack_social_options":{"image_generator_settings":{"template":"highway","default_image_id":0,"font":"","enabled":false},"version":2}},"categories":[47],"tags":[92,111,88],"class_list":["post-1878","post","type-post","status-publish","format-standard","hentry","category-vardagsliv","tag-blogg","tag-bloggdesign","tag-jul"],"jetpack_publicize_connections":[],"jetpack_featured_media_url":"","jetpack_shortlink":"https:\/\/wp.me\/s3qko4-julfint","jetpack_sharing_enabled":true,"jetpack_likes_enabled":true,"jetpack-related-posts":[{"id":1742,"url":"https:\/\/blogg.fumei.se\/?p=1742","url_meta":{"origin":1878,"position":0},"title":"Dan f\u00f6re dan, f\u00f6re dan, f\u00f6re&#8230;","author":"M :)","date":"2011-11-14","format":false,"excerpt":"Ja nu \u00e4r det knappt en och en halv m\u00e5nad kvar till julafton, det \u00e4r sv\u00e5rt att tro det, men almanackan ljuger ju s\u00e4llan (aldrig...). I \u00e5r \u00e4r det mitt lags tur att slippa jobba julen, och det \u00e4r min tur att ha barnen hemma p\u00e5 jul, det \u00e4r ju\u2026","rel":"","context":"I \u201dVardagsliv\u201d","block_context":{"text":"Vardagsliv","link":"https:\/\/blogg.fumei.se\/?cat=47"},"img":{"alt_text":"","src":"","width":0,"height":0},"classes":[]},{"id":1963,"url":"https:\/\/blogg.fumei.se\/?p=1963","url_meta":{"origin":1878,"position":1},"title":"Bloggnyheter 2012","author":"M :)","date":"2012-01-03","format":false,"excerpt":"Jag har \u00e4ndrat tillbaka till en \"vanlig\" layout. Tr\u00f6ttnade p\u00e5 den juliga, f\u00f6r den kr\u00e5nglade. Och f\u00f6rresten \u00e4r det ju inte jul l\u00e4ngre, s\u00e5... Ett par nya flikar har tillkommit uppe i menyn; jag har\u00a0\u00e4ndrat fliken f\u00f6r l\u00e4sta b\u00f6cker, s\u00e5 att den har undermenyer f\u00f6r varje \u00e5r. Fliken\u00a0\"Sett\" fungerar precis\u2026","rel":"","context":"I \u201dVardagsliv\u201d","block_context":{"text":"Vardagsliv","link":"https:\/\/blogg.fumei.se\/?cat=47"},"img":{"alt_text":"","src":"","width":0,"height":0},"classes":[]},{"id":5646,"url":"https:\/\/blogg.fumei.se\/?p=5646","url_meta":{"origin":1878,"position":2},"title":"Julsammanfattning","author":"M :)","date":"2023-12-27","format":false,"excerpt":"S\u00e5 har julen kommit och g\u00e5tt, med uppesittarkv\u00e4ll hos Melina, julafton hos oss med b\u00e5de Robin och sv\u00e4rmor och juldagsfirande i Skara med familjen Gull. Och s\u00e5 ett obligatoriskt bes\u00f6k till minneslunden f\u00f6r att t\u00e4nda ljus f\u00f6r mamma och pappa. Det k\u00e4nns bra att de b\u00e5da valde minneslundar, d\u00e5 beh\u00f6ver\u2026","rel":"","context":"I \u201dFamiljen\u201d","block_context":{"text":"Familjen","link":"https:\/\/blogg.fumei.se\/?cat=34"},"img":{"alt_text":"","src":"https:\/\/i0.wp.com\/blogg.fumei.se\/wp-content\/uploads\/2024\/01\/1DEA2A84-2F45-46DE-AF84-A24DF86CA13A_1_105_c.jpeg?resize=350%2C200","width":350,"height":200,"srcset":"https:\/\/i0.wp.com\/blogg.fumei.se\/wp-content\/uploads\/2024\/01\/1DEA2A84-2F45-46DE-AF84-A24DF86CA13A_1_105_c.jpeg?resize=350%2C200 1x, https:\/\/i0.wp.com\/blogg.fumei.se\/wp-content\/uploads\/2024\/01\/1DEA2A84-2F45-46DE-AF84-A24DF86CA13A_1_105_c.jpeg?resize=525%2C300 1.5x"},"classes":[]},{"id":730,"url":"https:\/\/blogg.fumei.se\/?p=730","url_meta":{"origin":1878,"position":3},"title":"Setting the mood","author":"M :)","date":"2008-12-19","format":false,"excerpt":"Jag \u00e4r uppe och kanske tom lite vaken, trots att jag egentligen vill ligga kvar ett par timmar till i min sk\u00f6na varma s\u00e4ng. Bara ligga under t\u00e4cket och dra mig, l\u00e4sa lite och kanske sova en stund till. Ute \u00e4r det gr\u00e5tt, kallt och bl\u00f6tt. Allt som ens tydde\u2026","rel":"","context":"I \u201dVardagsliv\u201d","block_context":{"text":"Vardagsliv","link":"https:\/\/blogg.fumei.se\/?cat=47"},"img":{"alt_text":"","src":"","width":0,"height":0},"classes":[]},{"id":715,"url":"https:\/\/blogg.fumei.se\/?p=715","url_meta":{"origin":1878,"position":4},"title":"Snart \u00e4r glada julen slut, slut, slut&#8230;","author":"M :)","date":"2008-12-26","format":false,"excerpt":"...bara n\u00e5gra f\u00e5 timmar kvar av sj\u00e4lva julen. Men det g\u00f6r inget, jag brukar oftast vara tr\u00f6tt p\u00e5 julen redan innan den b\u00f6rjat. Mest f\u00f6r att det \u00e4r s\u00e5nt tjat och s\u00e5n hysteri kring allting som har med julen att g\u00f6ra, helst i flera m\u00e5nader i f\u00f6rv\u00e4g. Snart \u00e4r det\u2026","rel":"","context":"I \u201dVardagsliv\u201d","block_context":{"text":"Vardagsliv","link":"https:\/\/blogg.fumei.se\/?cat=47"},"img":{"alt_text":"","src":"","width":0,"height":0},"classes":[]},{"id":1889,"url":"https:\/\/blogg.fumei.se\/?p=1889","url_meta":{"origin":1878,"position":5},"title":"God Jul","author":"M :)","date":"2011-12-24","format":false,"excerpt":"Ska strax sova efter en ganska s\u00e5 intensiv och hektisk vecka, men vill \u00f6nska alla en riktigt god jul f\u00f6rst! N\u00e4sta vecka kommer en lite l\u00e4ngre uppdatering, f\u00f6r just nu orkar jag nog bara sl\u00e4pa mig till s\u00e4ngen...","rel":"","context":"I \u201dVardagsliv\u201d","block_context":{"text":"Vardagsliv","link":"https:\/\/blogg.fumei.se\/?cat=47"},"img":{"alt_text":"","src":"https:\/\/i0.wp.com\/blogg.fumei.se\/wp-content\/uploads\/2011\/12\/XmasCard2011.gif?resize=350%2C200","width":350,"height":200,"srcset":"https:\/\/i0.wp.com\/blogg.fumei.se\/wp-content\/uploads\/2011\/12\/XmasCard2011.gif?resize=350%2C200 1x, https:\/\/i0.wp.com\/blogg.fumei.se\/wp-content\/uploads\/2011\/12\/XmasCard2011.gif?resize=525%2C300 1.5x"},"classes":[]}],"_links":{"self":[{"href":"https:\/\/blogg.fumei.se\/index.php?rest_route=\/wp\/v2\/posts\/1878","targetHints":{"allow":["GET"]}}],"collection":[{"href":"https:\/\/blogg.fumei.se\/index.php?rest_route=\/wp\/v2\/posts"}],"about":[{"href":"https:\/\/blogg.fumei.se\/index.php?rest_route=\/wp\/v2\/types\/post"}],"author":[{"embeddable":true,"href":"https:\/\/blogg.fumei.se\/index.php?rest_route=\/wp\/v2\/users\/1"}],"replies":[{"embeddable":true,"href":"https:\/\/blogg.fumei.se\/index.php?rest_route=%2Fwp%2Fv2%2Fcomments&post=1878"}],"version-history":[{"count":1,"href":"https:\/\/blogg.fumei.se\/index.php?rest_route=\/wp\/v2\/posts\/1878\/revisions"}],"predecessor-version":[{"id":1879,"href":"https:\/\/blogg.fumei.se\/index.php?rest_route=\/wp\/v2\/posts\/1878\/revisions\/1879"}],"wp:attachment":[{"href":"https:\/\/blogg.fumei.se\/index.php?rest_route=%2Fwp%2Fv2%2Fmedia&parent=1878"}],"wp:term":[{"taxonomy":"category","embeddable":true,"href":"https:\/\/blogg.fumei.se\/index.php?rest_route=%2Fwp%2Fv2%2Fcategories&post=1878"},{"taxonomy":"post_tag","embeddable":true,"href":"https:\/\/blogg.fumei.se\/index.php?rest_route=%2Fwp%2Fv2%2Ftags&post=1878"}],"curies":[{"name":"wp","href":"https:\/\/api.w.org\/{rel}","templated":true}]}}