{"id":1889,"date":"2011-12-24T00:09:35","date_gmt":"2011-12-23T23:09:35","guid":{"rendered":"http:\/\/blogg.fumei.se\/?p=1889"},"modified":"2011-12-25T16:54:24","modified_gmt":"2011-12-25T15:54:24","slug":"god-jul-3","status":"publish","type":"post","link":"https:\/\/blogg.fumei.se\/?p=1889","title":{"rendered":"God Jul"},"content":{"rendered":"<p>Ska strax sova efter en ganska s\u00e5 intensiv och hektisk vecka, men vill \u00f6nska alla en riktigt god jul f\u00f6rst!<br \/>\nN\u00e4sta vecka kommer en lite l\u00e4ngre uppdatering, f\u00f6r just nu orkar jag nog bara sl\u00e4pa mig till s\u00e4ngen&#8230;<a href=\"https:\/\/blogg.fumei.se\/?attachment_id=1893\" rel=\"attachment wp-att-1893\"><img data-recalc-dims=\"1\" loading=\"lazy\" decoding=\"async\" data-attachment-id=\"1893\" data-permalink=\"https:\/\/blogg.fumei.se\/?attachment_id=1893\" data-orig-file=\"https:\/\/i0.wp.com\/blogg.fumei.se\/wp-content\/uploads\/2011\/12\/XmasCard2011.gif?fit=575%2C345&amp;ssl=1\" data-orig-size=\"575,345\" data-comments-opened=\"1\" data-image-meta=\"{&quot;aperture&quot;:&quot;0&quot;,&quot;credit&quot;:&quot;&quot;,&quot;camera&quot;:&quot;&quot;,&quot;caption&quot;:&quot;&quot;,&quot;created_timestamp&quot;:&quot;0&quot;,&quot;copyright&quot;:&quot;&quot;,&quot;focal_length&quot;:&quot;0&quot;,&quot;iso&quot;:&quot;0&quot;,&quot;shutter_speed&quot;:&quot;0&quot;,&quot;title&quot;:&quot;&quot;}\" data-image-title=\"XmasCard2011\" data-image-description=\"\" data-image-caption=\"\" data-large-file=\"https:\/\/i0.wp.com\/blogg.fumei.se\/wp-content\/uploads\/2011\/12\/XmasCard2011.gif?fit=575%2C345&amp;ssl=1\" class=\"aligncenter size-full wp-image-1893\" title=\"XmasCard2011\" src=\"https:\/\/i0.wp.com\/blogg.fumei.se\/wp-content\/uploads\/2011\/12\/XmasCard2011.gif?resize=575%2C345&#038;ssl=1\" alt=\"\" width=\"575\" height=\"345\" srcset=\"https:\/\/i0.wp.com\/blogg.fumei.se\/wp-content\/uploads\/2011\/12\/XmasCard2011.gif?w=575&amp;ssl=1 575w, https:\/\/i0.wp.com\/blogg.fumei.se\/wp-content\/uploads\/2011\/12\/XmasCard2011.gif?resize=300%2C180&amp;ssl=1 300w\" sizes=\"auto, (max-width: 575px) 100vw, 575px\" \/><\/a><\/p>\n","protected":false},"excerpt":{"rendered":"<p>Ska strax sova efter en ganska s\u00e5 intensiv och hektisk vecka, men vill \u00f6nska alla en riktigt god jul f\u00f6rst! N\u00e4sta vecka kommer en lite l\u00e4ngre uppdatering, f\u00f6r just nu orkar jag nog bara sl\u00e4pa mig till s\u00e4ngen&#8230;<\/p>\n","protected":false},"author":1,"featured_media":0,"comment_status":"open","ping_status":"open","sticky":false,"template":"","format":"standard","meta":{"jetpack_post_was_ever_published":false,"_jetpack_newsletter_access":"","_jetpack_dont_email_post_to_subs":false,"_jetpack_newsletter_tier_id":0,"_jetpack_memberships_contains_paywalled_content":false,"_jetpack_memberships_contains_paid_content":false,"footnotes":"","jetpack_publicize_message":"","jetpack_publicize_feature_enabled":true,"jetpack_social_post_already_shared":false,"jetpack_social_options":{"image_generator_settings":{"template":"highway","default_image_id":0,"font":"","enabled":false},"version":2}},"categories":[47],"tags":[88],"class_list":["post-1889","post","type-post","status-publish","format-standard","hentry","category-vardagsliv","tag-jul"],"jetpack_publicize_connections":[],"jetpack_featured_media_url":"","jetpack_shortlink":"https:\/\/wp.me\/p3qko4-ut","jetpack_sharing_enabled":true,"jetpack_likes_enabled":true,"jetpack-related-posts":[{"id":5228,"url":"https:\/\/blogg.fumei.se\/?p=5228","url_meta":{"origin":1889,"position":0},"title":"GOD JUL!","author":"M :)","date":"2018-12-23","format":false,"excerpt":"Nu \u00e5ker vi till \u00d6rebro och firar jul.","rel":"","context":"I \u201dFamiljen\u201d","block_context":{"text":"Familjen","link":"https:\/\/blogg.fumei.se\/?cat=34"},"img":{"alt_text":"","src":"https:\/\/i0.wp.com\/blogg.fumei.se\/wp-content\/uploads\/2023\/09\/BC6A6FEC-EDCE-4F88-996C-5295713AC79D_4_5005_c.jpeg?resize=350%2C200&ssl=1","width":350,"height":200,"srcset":"https:\/\/i0.wp.com\/blogg.fumei.se\/wp-content\/uploads\/2023\/09\/BC6A6FEC-EDCE-4F88-996C-5295713AC79D_4_5005_c.jpeg?resize=350%2C200&ssl=1 1x, https:\/\/i0.wp.com\/blogg.fumei.se\/wp-content\/uploads\/2023\/09\/BC6A6FEC-EDCE-4F88-996C-5295713AC79D_4_5005_c.jpeg?resize=525%2C300&ssl=1 1.5x"},"classes":[]},{"id":4920,"url":"https:\/\/blogg.fumei.se\/?p=4920","url_meta":{"origin":1889,"position":1},"title":"Juletid \u00e4r julefrid?","author":"M :)","date":"2017-12-24","format":false,"excerpt":"Julafton hos familjen Fumei. Paketberg, m\u00e4ngder av mat, julklappslek, ris \u00e1 la Malta , lite syskonbr\u00e5k, Kalle Anka p\u00e5 tv och de traditionsenligt framtvingade familjebilderna. Och s\u00e5 en ny tradtition- en tur till minneslunden f\u00f6r pappa. GOD JUL fr\u00e5n mig till er som l\u00e4ser det h\u00e4r! Julgran med julklappar Lovisa,\u2026","rel":"","context":"I \u201dFamiljen\u201d","block_context":{"text":"Familjen","link":"https:\/\/blogg.fumei.se\/?cat=34"},"img":{"alt_text":"","src":"https:\/\/i0.wp.com\/blogg.fumei.se\/wp-content\/uploads\/2022\/10\/0CA06A55-4DAE-4E91-AD90-C77BC541A103-scaled.jpeg?resize=350%2C200","width":350,"height":200,"srcset":"https:\/\/i0.wp.com\/blogg.fumei.se\/wp-content\/uploads\/2022\/10\/0CA06A55-4DAE-4E91-AD90-C77BC541A103-scaled.jpeg?resize=350%2C200 1x, https:\/\/i0.wp.com\/blogg.fumei.se\/wp-content\/uploads\/2022\/10\/0CA06A55-4DAE-4E91-AD90-C77BC541A103-scaled.jpeg?resize=525%2C300 1.5x, https:\/\/i0.wp.com\/blogg.fumei.se\/wp-content\/uploads\/2022\/10\/0CA06A55-4DAE-4E91-AD90-C77BC541A103-scaled.jpeg?resize=700%2C400 2x, https:\/\/i0.wp.com\/blogg.fumei.se\/wp-content\/uploads\/2022\/10\/0CA06A55-4DAE-4E91-AD90-C77BC541A103-scaled.jpeg?resize=1050%2C600 3x, https:\/\/i0.wp.com\/blogg.fumei.se\/wp-content\/uploads\/2022\/10\/0CA06A55-4DAE-4E91-AD90-C77BC541A103-scaled.jpeg?resize=1400%2C800 4x"},"classes":[]},{"id":114,"url":"https:\/\/blogg.fumei.se\/?p=114","url_meta":{"origin":1889,"position":2},"title":"Lite mindre av livets goda&#8230;","author":"M :)","date":"2011-01-17","format":false,"excerpt":"Sedan den 1 Januari 2011 \u00e4ter jag enligt LCHF-dieten, dvs jag \u00e4ter inga kolhydrater, utan bara proteiner och fett. Mitt m\u00e5l med detta \u00e4r att bli av med alla mina \"trivselkilon\" (varf\u00f6r, varf\u00f6r heter det s\u00e5?? Jag trivs ju inte alls med dem!!) och s\u00e5 sm\u00e5ningom komma tillbaka till min\u2026","rel":"","context":"I \u201dVardagsliv\u201d","block_context":{"text":"Vardagsliv","link":"https:\/\/blogg.fumei.se\/?cat=47"},"img":{"alt_text":"","src":"","width":0,"height":0},"classes":[]},{"id":1742,"url":"https:\/\/blogg.fumei.se\/?p=1742","url_meta":{"origin":1889,"position":3},"title":"Dan f\u00f6re dan, f\u00f6re dan, f\u00f6re&#8230;","author":"M :)","date":"2011-11-14","format":false,"excerpt":"Ja nu \u00e4r det knappt en och en halv m\u00e5nad kvar till julafton, det \u00e4r sv\u00e5rt att tro det, men almanackan ljuger ju s\u00e4llan (aldrig...). I \u00e5r \u00e4r det mitt lags tur att slippa jobba julen, och det \u00e4r min tur att ha barnen hemma p\u00e5 jul, det \u00e4r ju\u2026","rel":"","context":"I \u201dVardagsliv\u201d","block_context":{"text":"Vardagsliv","link":"https:\/\/blogg.fumei.se\/?cat=47"},"img":{"alt_text":"","src":"","width":0,"height":0},"classes":[]},{"id":146,"url":"https:\/\/blogg.fumei.se\/?p=146","url_meta":{"origin":1889,"position":4},"title":"God Jul","author":"M :)","date":"2010-12-24","format":false,"excerpt":"Till alla v\u00e4nner och sl\u00e4ktingar och till alla l\u00e4sare av den h\u00e4r bloggen! Njut av ledighet, god mat, v\u00e4rme och gemenskap!! \u00a0","rel":"","context":"I \u201dVardagsliv\u201d","block_context":{"text":"Vardagsliv","link":"https:\/\/blogg.fumei.se\/?cat=47"},"img":{"alt_text":"","src":"","width":0,"height":0},"classes":[]},{"id":1221,"url":"https:\/\/blogg.fumei.se\/?p=1221","url_meta":{"origin":1889,"position":5},"title":"Jul-lista","author":"M :)","date":"2009-12-10","format":false,"excerpt":"Det var l\u00e4ngesen, s\u00e5 nu blir det lista igen. Den h\u00e4r har jag l\u00e5nat ifr\u00e5n\u00a0LiveLoveLearn.\u00a0 H\u00f6gst upp p\u00e5 \u00f6nskelistan: Diskmaskin ligger bra till, men b\u00f6cker och pengar sl\u00e5r nog \u00e4ven en diskmaskin.Detta vill jag inte ha i jul: Vaser och sk\u00e5lar och prydnadssaker och annat som bara st\u00e5r i sk\u00e5pen\u2026","rel":"","context":"I \u201dVardagsliv\u201d","block_context":{"text":"Vardagsliv","link":"https:\/\/blogg.fumei.se\/?cat=47"},"img":{"alt_text":"","src":"","width":0,"height":0},"classes":[]}],"_links":{"self":[{"href":"https:\/\/blogg.fumei.se\/index.php?rest_route=\/wp\/v2\/posts\/1889","targetHints":{"allow":["GET"]}}],"collection":[{"href":"https:\/\/blogg.fumei.se\/index.php?rest_route=\/wp\/v2\/posts"}],"about":[{"href":"https:\/\/blogg.fumei.se\/index.php?rest_route=\/wp\/v2\/types\/post"}],"author":[{"embeddable":true,"href":"https:\/\/blogg.fumei.se\/index.php?rest_route=\/wp\/v2\/users\/1"}],"replies":[{"embeddable":true,"href":"https:\/\/blogg.fumei.se\/index.php?rest_route=%2Fwp%2Fv2%2Fcomments&post=1889"}],"version-history":[{"count":4,"href":"https:\/\/blogg.fumei.se\/index.php?rest_route=\/wp\/v2\/posts\/1889\/revisions"}],"predecessor-version":[{"id":1895,"href":"https:\/\/blogg.fumei.se\/index.php?rest_route=\/wp\/v2\/posts\/1889\/revisions\/1895"}],"wp:attachment":[{"href":"https:\/\/blogg.fumei.se\/index.php?rest_route=%2Fwp%2Fv2%2Fmedia&parent=1889"}],"wp:term":[{"taxonomy":"category","embeddable":true,"href":"https:\/\/blogg.fumei.se\/index.php?rest_route=%2Fwp%2Fv2%2Fcategories&post=1889"},{"taxonomy":"post_tag","embeddable":true,"href":"https:\/\/blogg.fumei.se\/index.php?rest_route=%2Fwp%2Fv2%2Ftags&post=1889"}],"curies":[{"name":"wp","href":"https:\/\/api.w.org\/{rel}","templated":true}]}}