{"id":1915,"date":"2011-12-26T12:02:56","date_gmt":"2011-12-26T11:02:56","guid":{"rendered":"http:\/\/blogg.fumei.se\/?p=1915"},"modified":"2011-12-26T12:02:56","modified_gmt":"2011-12-26T11:02:56","slug":"dagens-anstrangning-1","status":"publish","type":"post","link":"https:\/\/blogg.fumei.se\/?p=1915","title":{"rendered":"Dagens anstr\u00e4ngning 1"},"content":{"rendered":"<p>Inte s\u00e5 anstr\u00e4ngande \u00e4nd\u00e5. Scrappade ihop ett litet tack-kort till lilla moster, som inte kunde vara hos oss i jul eftersom hon befinner sig p\u00e5 HIA p\u00e5 KSS. Men hon hade l\u00e4mnat julklappar \u00e5t oss, och eftersom vi \u00e4r b\u00e5de sn\u00e4lla och v\u00e4luppfostrade, s\u00e5 tackar vi sn\u00e4llt, och eftersom jag tycker det \u00e4r kul att scrappa, s\u00e5 pysslade jag ihop detta lilla kort idag p\u00e5 f\u00f6rmiddagen:<\/p>\n<p><a href=\"https:\/\/blogg.fumei.se\/?attachment_id=1916\" rel=\"attachment wp-att-1916\"><img data-recalc-dims=\"1\" loading=\"lazy\" decoding=\"async\" data-attachment-id=\"1916\" data-permalink=\"https:\/\/blogg.fumei.se\/?attachment_id=1916\" data-orig-file=\"https:\/\/i0.wp.com\/blogg.fumei.se\/wp-content\/uploads\/2011\/12\/2011-12-26-11.26.24.jpg?fit=1280%2C960&amp;ssl=1\" data-orig-size=\"1280,960\" data-comments-opened=\"1\" data-image-meta=\"{&quot;aperture&quot;:&quot;2.7&quot;,&quot;credit&quot;:&quot;&quot;,&quot;camera&quot;:&quot;GT-I5500&quot;,&quot;caption&quot;:&quot;&quot;,&quot;created_timestamp&quot;:&quot;1324898783&quot;,&quot;copyright&quot;:&quot;&quot;,&quot;focal_length&quot;:&quot;2.73&quot;,&quot;iso&quot;:&quot;800&quot;,&quot;shutter_speed&quot;:&quot;0.125&quot;,&quot;title&quot;:&quot;&quot;}\" data-image-title=\"2011-12-26 11.26.24\" data-image-description=\"\" data-image-caption=\"\" data-large-file=\"https:\/\/i0.wp.com\/blogg.fumei.se\/wp-content\/uploads\/2011\/12\/2011-12-26-11.26.24.jpg?fit=640%2C480&amp;ssl=1\" class=\"aligncenter size-medium wp-image-1916\" title=\"2011-12-26 11.26.24\" src=\"https:\/\/i0.wp.com\/blogg.fumei.se\/wp-content\/uploads\/2011\/12\/2011-12-26-11.26.24.jpg?resize=300%2C225&#038;ssl=1\" alt=\"\" width=\"300\" height=\"225\" srcset=\"https:\/\/i0.wp.com\/blogg.fumei.se\/wp-content\/uploads\/2011\/12\/2011-12-26-11.26.24.jpg?resize=300%2C225&amp;ssl=1 300w, https:\/\/i0.wp.com\/blogg.fumei.se\/wp-content\/uploads\/2011\/12\/2011-12-26-11.26.24.jpg?resize=650%2C487&amp;ssl=1 650w, https:\/\/i0.wp.com\/blogg.fumei.se\/wp-content\/uploads\/2011\/12\/2011-12-26-11.26.24.jpg?w=1280&amp;ssl=1 1280w\" sizes=\"auto, (max-width: 300px) 100vw, 300px\" \/><\/a><\/p>\n<div><em>Dubbelvikt A5-ark i styv papp, ett spetsband, ett m\u00f6nstrat band, bokst\u00e4ver i kartong (fr\u00e5n Panduro) som &#8221;svampats&#8221; med vattenf\u00e4rg. F\u00f6r att f\u00e4sta banden anv\u00e4nde jag dubbelh\u00e4ftande tejp, och till bokst\u00e4verna tog jag sm\u00e5 f\u00e4st-kuddar. Band\u00e4ndarna g\u00f6mde jag p\u00e5 insidan av kortet genom att klistra f\u00f6r ett kort i samma f\u00e4rg och material som mitt kort.<\/em><\/div>\n<div>\u00a0<\/div>\n","protected":false},"excerpt":{"rendered":"<p>Inte s\u00e5 anstr\u00e4ngande \u00e4nd\u00e5. Scrappade ihop ett litet tack-kort till lilla moster, som inte kunde vara hos oss i jul eftersom hon befinner sig p\u00e5 HIA p\u00e5 KSS. Men hon hade l\u00e4mnat julklappar \u00e5t oss, och eftersom vi \u00e4r b\u00e5de sn\u00e4lla och v\u00e4luppfostrade, s\u00e5 tackar vi sn\u00e4llt, och eftersom jag tycker det \u00e4r kul att&#8230;<\/p>\n","protected":false},"author":1,"featured_media":0,"comment_status":"open","ping_status":"open","sticky":false,"template":"","format":"standard","meta":{"jetpack_post_was_ever_published":false,"_jetpack_newsletter_access":"","_jetpack_dont_email_post_to_subs":false,"_jetpack_newsletter_tier_id":0,"_jetpack_memberships_contains_paywalled_content":false,"_jetpack_memberships_contains_paid_content":false,"footnotes":"","jetpack_publicize_message":"","jetpack_publicize_feature_enabled":true,"jetpack_social_post_already_shared":false,"jetpack_social_options":{"image_generator_settings":{"template":"highway","default_image_id":0,"font":"","enabled":false},"version":2}},"categories":[34,32],"tags":[89,118,117],"class_list":["post-1915","post","type-post","status-publish","format-standard","hentry","category-familjen","category-pyssel-diy-och-knepknap","tag-julklappar","tag-moster","tag-scrap"],"jetpack_publicize_connections":[],"jetpack_featured_media_url":"","jetpack_shortlink":"https:\/\/wp.me\/p3qko4-uT","jetpack_sharing_enabled":true,"jetpack_likes_enabled":true,"jetpack-related-posts":[{"id":145,"url":"https:\/\/blogg.fumei.se\/?p=145","url_meta":{"origin":1915,"position":0},"title":"Jul, jul, str\u00e5lande jul&#8230;","author":"M :)","date":"2010-12-27","format":false,"excerpt":"Julen har b\u00e5de kommit och g\u00e5tt, och jag har varit urd\u00e5lig p\u00e5 att blogga den senaste tiden, s\u00e5 nu blir det ett s\u00e5nt d\u00e4r komprimerande inl\u00e4gg igen.Jag har som vanligt jobbat en massa, och knappt gjort n\u00e5got annat. N\u00e5got s\u00e4rskilt julpyntande eller fixande har jag inte beh\u00f6vt \u00e4gna mig \u00e5t,\u2026","rel":"","context":"I \u201dVardagsliv\u201d","block_context":{"text":"Vardagsliv","link":"https:\/\/blogg.fumei.se\/?cat=47"},"img":{"alt_text":"","src":"","width":0,"height":0},"classes":[]},{"id":3714,"url":"https:\/\/blogg.fumei.se\/?p=3714","url_meta":{"origin":1915,"position":1},"title":"DIY: IKEA Billy makeover","author":"M :)","date":"2015-09-30","format":false,"excerpt":"Jag hade ett par bokhyllor som t\u00e4ckte n\u00e4stan hela ena v\u00e4ggen i vardagsrummet, stora och m\u00f6rkbruna och dammsamlande saker som jag egentligen inte gillade. S\u00e5 jag modifierade dem lite. Eller i alla fall den ena. F\u00f6rst tog jag ur alla l\u00f6sa hyllor, sen m\u00e4tte jag bredd och djup och h\u00f6jd\u2026","rel":"","context":"I \u201dHemmet\u201d","block_context":{"text":"Hemmet","link":"https:\/\/blogg.fumei.se\/?cat=31"},"img":{"alt_text":"2014-08-04 14.34.21","src":"https:\/\/i0.wp.com\/blogg.fumei.se\/wp-content\/uploads\/2015\/09\/2014-08-04-14.34.21-200x300.jpg?resize=350%2C200","width":350,"height":200},"classes":[]},{"id":1138,"url":"https:\/\/blogg.fumei.se\/?p=1138","url_meta":{"origin":1915,"position":2},"title":"Bleurgh-morgon","author":"M :)","date":"2009-09-01","format":false,"excerpt":"J\u00e4ttekul morgon. Verkligen. Det b\u00f6rjade redan ig\u00e5r kv\u00e4ll. Fia hittar inte sitt tillf\u00e4lliga resepass till skolan, s\u00e5 ig\u00e5r hade hon f\u00e5tt l\u00e5na ett fritidskort av en kompis. Idag g\u00e4ller inte f-kort dygnet runt l\u00e4ngre, s\u00e5 nu m\u00e5ste hon ha skolkort. Hon f\u00f6rs\u00f6kte f\u00e5 lift med en klasskompis som har k\u00f6rkort,\u2026","rel":"","context":"I \u201dVardagsliv\u201d","block_context":{"text":"Vardagsliv","link":"https:\/\/blogg.fumei.se\/?cat=47"},"img":{"alt_text":"","src":"","width":0,"height":0},"classes":[]},{"id":3855,"url":"https:\/\/blogg.fumei.se\/?p=3855","url_meta":{"origin":1915,"position":3},"title":"Br\u00f6llop bak och fram","author":"M :)","date":"2016-04-09","format":false,"excerpt":"P\u00e5skhelgen bj\u00f6d p\u00e5 br\u00f6llop, n\u00e4rmare best\u00e4mt dotterns! Det var m\u00e5nga som blev f\u00f6rv\u00e5nade n\u00e4r de meddelade omv\u00e4rlden och n\u00e4r de \u00e4ndrade sin status p\u00e5 Facebook, f\u00f6r det skulle liksom vara lite hemligt. Men vi som visste h\u00f6ll tyst, fast det var sv\u00e5rt ibland! Dock blev det lite bakv\u00e4nt, eftersom de\u2026","rel":"","context":"I \u201dFamiljen\u201d","block_context":{"text":"Familjen","link":"https:\/\/blogg.fumei.se\/?cat=34"},"img":{"alt_text":"","src":"https:\/\/i0.wp.com\/blogg.fumei.se\/wp-content\/uploads\/2016\/04\/DSC_0967.jpg?resize=350%2C200","width":350,"height":200,"srcset":"https:\/\/i0.wp.com\/blogg.fumei.se\/wp-content\/uploads\/2016\/04\/DSC_0967.jpg?resize=350%2C200 1x, https:\/\/i0.wp.com\/blogg.fumei.se\/wp-content\/uploads\/2016\/04\/DSC_0967.jpg?resize=525%2C300 1.5x, https:\/\/i0.wp.com\/blogg.fumei.se\/wp-content\/uploads\/2016\/04\/DSC_0967.jpg?resize=700%2C400 2x, https:\/\/i0.wp.com\/blogg.fumei.se\/wp-content\/uploads\/2016\/04\/DSC_0967.jpg?resize=1050%2C600 3x, https:\/\/i0.wp.com\/blogg.fumei.se\/wp-content\/uploads\/2016\/04\/DSC_0967.jpg?resize=1400%2C800 4x"},"classes":[]},{"id":718,"url":"https:\/\/blogg.fumei.se\/?p=718","url_meta":{"origin":1915,"position":4},"title":"Av n\u00e5n underlig j\u00e4kla anledning","author":"M :)","date":"2008-12-23","format":false,"excerpt":"s\u00e5 fungerar inte kommentarfunktionen p\u00e5 min blogg l\u00e4ngre! N\u00e4r man klickar p\u00e5 l\u00e4nken s\u00e5 kommer man till en annan sida, med dels alla inl\u00e4gg, dels en massa konstiga tecken utan n\u00e5n betydelse. Jag ger det ett par dagar till, men \u00e4r det inte ok efter julhelgen, s\u00e5 anm\u00e4ler jag det\u2026","rel":"","context":"I \u201dVardagsliv\u201d","block_context":{"text":"Vardagsliv","link":"https:\/\/blogg.fumei.se\/?cat=47"},"img":{"alt_text":"","src":"","width":0,"height":0},"classes":[]},{"id":2364,"url":"https:\/\/blogg.fumei.se\/?p=2364","url_meta":{"origin":1915,"position":5},"title":"En svensk klassiker","author":"M :)","date":"2012-05-14","format":false,"excerpt":"Nix nej jag ska inte varken cykla, simma eller springa. Det handlar om radioklassiker. N\u00e4rmare best\u00e4mt Svensktoppen. Ett program som jag, och m\u00e5nga med mig, v\u00e4xte upp med p\u00e5 radion vid frukostbordet p\u00e5 s\u00f6ndagarna. H\u00e4romdagen damp detta kort ner i brevl\u00e5dan: och eftersom det \u00e4r lite nostalgivarning p\u00e5 den, och\u2026","rel":"","context":"I \u201dVardagsliv\u201d","block_context":{"text":"Vardagsliv","link":"https:\/\/blogg.fumei.se\/?cat=47"},"img":{"alt_text":"","src":"","width":0,"height":0},"classes":[]}],"_links":{"self":[{"href":"https:\/\/blogg.fumei.se\/index.php?rest_route=\/wp\/v2\/posts\/1915","targetHints":{"allow":["GET"]}}],"collection":[{"href":"https:\/\/blogg.fumei.se\/index.php?rest_route=\/wp\/v2\/posts"}],"about":[{"href":"https:\/\/blogg.fumei.se\/index.php?rest_route=\/wp\/v2\/types\/post"}],"author":[{"embeddable":true,"href":"https:\/\/blogg.fumei.se\/index.php?rest_route=\/wp\/v2\/users\/1"}],"replies":[{"embeddable":true,"href":"https:\/\/blogg.fumei.se\/index.php?rest_route=%2Fwp%2Fv2%2Fcomments&post=1915"}],"version-history":[{"count":2,"href":"https:\/\/blogg.fumei.se\/index.php?rest_route=\/wp\/v2\/posts\/1915\/revisions"}],"predecessor-version":[{"id":1918,"href":"https:\/\/blogg.fumei.se\/index.php?rest_route=\/wp\/v2\/posts\/1915\/revisions\/1918"}],"wp:attachment":[{"href":"https:\/\/blogg.fumei.se\/index.php?rest_route=%2Fwp%2Fv2%2Fmedia&parent=1915"}],"wp:term":[{"taxonomy":"category","embeddable":true,"href":"https:\/\/blogg.fumei.se\/index.php?rest_route=%2Fwp%2Fv2%2Fcategories&post=1915"},{"taxonomy":"post_tag","embeddable":true,"href":"https:\/\/blogg.fumei.se\/index.php?rest_route=%2Fwp%2Fv2%2Ftags&post=1915"}],"curies":[{"name":"wp","href":"https:\/\/api.w.org\/{rel}","templated":true}]}}