{"id":1946,"date":"2011-12-31T12:32:14","date_gmt":"2011-12-31T11:32:14","guid":{"rendered":"http:\/\/blogg.fumei.se\/?p=1946"},"modified":"2011-12-31T12:32:14","modified_gmt":"2011-12-31T11:32:14","slug":"gott-nytt-ar-2","status":"publish","type":"post","link":"https:\/\/blogg.fumei.se\/?p=1946","title":{"rendered":"Gott nytt \u00e5r!"},"content":{"rendered":"<p><img data-recalc-dims=\"1\" decoding=\"async\" title=\"hny2012.jpg\" class=\"alignnone\" alt=\"image\" src=\"https:\/\/i0.wp.com\/blogg.fumei.se\/wp-content\/uploads\/2011\/12\/wpid-hny2012.jpg?w=640&#038;ssl=1\" \/><\/p>\n<p>M\u00e5nga bloggare k\u00f6r just nu n\u00e5gon slags \u00e5rskr\u00f6nika. Pga tids- och orkesbrist kommer min inte f\u00f6rr\u00e4n n\u00e4sta \u00e4r.<\/p>\n<p>Jag \u00f6nskar alla mina v\u00e4nner, bekanta och eventuella \u00f6vriga l\u00e4sare ett riktigt gott nytt \u00e5r!<br \/>\nV\u00e4l m\u00f6tt igen i 2012!<\/p>\n<p><span class=\"post_sig\">Posted from WordPress for Android<\/span><\/p>\n","protected":false},"excerpt":{"rendered":"<p>M\u00e5nga bloggare k\u00f6r just nu n\u00e5gon slags \u00e5rskr\u00f6nika. Pga tids- och orkesbrist kommer min inte f\u00f6rr\u00e4n n\u00e4sta \u00e4r. Jag \u00f6nskar alla mina v\u00e4nner, bekanta och eventuella \u00f6vriga l\u00e4sare ett riktigt gott nytt \u00e5r! V\u00e4l m\u00f6tt igen i 2012! Posted from WordPress for Android<\/p>\n","protected":false},"author":1,"featured_media":0,"comment_status":"open","ping_status":"open","sticky":false,"template":"","format":"standard","meta":{"jetpack_post_was_ever_published":false,"_jetpack_newsletter_access":"","_jetpack_dont_email_post_to_subs":false,"_jetpack_newsletter_tier_id":0,"_jetpack_memberships_contains_paywalled_content":false,"_jetpack_memberships_contains_paid_content":false,"footnotes":"","jetpack_publicize_message":"","jetpack_publicize_feature_enabled":true,"jetpack_social_post_already_shared":false,"jetpack_social_options":{"image_generator_settings":{"template":"highway","default_image_id":0,"font":"","enabled":false},"version":2}},"categories":[47],"tags":[123,122],"class_list":["post-1946","post","type-post","status-publish","format-standard","hentry","category-vardagsliv","tag-helger","tag-nyar"],"jetpack_publicize_connections":[],"jetpack_featured_media_url":"","jetpack_shortlink":"https:\/\/wp.me\/p3qko4-vo","jetpack_sharing_enabled":true,"jetpack_likes_enabled":true,"jetpack-related-posts":[{"id":5627,"url":"https:\/\/blogg.fumei.se\/?p=5627","url_meta":{"origin":1946,"position":0},"title":"Ny\u00e5rsafton 2023","author":"M :)","date":"2024-01-01","format":false,"excerpt":"Det blev en trevlig kv\u00e4ll tillsammans med goda v\u00e4nner i \u00d6rebro. Vi lagade mat tillsammans, och s\u00e5 lekte vi lite lekar, men mest pratades och skrattades det.Hur firade du? Gott nytt \u00e5r, och god forts\u00e4ttning!","rel":"","context":"I \u201dVardagsliv\u201d","block_context":{"text":"Vardagsliv","link":"https:\/\/blogg.fumei.se\/?cat=47"},"img":{"alt_text":"","src":"https:\/\/i0.wp.com\/blogg.fumei.se\/wp-content\/uploads\/2024\/01\/57926DF7-C0F7-4C93-B5D2-4E1E5B06202B_1_105_c.jpeg?resize=350%2C200","width":350,"height":200,"srcset":"https:\/\/i0.wp.com\/blogg.fumei.se\/wp-content\/uploads\/2024\/01\/57926DF7-C0F7-4C93-B5D2-4E1E5B06202B_1_105_c.jpeg?resize=350%2C200 1x, https:\/\/i0.wp.com\/blogg.fumei.se\/wp-content\/uploads\/2024\/01\/57926DF7-C0F7-4C93-B5D2-4E1E5B06202B_1_105_c.jpeg?resize=525%2C300 1.5x, https:\/\/i0.wp.com\/blogg.fumei.se\/wp-content\/uploads\/2024\/01\/57926DF7-C0F7-4C93-B5D2-4E1E5B06202B_1_105_c.jpeg?resize=700%2C400 2x"},"classes":[]},{"id":321,"url":"https:\/\/blogg.fumei.se\/?p=321","url_meta":{"origin":1946,"position":1},"title":"Tjej&#038;Killsnack vecka 52, 2009","author":"EmEff","date":"2009-12-27","format":false,"excerpt":"Vill du ocks\u00e5 vara med? Du hittar Tjejsnack h\u00e4r. Decemberslut 1. Vad fick du i julklapp?Jag fick nytt duschaggregat, ett halsband och ett armband och \"Den f\u00f6rlorade Symbolen\" av Dan Brown.2. Vem firade du julafton med?Mina barn och mina f\u00f6r\u00e4ldrar.3. Vad var det b\u00e4sta med julen i \u00e5r?Att jag inte\u2026","rel":"","context":"I \u201dVardagsliv\u201d","block_context":{"text":"Vardagsliv","link":"https:\/\/blogg.fumei.se\/?cat=47"},"img":{"alt_text":"","src":"","width":0,"height":0},"classes":[]},{"id":1174,"url":"https:\/\/blogg.fumei.se\/?p=1174","url_meta":{"origin":1946,"position":2},"title":"Sjuk eller n\u00e5t","author":"M :)","date":"2009-10-06","format":false,"excerpt":"Jag har feber. Igen. Jag hade ju feber och hosta n\u00e4r jag kom hem fr\u00e5n utflykten till Finland, sen hade jag feber i\u00a0tv\u00e5 dagar f\u00f6rra helgen, och nu har jag det igen. Det b\u00f6rjade ig\u00e5r kv\u00e4ll, s\u00e5 jag sov inte s\u00e4rskilt mycket inatt pga att jag fr\u00f6s och var s\u00e5\u2026","rel":"","context":"I \u201dVardagsliv\u201d","block_context":{"text":"Vardagsliv","link":"https:\/\/blogg.fumei.se\/?cat=47"},"img":{"alt_text":"","src":"","width":0,"height":0},"classes":[]},{"id":695,"url":"https:\/\/blogg.fumei.se\/?p=695","url_meta":{"origin":1946,"position":3},"title":"Ett nytt blad i historieboken","author":"M :)","date":"2008-11-05","format":false,"excerpt":"Jo men visst m\u00e5ste man v\u00e4l b\u00f6rja p\u00e5 en ny fin sida om man ska b\u00f6rja ber\u00e4tta om hur USA fick sin f\u00f6rsta icke-vita president?! I \"the land of the free\" och alla dr\u00f6mmars och m\u00f6jligheters land, d\u00e4r har det inte alltid varit s\u00e5, och synar man ordentligt s\u00e5 inte\u2026","rel":"","context":"I \u201dVardagsliv\u201d","block_context":{"text":"Vardagsliv","link":"https:\/\/blogg.fumei.se\/?cat=47"},"img":{"alt_text":"","src":"","width":0,"height":0},"classes":[]},{"id":5751,"url":"https:\/\/blogg.fumei.se\/?p=5751","url_meta":{"origin":1946,"position":4},"title":"Tack och hej!","author":"M :)","date":"2022-05-12","format":false,"excerpt":"Ig\u00e5r och idag har jag blivit avtackad och omkramad av fina kollegor och arbetskamrater p\u00e5 Familjecentralen och barnmorskemottagningen i Bergsj\u00f6n. Jag fick ett fint halsband, lite gott att dricka och en j\u00e4ttefin hortensia som ska f\u00e5 bo i en fin kruka p\u00e5 uteplatsen.Sen t\u00f6mde jag sk\u00e5pet f\u00f6r sista g\u00e5ngen och\u2026","rel":"","context":"I \u201dJobb\u201d","block_context":{"text":"Jobb","link":"https:\/\/blogg.fumei.se\/?cat=494"},"img":{"alt_text":"","src":"https:\/\/i0.wp.com\/blogg.fumei.se\/wp-content\/uploads\/2024\/02\/IMG_0254.jpeg?resize=350%2C200","width":350,"height":200},"classes":[]},{"id":2888,"url":"https:\/\/blogg.fumei.se\/?p=2888","url_meta":{"origin":1946,"position":5},"title":"Nytt \u00e5r &#8211; nya tag","author":"M :)","date":"2013-01-07","format":false,"excerpt":"Hej 2013. \u00c4n s\u00e5 l\u00e4nge har du inte bjudit p\u00e5 n\u00e5gra spektakul\u00e4ra eller minnesv\u00e4rda h\u00e4ndelser, om man inte r\u00e4knar med ink\u00f6pet av tv\u00e4ttmaskinen, f\u00f6rst\u00e5s. Samma tv\u00e4ttmaskin som envisas med att studsa runt i badrummet n\u00e4r den centrifugerar. S\u00e5 den st\u00e5r oanv\u00e4nd tills n\u00e5gon nisse har kollat p\u00e5 den. Men jag\u00a0har\u00a0i\u2026","rel":"","context":"I \u201dVardagsliv\u201d","block_context":{"text":"Vardagsliv","link":"https:\/\/blogg.fumei.se\/?cat=47"},"img":{"alt_text":"","src":"","width":0,"height":0},"classes":[]}],"_links":{"self":[{"href":"https:\/\/blogg.fumei.se\/index.php?rest_route=\/wp\/v2\/posts\/1946","targetHints":{"allow":["GET"]}}],"collection":[{"href":"https:\/\/blogg.fumei.se\/index.php?rest_route=\/wp\/v2\/posts"}],"about":[{"href":"https:\/\/blogg.fumei.se\/index.php?rest_route=\/wp\/v2\/types\/post"}],"author":[{"embeddable":true,"href":"https:\/\/blogg.fumei.se\/index.php?rest_route=\/wp\/v2\/users\/1"}],"replies":[{"embeddable":true,"href":"https:\/\/blogg.fumei.se\/index.php?rest_route=%2Fwp%2Fv2%2Fcomments&post=1946"}],"version-history":[{"count":1,"href":"https:\/\/blogg.fumei.se\/index.php?rest_route=\/wp\/v2\/posts\/1946\/revisions"}],"predecessor-version":[{"id":1947,"href":"https:\/\/blogg.fumei.se\/index.php?rest_route=\/wp\/v2\/posts\/1946\/revisions\/1947"}],"wp:attachment":[{"href":"https:\/\/blogg.fumei.se\/index.php?rest_route=%2Fwp%2Fv2%2Fmedia&parent=1946"}],"wp:term":[{"taxonomy":"category","embeddable":true,"href":"https:\/\/blogg.fumei.se\/index.php?rest_route=%2Fwp%2Fv2%2Fcategories&post=1946"},{"taxonomy":"post_tag","embeddable":true,"href":"https:\/\/blogg.fumei.se\/index.php?rest_route=%2Fwp%2Fv2%2Ftags&post=1946"}],"curies":[{"name":"wp","href":"https:\/\/api.w.org\/{rel}","templated":true}]}}