{"id":1948,"date":"2012-01-02T20:44:03","date_gmt":"2012-01-02T19:44:03","guid":{"rendered":"http:\/\/blogg.fumei.se\/?p=1948"},"modified":"2012-01-02T20:44:03","modified_gmt":"2012-01-02T19:44:03","slug":"bokrecension-den-som-graver-en-grav","status":"publish","type":"post","link":"https:\/\/blogg.fumei.se\/?p=1948","title":{"rendered":"Bokrecension &#8211; Den som gr\u00e4ver en grav"},"content":{"rendered":"<p id=\"bookTitle\"><a href=\"http:\/\/www.adlibris.com\/se\/product.aspx?isbn=9173510874&amp;gclid=CNf-x9rBsK0CFY1YmAodbnTxkw\" target=\"_blank\">Den som gr\u00e4ver en grav<\/a> av Yrsa Sigur\u00f0ard\u00f3ttir<\/p>\n<p>I <a href=\"https:\/\/blogg.fumei.se\/?p=1606\" target=\"_blank\">Nordiska l\u00e4sutmaningen<\/a> i December hade jag egentligen best\u00e4mt mig f\u00f6r att l\u00e4sa en Arnaldur Indri\u00f0ason, men ingen av hans b\u00f6cker som jag inte l\u00e4st, fanns inne p\u00e5 bibblan, s\u00e5 det fick bli en annan isl\u00e4nning.<br \/>\n&#8221;Den som gr\u00e4ver&#8230;&#8221;\u00a0 \u00e4r Yrsa Sigur\u00f0ard\u00f3ttirs andra bok om advokaten \u00de\u00f3ra Gu\u00f0munsd\u00f3ttir, men den f\u00f6rsta jag l\u00e4ser av henne. Tyv\u00e4rr \u00e4r det nog den sista ocks\u00e5 (men man ska ju aldrig s\u00e4ga aldrig).<\/p>\n<p>I &#8221;Den som gr\u00e4ver&#8230;&#8221; blir\u00a0\u00a0\u00de\u00f3ra <del>anlitad <\/del>ombedd av\u00a0en av sina\u00a0klienter att f\u00f6rs\u00f6ka f\u00f6rhandla om priset p\u00e5 en g\u00e5rd han k\u00f6pt, med anledning av att det sp\u00f6kar d\u00e4r.\u00a0\u00a0\u00de\u00f3ra som inte \u00e4r ett dugg vidskeplig, \u00e5ker ut till g\u00e5rden (som klienten gjort om till ett slags New Age-spa) f\u00f6r att se sp\u00f6kerierna med egna \u00f6gon. Eller, som hon menar, visa att det inte finns n\u00e5gra sp\u00f6ken.<br \/>\nKnappt hinner hon checka in f\u00f6rr\u00e4n den arkitekt som \u00e4garen anlitat f\u00f6r att bygga ut och om g\u00e5rden, hittas brutalt v\u00e5ldtagen och m\u00f6rdad p\u00e5 stranden. Och h\u00e4r kommer klyschan:\u00a0\u00a0\u00de\u00f3ra b\u00f6rjar sj\u00e4lv unders\u00f6ka och utreda fallet.<\/p>\n<p>Jag tyckte att bokens inledning var s\u00e5d\u00e4r lagom mystisk och lite skr\u00e4mmande, med\u00a0en h\u00e4ndelse\u00a0med\u00a0ett barn som blir inst\u00e4ngt, men sen blev det sakta men s\u00e4kert s\u00e4mre. Det fanns tom stycken som jag inte bara skummade igenom, bara f\u00f6r att komma vidare.<br \/>\nSj\u00e4lva handlingen och platserna var inte det som var det trista, utan spr\u00e5ket, eller r\u00e4ttare sagt s\u00e4ttet den var skriven p\u00e5. Antingen har det blivit konstigt i \u00f6vers\u00e4ttningen, eller s\u00e5 \u00e4r det bara jag, men jag k\u00e4nde bara att jag ville att den skulle ta slut.<br \/>\nFast samtidigt \u00e4r jag ju j\u00e4***gt principfast vad g\u00e4ller b\u00f6cker, och l\u00e4ser ut hela bara f\u00f6r att f\u00e5 veta &#8221;om betj\u00e4nten gjorde det&#8221;, hellre \u00e4n att bl\u00e4ddra till slutet och sen l\u00e4gga bort den.<\/p>\n<p>Mitt betyg blir tv\u00e5 bokst\u00f6d.\u00a0 Men som tur \u00e4r, s\u00e5 \u00e4r smaken som baken. Delad. Vill du ha fler tips p\u00e5 isl\u00e4nningar som skriver kan du kika <a href=\"http:\/\/dantesbibliotek.se\/2012\/01\/02\/sammanfattning-nordisk-lasutmaning-island-del-1\/\" target=\"_blank\">h\u00e4r<\/a>.<br \/>\nNu ska jag jaga r\u00e4tt p\u00e5 en f\u00e4r\u00f6isk (??) bok. Wish me luck.<\/p>\n","protected":false},"excerpt":{"rendered":"<p>Den som gr\u00e4ver en grav av Yrsa Sigur\u00f0ard\u00f3ttir I Nordiska l\u00e4sutmaningen i December hade jag egentligen best\u00e4mt mig f\u00f6r att l\u00e4sa en Arnaldur Indri\u00f0ason, men ingen av hans b\u00f6cker som jag inte l\u00e4st, fanns inne p\u00e5 bibblan, s\u00e5 det fick bli en annan isl\u00e4nning. &#8221;Den som gr\u00e4ver&#8230;&#8221;\u00a0 \u00e4r Yrsa Sigur\u00f0ard\u00f3ttirs andra bok om advokaten \u00de\u00f3ra&#8230;<\/p>\n","protected":false},"author":1,"featured_media":0,"comment_status":"open","ping_status":"open","sticky":false,"template":"","format":"standard","meta":{"jetpack_post_was_ever_published":false,"_jetpack_newsletter_access":"","_jetpack_dont_email_post_to_subs":false,"_jetpack_newsletter_tier_id":0,"_jetpack_memberships_contains_paywalled_content":false,"_jetpack_memberships_contains_paid_content":false,"footnotes":"","jetpack_publicize_message":"","jetpack_publicize_feature_enabled":true,"jetpack_social_post_already_shared":false,"jetpack_social_options":{"image_generator_settings":{"template":"highway","default_image_id":0,"font":"","enabled":false},"version":2}},"categories":[29,47],"tags":[45,85,37],"class_list":["post-1948","post","type-post","status-publish","format-standard","hentry","category-bocker-och-lasning","category-vardagsliv","tag-bocker","tag-nordisk-lasutmaning","tag-recension"],"jetpack_publicize_connections":[],"jetpack_featured_media_url":"","jetpack_shortlink":"https:\/\/wp.me\/p3qko4-vq","jetpack_sharing_enabled":true,"jetpack_likes_enabled":true,"jetpack-related-posts":[{"id":1606,"url":"https:\/\/blogg.fumei.se\/?p=1606","url_meta":{"origin":1948,"position":0},"title":"L\u00e4sutmaning","author":"M :)","date":"2011-10-15","format":false,"excerpt":"Kerstin skriver om en l\u00e4sutmaning som Therese p\u00e5 Dantes Bibliotek har dragit ig\u00e5ng; en nordisk l\u00e4sutmaning. Klart jag h\u00e4nger p\u00e5! Sj\u00e4lva utmaningen best\u00e5r naturligtvis inte i att l\u00e4sa b\u00f6cker *d\u00f6h* utan i att varje m\u00e5nad v\u00e4lja b\u00f6cker fr\u00e5n de olika nordiska l\u00e4nderna efter en lista: November: Finland December: Island Januari:\u2026","rel":"","context":"I \u201dVardagsliv\u201d","block_context":{"text":"Vardagsliv","link":"https:\/\/blogg.fumei.se\/?cat=47"},"img":{"alt_text":"","src":"","width":0,"height":0},"classes":[]},{"id":2085,"url":"https:\/\/blogg.fumei.se\/?p=2085","url_meta":{"origin":1948,"position":1},"title":"Bokrecension &#8211; F\u00e4ringasagan","author":"M :)","date":"2012-02-08","format":false,"excerpt":"F\u00e4ringasagan f\u00f6rord av Olov Isaksson\u00a0; inledd och \u00f6versatt av Bo Almqvist\u00a0; fotografier av S\u00f6ren Hallgren. Hedemora: Gidlund i samarbete med Statens historiska museum I Nordiska l\u00e4sutmaningen skulle vi i Januari l\u00e4sa en bok av en f\u00e4r\u00f6isk (heter det s\u00e5??) f\u00f6rfattare. Sj\u00e4lvklart var jag ute i sista minuten och hade bara\u2026","rel":"","context":"I \u201dVardagsliv\u201d","block_context":{"text":"Vardagsliv","link":"https:\/\/blogg.fumei.se\/?cat=47"},"img":{"alt_text":"","src":"","width":0,"height":0},"classes":[]},{"id":1760,"url":"https:\/\/blogg.fumei.se\/?p=1760","url_meta":{"origin":1948,"position":2},"title":"Jag ligger back","author":"M :)","date":"2011-11-20","format":false,"excerpt":"Jag \u00e4r ju med i Goodreads l\u00e4sutmaning, och eftersom det vanligtvis slukas en hel del b\u00f6cker fr\u00e5n min sida, s\u00e5 satte jag upp ett m\u00e5l p\u00e5 100 b\u00f6cker. Nu m\u00e4rker jag att jag ligger lite efter - sis\u00e5d\u00e4r 17 b\u00f6cker efter - s\u00e5 om jag vill klara m\u00e5let innan \u00e5ret\u2026","rel":"","context":"I \u201dB\u00f6cker och l\u00e4sning\u201d","block_context":{"text":"B\u00f6cker och l\u00e4sning","link":"https:\/\/blogg.fumei.se\/?cat=29"},"img":{"alt_text":"","src":"","width":0,"height":0},"classes":[]},{"id":4026,"url":"https:\/\/blogg.fumei.se\/?p=4026","url_meta":{"origin":1948,"position":3},"title":"L\u00e4sutmaning","author":"M :)","date":"2017-01-04","format":false,"excerpt":"Blev tipsad av en v\u00e4n om att bokf\u00f6rlaget Forum hade lagt upp en l\u00e4sutmaning p\u00e5 sin Facebook-sida. Eftersom jag just suttit och redigerat min \"l\u00e4st\"-sida h\u00e4r p\u00e5 bloggen, och t\u00e4nkt att jag l\u00e4st alldeles f\u00f6r lite de senaste \u00e5ren, s\u00e5 k\u00e4ndes det ganska sj\u00e4lvklart att anta utmaningen. Jag tror dock\u2026","rel":"","context":"I \u201dB\u00f6cker och l\u00e4sning\u201d","block_context":{"text":"B\u00f6cker och l\u00e4sning","link":"https:\/\/blogg.fumei.se\/?cat=29"},"img":{"alt_text":"","src":"https:\/\/i0.wp.com\/blogg.fumei.se\/wp-content\/uploads\/2017\/01\/15781665_1455270881179541_6255436689675664975_n-433x650.jpg?resize=350%2C200","width":350,"height":200},"classes":[]},{"id":1838,"url":"https:\/\/blogg.fumei.se\/?p=1838","url_meta":{"origin":1948,"position":4},"title":"Bokrecension: Pirita, Karelens dotter","author":"M :)","date":"2011-12-02","format":false,"excerpt":"I Nordiska l\u00e4sutmaningen valde jag f\u00f6r November m\u00e5nad \"Pirita, Karelens dotter\" av Kaari Utrio. Kaari Utrio \u00e4r en finsk historiker och\u00a0f\u00f6rfattare, och hon skriver fr\u00e4mst historiska romaner. F\u00f6r det mesta handlar hennes romaner om kvinnor som skiljer sig fr\u00e5n hur kvinnor f\u00f6rv\u00e4ntades upptr\u00e4da f\u00f6rr i tiden. \"Pirita...\" \u00e4r inget undantag.\u2026","rel":"","context":"I \u201dVardagsliv\u201d","block_context":{"text":"Vardagsliv","link":"https:\/\/blogg.fumei.se\/?cat=47"},"img":{"alt_text":"","src":"","width":0,"height":0},"classes":[]},{"id":20,"url":"https:\/\/blogg.fumei.se\/?p=20","url_meta":{"origin":1948,"position":5},"title":"Bokrecension: Boktjuven","author":"M :)","date":"2011-08-16","format":false,"excerpt":"\u00a0 \"Boktjuven\" av Markus Zusak N\u00e4r d\u00f6den ber\u00e4ttar en historia, m\u00e5ste du lyssna. Det \u00e4r egentligen bara en liten historia som, bland annat, handlar om: en flicka, n\u00e5gra ord, en dragspelare, n\u00e5gra fanatiska tyskar, en judisk slagsk\u00e4mpe och en hel del st\u00f6lder. Tyskland 1939. Landet h\u00e5ller andan. D\u00f6den har aldrig\u2026","rel":"","context":"I \u201dB\u00f6cker och l\u00e4sning\u201d","block_context":{"text":"B\u00f6cker och l\u00e4sning","link":"https:\/\/blogg.fumei.se\/?cat=29"},"img":{"alt_text":"","src":"https:\/\/i0.wp.com\/blogg.fumei.se\/wp-content\/uploads\/2011\/08\/boktjuven.png?resize=350%2C200","width":350,"height":200},"classes":[]}],"_links":{"self":[{"href":"https:\/\/blogg.fumei.se\/index.php?rest_route=\/wp\/v2\/posts\/1948","targetHints":{"allow":["GET"]}}],"collection":[{"href":"https:\/\/blogg.fumei.se\/index.php?rest_route=\/wp\/v2\/posts"}],"about":[{"href":"https:\/\/blogg.fumei.se\/index.php?rest_route=\/wp\/v2\/types\/post"}],"author":[{"embeddable":true,"href":"https:\/\/blogg.fumei.se\/index.php?rest_route=\/wp\/v2\/users\/1"}],"replies":[{"embeddable":true,"href":"https:\/\/blogg.fumei.se\/index.php?rest_route=%2Fwp%2Fv2%2Fcomments&post=1948"}],"version-history":[{"count":6,"href":"https:\/\/blogg.fumei.se\/index.php?rest_route=\/wp\/v2\/posts\/1948\/revisions"}],"predecessor-version":[{"id":1959,"href":"https:\/\/blogg.fumei.se\/index.php?rest_route=\/wp\/v2\/posts\/1948\/revisions\/1959"}],"wp:attachment":[{"href":"https:\/\/blogg.fumei.se\/index.php?rest_route=%2Fwp%2Fv2%2Fmedia&parent=1948"}],"wp:term":[{"taxonomy":"category","embeddable":true,"href":"https:\/\/blogg.fumei.se\/index.php?rest_route=%2Fwp%2Fv2%2Fcategories&post=1948"},{"taxonomy":"post_tag","embeddable":true,"href":"https:\/\/blogg.fumei.se\/index.php?rest_route=%2Fwp%2Fv2%2Ftags&post=1948"}],"curies":[{"name":"wp","href":"https:\/\/api.w.org\/{rel}","templated":true}]}}