{"id":1951,"date":"2012-01-02T13:22:17","date_gmt":"2012-01-02T12:22:17","guid":{"rendered":"http:\/\/blogg.fumei.se\/?p=1951"},"modified":"2012-01-02T13:25:08","modified_gmt":"2012-01-02T12:25:08","slug":"arets-hojdpunkter-och-bottennapp","status":"publish","type":"post","link":"https:\/\/blogg.fumei.se\/?p=1951","title":{"rendered":"\u00c5rets h\u00f6jdpunkter och bottennapp"},"content":{"rendered":"<p>\u00c5ret 2011 kom och gick lite grann som alla andra \u00e5r, med vissa undantag. Jag jobbade massor och f\u00f6rs\u00f6kte f\u00e5 tid, lust och ork \u00f6ver till annat mellan arbetspassen. Det ar inte alltid s\u00e5 l\u00e4tt. Av det som avviker fr\u00e5n det vardagliga minns jag:<\/p>\n<ul>\n<li>n\u00e4r jag och Kerstin skulle tr\u00e4ffas i Gbg och g\u00e5 p\u00e5 afternoon tea, och det visade sig att just det st\u00e4llet hade st\u00e4ngt just den dagen. Men fika fick vi \u00e4nd\u00e5! Och trevligt var det, som vanligt!<\/li>\n<li>att jag fick en infernaliskt elak infektion i urinv\u00e4garna och hamnade p\u00e5 MAVA p\u00e5 KSS i ett par dagar. Det var inte kul.<\/li>\n<li>en &#8221;sofistikerad afton&#8221; hos Sylwia. Lite folk, lite mat, lite vin och mycket tj\u00f4t och skratt, det var himla roligt och trevligt!<\/li>\n<li>att jag tog med mig lilla mamma p\u00e5 operan och s\u00e5g Eugen Onegin. Mycket uppskattat, f\u00f6rmodligen mest av mamma, som s\u00e4llan (aldrig) kommer iv\u00e4g p\u00e5 n\u00e5got s\u00e5dant.<\/li>\n<li>att Fia fyllde 18 \u00e5r! Och att jag helt pl\u00f6tsligt hade en vuxen dotter. Eller inte s\u00e5 pl\u00f6tsligt egentligen, det var ju liksom v\u00e4ntat, men jag tycker \u00e4nd\u00e5 att det kom f\u00f6r fort!<\/li>\n<li>midsommarfirandet vid L\u00e4ck\u00f6 slott. Jag visade J hur svensk midsommar firas, med majst\u00e5ng och folkdr\u00e4kter och hela k\u00f6ret.<\/li>\n<li>v\u00e5r semesterresa till V\u00e4ster\u00e5s, d\u00e4r vi umgicks med syster + familj, s\u00e5g The Ark f\u00f6r allra sista g\u00e5ngen, och jag tog \u00e5rets enda dopp.<\/li>\n<li>att resten av semestern praktiskt taget regnade bort.<\/li>\n<li>veteranbilsutst\u00e4llningen i Skara. Jag som inte ens gillar bilar!<\/li>\n<li>bokm\u00e4ssan! Efter att jag sagt i flera \u00e5r att jag vill dit, s\u00e5 fick jag \u00e4ntligen tummen ur. Var p\u00e5 invigningsfesten (pressnatta) med Kerstin och hade hur trevligt som helst. Var p\u00e5 sj\u00e4lva m\u00e4ssan med J och best\u00e4mde att n\u00e4sta \u00e5r ska jag g\u00e5 f\u00f6r mig sj\u00e4lv. F\u00f6r mycket att se och hinna med f\u00f6r att kompromissa.<\/li>\n<li>Tr\u00e5kiga samtal med Fia och hennes l\u00e4rare om att hon inte sk\u00f6ter sin skolg\u00e5ng.<\/li>\n<li>destor roligare besked att Robin \u00e4r duktig, men att han kan prestera b\u00e4ttre om han bara vill&#8230;<\/li>\n<li>bes\u00f6ket p\u00e5 Migrationsverket i V\u00e4xj\u00f6 f\u00f6r intervju i samband med att J skulle f\u00e5 f\u00f6rl\u00e4ngt uppeh\u00e5llstillst\u00e5nd. S\u00e5 mycket besv\u00e4r f\u00f6r ett bes\u00f6k som varade i ungef\u00e4r en halvtimme!<\/li>\n<li>Lucia. F\u00f6r d\u00e5 friade jag till J. Mer \u00f6verraskad pojkv\u00e4n blir nog sv\u00e5rt att hitta.<\/li>\n<li>Julafton. F\u00f6r f\u00f6rsta g\u00e5ngen firades den tillsammans med Ilse (+ familj, s\u00e5klart). Roligt, kort och mycket intensivt.<\/li>\n<li>Ny\u00e5rshelgen p\u00e5 jobbet. God mat, fina arbetskamrater och m\u00e5nga skratt gjorde att helgen blev helt okej trots att jag inte kunde fira med mina n\u00e4ra och k\u00e4ra.<\/li>\n<\/ul>\n<div>Sen finns det ju fler tillf\u00e4llen jag minns, men som jag inte vill dela med mig av. Och s\u00e5 finns det stunder jag inte minns, av en eller annan anledning.<\/div>\n<div>Nu v\u00e4nder vi blad, och fokuserar p\u00e5 2012!<\/div>\n","protected":false},"excerpt":{"rendered":"<p>\u00c5ret 2011 kom och gick lite grann som alla andra \u00e5r, med vissa undantag. Jag jobbade massor och f\u00f6rs\u00f6kte f\u00e5 tid, lust och ork \u00f6ver till annat mellan arbetspassen. Det ar inte alltid s\u00e5 l\u00e4tt. Av det som avviker fr\u00e5n det vardagliga minns jag: n\u00e4r jag och Kerstin skulle tr\u00e4ffas i Gbg och g\u00e5 p\u00e5&#8230;<\/p>\n","protected":false},"author":1,"featured_media":0,"comment_status":"open","ping_status":"open","sticky":false,"template":"","format":"standard","meta":{"jetpack_post_was_ever_published":false,"_jetpack_newsletter_access":"","_jetpack_dont_email_post_to_subs":false,"_jetpack_newsletter_tier_id":0,"_jetpack_memberships_contains_paywalled_content":false,"_jetpack_memberships_contains_paid_content":false,"footnotes":"","jetpack_publicize_message":"","jetpack_publicize_feature_enabled":true,"jetpack_social_post_already_shared":false,"jetpack_social_options":{"image_generator_settings":{"template":"highway","default_image_id":0,"font":"","enabled":false},"version":2}},"categories":[47],"tags":[125,124],"class_list":["post-1951","post","type-post","status-publish","format-standard","hentry","category-vardagsliv","tag-125","tag-arskronika"],"jetpack_publicize_connections":[],"jetpack_featured_media_url":"","jetpack_shortlink":"https:\/\/wp.me\/p3qko4-vt","jetpack_sharing_enabled":true,"jetpack_likes_enabled":true,"jetpack-related-posts":[{"id":1795,"url":"https:\/\/blogg.fumei.se\/?p=1795","url_meta":{"origin":1951,"position":0},"title":"1:a Advent 2011","author":"M :)","date":"2011-11-27","format":false,"excerpt":"Herregud vilken trist rubrik, men jag har verkligen ingen fantasi f\u00f6r det just nu! \u00c4r hur tr\u00f6tt som helst, och har fortfarande inte str\u00e4ckt ut kroppen ordentligt efter att vi satt i bilen i flera timmar ig\u00e5r. Det var ju dags f\u00f6r operation l\u00e4mna-bilen-i-V\u00e4xj\u00f6, s\u00e5 J och jag k\u00f6rde ner\u2026","rel":"","context":"I \u201dVardagsliv\u201d","block_context":{"text":"Vardagsliv","link":"https:\/\/blogg.fumei.se\/?cat=47"},"img":{"alt_text":"","src":"https:\/\/i0.wp.com\/blogg.fumei.se\/wp-content\/uploads\/2011\/11\/2011-11-26-15.54.29-300x225.jpg?resize=350%2C200","width":350,"height":200},"classes":[]},{"id":3997,"url":"https:\/\/blogg.fumei.se\/?p=3997","url_meta":{"origin":1951,"position":1},"title":"\u00c5rsredovisning","author":"M :)","date":"2016-12-31","format":false,"excerpt":"\u00c5rets sista dag \u00e4r h\u00e4r, och jag funderar lite p\u00e5 vad jag egentligen gjort det h\u00e4r \u00e5ret. Inte s\u00e5 mycket, tror jag, men jag f\u00e5r v\u00e4l stolpa upp det f\u00f6r att f\u00e5 b\u00e4ttre koll. Januari: Inget n\u00e4mnv\u00e4rt som h\u00e4nde, f\u00f6rutom mitt livs mest ledsamma f\u00f6delsedag. Ensam hemma i soffan. Best\u00e4mde\u2026","rel":"","context":"I \u201dVardagsliv\u201d","block_context":{"text":"Vardagsliv","link":"https:\/\/blogg.fumei.se\/?cat=47"},"img":{"alt_text":"","src":"https:\/\/i0.wp.com\/blogg.fumei.se\/wp-content\/uploads\/2016\/12\/5863e01e93534.image_-300x200.jpg?resize=350%2C200","width":350,"height":200},"classes":[]},{"id":1235,"url":"https:\/\/blogg.fumei.se\/?p=1235","url_meta":{"origin":1951,"position":2},"title":"Happy birthday to me","author":"M :)","date":"2010-01-17","format":false,"excerpt":"Jaha. Nu har det h\u00e4nt. Jag har fyllt 40 \u00e5r. Och nej, jag k\u00e4nner fortfarande ingen skillnad mot ig\u00e5rm eller f\u00f6rra veckan eller ens f\u00f6r ett halv\u00e5r sedan, s\u00e5 jag tror inte jag kommer k\u00e4nna n\u00e5gon n\u00e4mnv\u00e4rd skillnad inom en \u00f6versk\u00e5dlig framtid heller.Men jag kan s\u00e4ga s\u00e5 mycket som att\u2026","rel":"","context":"I \u201dVardagsliv\u201d","block_context":{"text":"Vardagsliv","link":"https:\/\/blogg.fumei.se\/?cat=47"},"img":{"alt_text":"","src":"","width":0,"height":0},"classes":[]},{"id":4080,"url":"https:\/\/blogg.fumei.se\/?p=4080","url_meta":{"origin":1951,"position":3},"title":"50 \u00e5r!!","author":"M :)","date":"2017-01-22","format":false,"excerpt":"Ig\u00e5r var det kalas i Floby. Vi firade mamma och pappa som ju hade sin guldbr\u00f6llopsdag i fredags den 20e Januari. De hade bjudit in n\u00e5gra v\u00e4nner och n\u00e4rmaste familjen p\u00e5 lite mat och fika, och \u00e4ven om inte alla kunde komma (sjukdomar och annat kan man ju inte r\u00e5\u2026","rel":"","context":"I \u201dFamiljen\u201d","block_context":{"text":"Familjen","link":"https:\/\/blogg.fumei.se\/?cat=34"},"img":{"alt_text":"","src":"https:\/\/i0.wp.com\/blogg.fumei.se\/wp-content\/uploads\/2017\/01\/19.jpg?resize=350%2C200","width":350,"height":200},"classes":[]},{"id":119,"url":"https:\/\/blogg.fumei.se\/?p=119","url_meta":{"origin":1951,"position":4},"title":"Boktolva \u00e0 la moi","author":"M :)","date":"2011-01-15","format":false,"excerpt":"Fast egentligen \u00e4r det v\u00e4l en f\u00f6rfattarlista. [Enligt O] har en utmaning p\u00e5 sin blogg, d\u00e4r man ska lista de 12 f\u00f6rfattare man helst vill l\u00e4sa n\u00e5got av under 2011. Kravet \u00e4r att man inte ska ha l\u00e4st n\u00e5got av dessa f\u00f6rfattare innan. S\u00e5 h\u00e4r blev min lista: Isabel Allende\u2026","rel":"","context":"I \u201dVardagsliv\u201d","block_context":{"text":"Vardagsliv","link":"https:\/\/blogg.fumei.se\/?cat=47"},"img":{"alt_text":"","src":"","width":0,"height":0},"classes":[]},{"id":5871,"url":"https:\/\/blogg.fumei.se\/?p=5871","url_meta":{"origin":1951,"position":5},"title":"Sl\u00e4ktforskning","author":"M :)","date":"2023-02-12","format":false,"excerpt":"Jag har fuskat lite med sl\u00e4ktforskning sedan jag var ton\u00e5ring. Det b\u00f6rjade med att mamma och jag satt och tittade i gamla fotoalbum och hon ber\u00e4ttade om n\u00e5gra olika personer p\u00e5 bilderna. Jag blev nyfiken p\u00e5 hur alla h\u00f6rde ihop, s\u00e5 jag ritade upp ett sl\u00e4kttr\u00e4d utifr\u00e5n de uppgifter jag\u2026","rel":"","context":"I \u201dFamiljen\u201d","block_context":{"text":"Familjen","link":"https:\/\/blogg.fumei.se\/?cat=34"},"img":{"alt_text":"","src":"","width":0,"height":0},"classes":[]}],"_links":{"self":[{"href":"https:\/\/blogg.fumei.se\/index.php?rest_route=\/wp\/v2\/posts\/1951","targetHints":{"allow":["GET"]}}],"collection":[{"href":"https:\/\/blogg.fumei.se\/index.php?rest_route=\/wp\/v2\/posts"}],"about":[{"href":"https:\/\/blogg.fumei.se\/index.php?rest_route=\/wp\/v2\/types\/post"}],"author":[{"embeddable":true,"href":"https:\/\/blogg.fumei.se\/index.php?rest_route=\/wp\/v2\/users\/1"}],"replies":[{"embeddable":true,"href":"https:\/\/blogg.fumei.se\/index.php?rest_route=%2Fwp%2Fv2%2Fcomments&post=1951"}],"version-history":[{"count":3,"href":"https:\/\/blogg.fumei.se\/index.php?rest_route=\/wp\/v2\/posts\/1951\/revisions"}],"predecessor-version":[{"id":1953,"href":"https:\/\/blogg.fumei.se\/index.php?rest_route=\/wp\/v2\/posts\/1951\/revisions\/1953"}],"wp:attachment":[{"href":"https:\/\/blogg.fumei.se\/index.php?rest_route=%2Fwp%2Fv2%2Fmedia&parent=1951"}],"wp:term":[{"taxonomy":"category","embeddable":true,"href":"https:\/\/blogg.fumei.se\/index.php?rest_route=%2Fwp%2Fv2%2Fcategories&post=1951"},{"taxonomy":"post_tag","embeddable":true,"href":"https:\/\/blogg.fumei.se\/index.php?rest_route=%2Fwp%2Fv2%2Ftags&post=1951"}],"curies":[{"name":"wp","href":"https:\/\/api.w.org\/{rel}","templated":true}]}}