{"id":196,"date":"2010-07-26T11:48:00","date_gmt":"2010-07-26T11:48:00","guid":{"rendered":"\/Blogg\/post\/SEMESTER!!.aspx"},"modified":"2010-07-26T11:48:00","modified_gmt":"2010-07-26T11:48:00","slug":"s-e-m-e-s-t-e-r","status":"publish","type":"post","link":"https:\/\/blogg.fumei.se\/?p=196","title":{"rendered":"S.E.M.E.S.T.E.R!!"},"content":{"rendered":"<p>&Auml;ntligen! Det var l&auml;nge sen sist. Ett helt &aring;r, och lite till. Jag hade ju tidig semester f&ouml;rra &aring;ret, och s&aring; har jag sen semester i &aring;r, och till r&aring;ga p&aring; allt tog jag ju bort en vecka f&ouml;r att spara tills J kommer hit. S&aring; nu &auml;r jag tr&ouml;tt och sliten och i stort behov av de h&auml;r tre veckorna!<br \/>Dt b&ouml;rjar ju inte s&aring; d&auml;r j&auml;ttebra om man t&auml;nker v&auml;derm&auml;ssigt, men jag hoppas att det r&auml;ttar till sig. Det beh&ouml;ver inte bli en s&aring;n d&auml;r v&auml;rmeb&ouml;lja igen, men sol och &aring;tminstone 20-25 grader varmt utan en massa bl&aring;st skulle sitta fint.<\/p>\n<p>Annars har jag nog med syssels&auml;ttning f&ouml;r de dagar d&aring; det &auml;r d&aring;ligt v&auml;der. Jag ska ju hinna f&aring; ordning p&aring; allt h&auml;r hemma innan den 18:e Augusti. Men jag tar en sak i taget, och de stora sakerna f&ouml;rst.<\/p>\n","protected":false},"excerpt":{"rendered":"<p>&Auml;ntligen! Det var l&auml;nge sen sist. Ett helt &aring;r, och lite till. Jag hade ju tidig semester f&ouml;rra &aring;ret, och s&aring; har jag sen semester i &aring;r, och till r&aring;ga p&aring; allt tog jag ju bort en vecka f&ouml;r att spara tills J kommer hit. S&aring; nu &auml;r jag tr&ouml;tt och sliten och i stort&#8230;<\/p>\n","protected":false},"author":1,"featured_media":0,"comment_status":"open","ping_status":"open","sticky":false,"template":"","format":"standard","meta":{"jetpack_post_was_ever_published":false,"_jetpack_newsletter_access":"","_jetpack_dont_email_post_to_subs":false,"_jetpack_newsletter_tier_id":0,"_jetpack_memberships_contains_paywalled_content":false,"_jetpack_memberships_contains_paid_content":false,"footnotes":"","jetpack_publicize_message":"","jetpack_publicize_feature_enabled":true,"jetpack_social_post_already_shared":false,"jetpack_social_options":{"image_generator_settings":{"template":"highway","default_image_id":0,"font":"","enabled":false},"version":2}},"categories":[47],"tags":[],"class_list":["post-196","post","type-post","status-publish","format-standard","hentry","category-vardagsliv"],"jetpack_publicize_connections":[],"jetpack_featured_media_url":"","jetpack_shortlink":"https:\/\/wp.me\/p3qko4-3a","jetpack_sharing_enabled":true,"jetpack_likes_enabled":true,"jetpack-related-posts":[{"id":2089,"url":"https:\/\/blogg.fumei.se\/?p=2089","url_meta":{"origin":196,"position":0},"title":"Man kanske borde ge sig p\u00e5 en liten uppdatering","author":"M :)","date":"2012-02-15","format":false,"excerpt":"Inte f\u00f6r att det finns s\u00e5 mycket att skriva om. Eller? Det som h\u00e4nt senaste tiden \u00e4r att jag och Fia \u00e4r sams igen, vi har k\u00f6pt en nya soffa och vi planerar semestern. Br\u00e5ket orkar jag helt enkelt inte skriva n\u00e5got om, det r\u00e4cker gott att vi \u00e4r sams\u2026","rel":"","context":"I \u201dHemmet\u201d","block_context":{"text":"Hemmet","link":"https:\/\/blogg.fumei.se\/?cat=31"},"img":{"alt_text":"","src":"https:\/\/i0.wp.com\/blogg.fumei.se\/wp-content\/uploads\/2012\/02\/2012-02-15-12.57.18-300x225.jpg?resize=350%2C200","width":350,"height":200},"classes":[]},{"id":197,"url":"https:\/\/blogg.fumei.se\/?p=197","url_meta":{"origin":196,"position":1},"title":"Tr\u00e5kinl\u00e4gg","author":"M :)","date":"2010-07-20","format":false,"excerpt":"Ja f\u00f6r det h\u00e4nder inte s\u00e5 mycket jst nu. Jag jobbar och r\u00f6jer. T\u00e4nkte att det skulle vara ordning p\u00e5 torpet n\u00e4r J kommer. N\u00e4sta vecka \u00e4r det (\u00e4ntligen) semester, s\u00e5 d\u00e5 kanske det g\u00e5r lite fortare att r\u00f6ja, n\u00e4r jag inte beh\u00f6ver jobba samtidigt. S\u00e4ngar \u00e4r flyttade och draperier\u2026","rel":"","context":"I \u201dVardagsliv\u201d","block_context":{"text":"Vardagsliv","link":"https:\/\/blogg.fumei.se\/?cat=47"},"img":{"alt_text":"","src":"","width":0,"height":0},"classes":[]},{"id":974,"url":"https:\/\/blogg.fumei.se\/?p=974","url_meta":{"origin":196,"position":2},"title":"Sommar och sol","author":"M :)","date":"2009-06-25","format":false,"excerpt":"Vad kan vara b\u00e4ttre p\u00e5 semestern \u00e4n just det? Inte mycket, nej, s\u00e5 jag \u00e4r superglad att det \u00e4r s\u00e5 h\u00e4rligt v\u00e4der just nu! F\u00f6rra \u00e5ret regnade ju min semester bort, praktiskt taget. Jag tror jag hade tv\u00e5 solddagar p\u00e5 mina 4 veckor...Ig\u00e5r anl\u00e4nde jag allts\u00e5 till Silvio och Emma\u2026","rel":"","context":"I \u201dVardagsliv\u201d","block_context":{"text":"Vardagsliv","link":"https:\/\/blogg.fumei.se\/?cat=47"},"img":{"alt_text":"","src":"","width":0,"height":0},"classes":[]},{"id":203,"url":"https:\/\/blogg.fumei.se\/?p=203","url_meta":{"origin":196,"position":3},"title":"Bytt, bytt&#8230;","author":"M :)","date":"2010-07-08","format":false,"excerpt":"...kommer aldrig mer igen??? Snart \u00e4r det semester. Jag har lagt in min semester under veckorna 29-32. Nu blev det ju lite dumt med billiga biljetter och s\u00e5nt d\u00e4r, s\u00e5 J kommer inte f\u00f6rr\u00e4n tre dagar efter min semester.Av den anledningen har jag nu tagit bort f\u00f6rsta veckan (v 29)\u2026","rel":"","context":"I \u201dVardagsliv\u201d","block_context":{"text":"Vardagsliv","link":"https:\/\/blogg.fumei.se\/?cat=47"},"img":{"alt_text":"","src":"","width":0,"height":0},"classes":[]},{"id":221,"url":"https:\/\/blogg.fumei.se\/?p=221","url_meta":{"origin":196,"position":4},"title":"Sn\u00e4lla barn","author":"EmEff","date":"2010-05-31","format":false,"excerpt":"Har jag ibland. Som tex ig\u00e5r, n\u00e4r jag fick blomma och kort p\u00e5 Mors Dag. Tv\u00e5 trisslotter fick jag ocks\u00e5, och med min vanliga tur vann jag s\u00e5klart inte ens en ny lott. Idag \u00e4r jag ledig. Med betoning p\u00e5 ledig. Jag har visserligen ett hem som \u00e4r bedr\u00f6vligt f\u00f6rsummat\u2026","rel":"","context":"I \u201dVardagsliv\u201d","block_context":{"text":"Vardagsliv","link":"https:\/\/blogg.fumei.se\/?cat=47"},"img":{"alt_text":"","src":"","width":0,"height":0},"classes":[]},{"id":2458,"url":"https:\/\/blogg.fumei.se\/?p=2458","url_meta":{"origin":196,"position":5},"title":"S E M E S T E R!!","author":"M :)","date":"2012-07-22","format":false,"excerpt":"\u00c4NTLIGEN! Som jag har l\u00e4ngtat efter semestern i \u00e5r! Inte bara f\u00f6r att jag ska \u00e5ka till Rom, utan f\u00f6r att det varit ett sjuhelsikes tungt \u00e5r jobbm\u00e4ssigt, och f\u00f6r att det ju var r\u00e4tt l\u00e5ng tid sen f\u00f6rra semestern eftersom jag hade v\u00e4ldigt tidig semester f\u00f6rra \u00e5ret. Ig\u00e5r gjorde\u2026","rel":"","context":"I \u201dVardagsliv\u201d","block_context":{"text":"Vardagsliv","link":"https:\/\/blogg.fumei.se\/?cat=47"},"img":{"alt_text":"","src":"","width":0,"height":0},"classes":[]}],"_links":{"self":[{"href":"https:\/\/blogg.fumei.se\/index.php?rest_route=\/wp\/v2\/posts\/196","targetHints":{"allow":["GET"]}}],"collection":[{"href":"https:\/\/blogg.fumei.se\/index.php?rest_route=\/wp\/v2\/posts"}],"about":[{"href":"https:\/\/blogg.fumei.se\/index.php?rest_route=\/wp\/v2\/types\/post"}],"author":[{"embeddable":true,"href":"https:\/\/blogg.fumei.se\/index.php?rest_route=\/wp\/v2\/users\/1"}],"replies":[{"embeddable":true,"href":"https:\/\/blogg.fumei.se\/index.php?rest_route=%2Fwp%2Fv2%2Fcomments&post=196"}],"version-history":[{"count":0,"href":"https:\/\/blogg.fumei.se\/index.php?rest_route=\/wp\/v2\/posts\/196\/revisions"}],"wp:attachment":[{"href":"https:\/\/blogg.fumei.se\/index.php?rest_route=%2Fwp%2Fv2%2Fmedia&parent=196"}],"wp:term":[{"taxonomy":"category","embeddable":true,"href":"https:\/\/blogg.fumei.se\/index.php?rest_route=%2Fwp%2Fv2%2Fcategories&post=196"},{"taxonomy":"post_tag","embeddable":true,"href":"https:\/\/blogg.fumei.se\/index.php?rest_route=%2Fwp%2Fv2%2Ftags&post=196"}],"curies":[{"name":"wp","href":"https:\/\/api.w.org\/{rel}","templated":true}]}}