{"id":1963,"date":"2012-01-03T11:59:22","date_gmt":"2012-01-03T10:59:22","guid":{"rendered":"http:\/\/blogg.fumei.se\/?p=1963"},"modified":"2012-03-30T09:44:22","modified_gmt":"2012-03-30T07:44:22","slug":"bloggnyheter-2012","status":"publish","type":"post","link":"https:\/\/blogg.fumei.se\/?p=1963","title":{"rendered":"Bloggnyheter 2012"},"content":{"rendered":"<p>Jag har \u00e4ndrat tillbaka till en &#8221;vanlig&#8221; layout. Tr\u00f6ttnade p\u00e5 den juliga, f\u00f6r den kr\u00e5nglade. Och f\u00f6rresten \u00e4r det ju inte jul l\u00e4ngre, s\u00e5&#8230;<\/p>\n<p>Ett par nya flikar har tillkommit uppe i menyn; jag har\u00a0\u00e4ndrat fliken f\u00f6r l\u00e4sta b\u00f6cker, s\u00e5 att den har undermenyer f\u00f6r varje \u00e5r.<br \/>\nFliken\u00a0&#8221;Sett&#8221; fungerar precis som &#8221;L\u00e4st&#8221;, fast d\u00e4r listar jag filmer som jag sett. det \u00e4r likadant d\u00e4r med recenserade exemplar; titlarna st\u00e5r i fetstil.<\/p>\n<p>Det dyker s\u00e4kert upp fler \u00e4ndringar eller tillskott under \u00e5ret.<\/p>\n","protected":false},"excerpt":{"rendered":"<p>Jag har \u00e4ndrat tillbaka till en &#8221;vanlig&#8221; layout. Tr\u00f6ttnade p\u00e5 den juliga, f\u00f6r den kr\u00e5nglade. Och f\u00f6rresten \u00e4r det ju inte jul l\u00e4ngre, s\u00e5&#8230; Ett par nya flikar har tillkommit uppe i menyn; jag har\u00a0\u00e4ndrat fliken f\u00f6r l\u00e4sta b\u00f6cker, s\u00e5 att den har undermenyer f\u00f6r varje \u00e5r. Fliken\u00a0&#8221;Sett&#8221; fungerar precis som &#8221;L\u00e4st&#8221;, fast d\u00e4r listar&#8230;<\/p>\n","protected":false},"author":1,"featured_media":0,"comment_status":"open","ping_status":"open","sticky":false,"template":"","format":"standard","meta":{"jetpack_post_was_ever_published":false,"_jetpack_newsletter_access":"","_jetpack_dont_email_post_to_subs":false,"_jetpack_newsletter_tier_id":0,"_jetpack_memberships_contains_paywalled_content":false,"_jetpack_memberships_contains_paid_content":false,"footnotes":"","jetpack_publicize_message":"","jetpack_publicize_feature_enabled":true,"jetpack_social_post_already_shared":false,"jetpack_social_options":{"image_generator_settings":{"template":"highway","default_image_id":0,"font":"","enabled":false},"version":2}},"categories":[47],"tags":[92],"class_list":["post-1963","post","type-post","status-publish","format-standard","hentry","category-vardagsliv","tag-blogg"],"jetpack_publicize_connections":[],"jetpack_featured_media_url":"","jetpack_shortlink":"https:\/\/wp.me\/p3qko4-vF","jetpack_sharing_enabled":true,"jetpack_likes_enabled":true,"jetpack-related-posts":[{"id":2114,"url":"https:\/\/blogg.fumei.se\/?p=2114","url_meta":{"origin":1963,"position":0},"title":"Sparsam planering","author":"M :)","date":"2012-02-26","format":false,"excerpt":"F\u00f6r att underl\u00e4tta saker och ting (l\u00e4s: matlagningen) h\u00e4r hemma skriver jag matsedlar f\u00f6r varje vecka. Vissa veckor funkar det j\u00e4ttebra, andra inte alls. I vilket fall som helst, s\u00e5 underl\u00e4ttar det en hel del att veta vad som ska lagas och serveras i god tid. Dessutom g\u00e5r det inte\u2026","rel":"","context":"I \u201dPyssel, DIY och knep&amp;kn\u00e5p\u201d","block_context":{"text":"Pyssel, DIY och knep&amp;kn\u00e5p","link":"https:\/\/blogg.fumei.se\/?cat=32"},"img":{"alt_text":"","src":"","width":0,"height":0},"classes":[]},{"id":2888,"url":"https:\/\/blogg.fumei.se\/?p=2888","url_meta":{"origin":1963,"position":1},"title":"Nytt \u00e5r &#8211; nya tag","author":"M :)","date":"2013-01-07","format":false,"excerpt":"Hej 2013. \u00c4n s\u00e5 l\u00e4nge har du inte bjudit p\u00e5 n\u00e5gra spektakul\u00e4ra eller minnesv\u00e4rda h\u00e4ndelser, om man inte r\u00e4knar med ink\u00f6pet av tv\u00e4ttmaskinen, f\u00f6rst\u00e5s. Samma tv\u00e4ttmaskin som envisas med att studsa runt i badrummet n\u00e4r den centrifugerar. S\u00e5 den st\u00e5r oanv\u00e4nd tills n\u00e5gon nisse har kollat p\u00e5 den. Men jag\u00a0har\u00a0i\u2026","rel":"","context":"I \u201dVardagsliv\u201d","block_context":{"text":"Vardagsliv","link":"https:\/\/blogg.fumei.se\/?cat=47"},"img":{"alt_text":"","src":"","width":0,"height":0},"classes":[]},{"id":201,"url":"https:\/\/blogg.fumei.se\/?p=201","url_meta":{"origin":1963,"position":2},"title":"Eclipse &#8211; recension. Eller n\u00e5t.","author":"M :)","date":"2010-07-10","format":false,"excerpt":"Ni vet v\u00e4l redan vad jag tycker om den h\u00e4r serien.\u00a0F\u00f6r den som\u00a0inte vet, s\u00e5 kan jag meddela att jag \u00e4lskar b\u00f6ckerna, men \u00e4r lite mer kyligt inst\u00e4lld till filmerna. Den f\u00f6rsta var okej att se, men absolut inte den h\u00f6jdarfilm som m\u00e5nga s\u00e4ger, medan film nummer tv\u00e5 var n\u00e5gra\u2026","rel":"","context":"I \u201dFilmer och TV\u201d","block_context":{"text":"Filmer och TV","link":"https:\/\/blogg.fumei.se\/?cat=43"},"img":{"alt_text":"","src":"","width":0,"height":0},"classes":[]},{"id":964,"url":"https:\/\/blogg.fumei.se\/?p=964","url_meta":{"origin":1963,"position":3},"title":"En kort filmrecension","author":"M :)","date":"2009-05-01","format":false,"excerpt":"Idag s\u00e5g jag \"L\u00e5t den r\u00e4tte komma in\". Filmen, allts\u00e5. Kunde inte h\u00e5lla mig l\u00e4ngre nu n\u00e4r jag har l\u00e4st boken. Men, som vanligt (h\u00f6ll jag p\u00e5 att skriva) s\u00e5 v\u00e4ljer jag boken f\u00f6re filmen. Visserligen \u00e4r filmen bra, men f\u00f6r den som har l\u00e4st boken \u00e4r det m\u00e5nga scener\u2026","rel":"","context":"I \u201dVardagsliv\u201d","block_context":{"text":"Vardagsliv","link":"https:\/\/blogg.fumei.se\/?cat=47"},"img":{"alt_text":"","src":"","width":0,"height":0},"classes":[]},{"id":4133,"url":"https:\/\/blogg.fumei.se\/?p=4133","url_meta":{"origin":1963,"position":4},"title":"Man kan kl\u00e4mma in mycket p\u00e5 en helg&#8230;","author":"M :)","date":"2017-02-05","format":false,"excerpt":"Fredag 27 Januari \u00e5kte jag till Stockholm med Maria\u00a0f\u00f6r konsert med Green Day. D\u00e4r m\u00f6tte vi upp Linda och Anna\u00a0som \u00e5kt upp dagen innan. Efter att vi checkat in p\u00e5 hotellet (uppgraderade blev vi ocks\u00e5!) gick vi en sv\u00e4ng runt Norrmalm och kikade, fikade och tog en \u00f6l. Tillbaka p\u00e5\u2026","rel":"","context":"I \u201dVardagsliv\u201d","block_context":{"text":"Vardagsliv","link":"https:\/\/blogg.fumei.se\/?cat=47"},"img":{"alt_text":"","src":"https:\/\/i0.wp.com\/blogg.fumei.se\/wp-content\/uploads\/2017\/02\/31015.jpg?resize=350%2C200","width":350,"height":200},"classes":[]},{"id":1742,"url":"https:\/\/blogg.fumei.se\/?p=1742","url_meta":{"origin":1963,"position":5},"title":"Dan f\u00f6re dan, f\u00f6re dan, f\u00f6re&#8230;","author":"M :)","date":"2011-11-14","format":false,"excerpt":"Ja nu \u00e4r det knappt en och en halv m\u00e5nad kvar till julafton, det \u00e4r sv\u00e5rt att tro det, men almanackan ljuger ju s\u00e4llan (aldrig...). I \u00e5r \u00e4r det mitt lags tur att slippa jobba julen, och det \u00e4r min tur att ha barnen hemma p\u00e5 jul, det \u00e4r ju\u2026","rel":"","context":"I \u201dVardagsliv\u201d","block_context":{"text":"Vardagsliv","link":"https:\/\/blogg.fumei.se\/?cat=47"},"img":{"alt_text":"","src":"","width":0,"height":0},"classes":[]}],"_links":{"self":[{"href":"https:\/\/blogg.fumei.se\/index.php?rest_route=\/wp\/v2\/posts\/1963","targetHints":{"allow":["GET"]}}],"collection":[{"href":"https:\/\/blogg.fumei.se\/index.php?rest_route=\/wp\/v2\/posts"}],"about":[{"href":"https:\/\/blogg.fumei.se\/index.php?rest_route=\/wp\/v2\/types\/post"}],"author":[{"embeddable":true,"href":"https:\/\/blogg.fumei.se\/index.php?rest_route=\/wp\/v2\/users\/1"}],"replies":[{"embeddable":true,"href":"https:\/\/blogg.fumei.se\/index.php?rest_route=%2Fwp%2Fv2%2Fcomments&post=1963"}],"version-history":[{"count":2,"href":"https:\/\/blogg.fumei.se\/index.php?rest_route=\/wp\/v2\/posts\/1963\/revisions"}],"predecessor-version":[{"id":2254,"href":"https:\/\/blogg.fumei.se\/index.php?rest_route=\/wp\/v2\/posts\/1963\/revisions\/2254"}],"wp:attachment":[{"href":"https:\/\/blogg.fumei.se\/index.php?rest_route=%2Fwp%2Fv2%2Fmedia&parent=1963"}],"wp:term":[{"taxonomy":"category","embeddable":true,"href":"https:\/\/blogg.fumei.se\/index.php?rest_route=%2Fwp%2Fv2%2Fcategories&post=1963"},{"taxonomy":"post_tag","embeddable":true,"href":"https:\/\/blogg.fumei.se\/index.php?rest_route=%2Fwp%2Fv2%2Ftags&post=1963"}],"curies":[{"name":"wp","href":"https:\/\/api.w.org\/{rel}","templated":true}]}}