{"id":197,"date":"2010-07-20T13:57:00","date_gmt":"2010-07-20T13:57:00","guid":{"rendered":"\/Blogg\/post\/Trakinlagg.aspx"},"modified":"2010-07-20T13:57:00","modified_gmt":"2010-07-20T13:57:00","slug":"trakinlagg","status":"publish","type":"post","link":"https:\/\/blogg.fumei.se\/?p=197","title":{"rendered":"Tr\u00e5kinl\u00e4gg"},"content":{"rendered":"<p>Ja f&ouml;r det h&auml;nder inte s&aring; mycket jst nu. Jag jobbar och r&ouml;jer. T&auml;nkte att det skulle vara ordning p&aring; torpet n&auml;r J kommer. N&auml;sta vecka &auml;r det (&auml;ntligen) semester, s&aring; d&aring; kanske det g&aring;r lite fortare att r&ouml;ja, n&auml;r jag inte beh&ouml;ver jobba samtidigt. S&auml;ngar &auml;r flyttade och draperier upph&auml;ngda, i alla fall. Fia storst&auml;dar sitt rum idag, och imorgon ska vi &aring;ka med ma och pa till Reningsborg och se om vi hittar n&aring;t anv&auml;ndbart. Fia beh&ouml;ver en hylla till sitt rum, Robin beh&ouml;ver ett s&auml;ngbord och s&aring; behver vi en ny tv-b&auml;nk.&nbsp;Men nu forts&auml;tter jag att b&auml;ra upp saker p&aring; vinden<\/p>\n","protected":false},"excerpt":{"rendered":"<p>Ja f&ouml;r det h&auml;nder inte s&aring; mycket jst nu. Jag jobbar och r&ouml;jer. T&auml;nkte att det skulle vara ordning p&aring; torpet n&auml;r J kommer. N&auml;sta vecka &auml;r det (&auml;ntligen) semester, s&aring; d&aring; kanske det g&aring;r lite fortare att r&ouml;ja, n&auml;r jag inte beh&ouml;ver jobba samtidigt. S&auml;ngar &auml;r flyttade och draperier upph&auml;ngda, i alla fall. Fia&#8230;<\/p>\n","protected":false},"author":1,"featured_media":0,"comment_status":"open","ping_status":"open","sticky":false,"template":"","format":"standard","meta":{"jetpack_post_was_ever_published":false,"_jetpack_newsletter_access":"","_jetpack_dont_email_post_to_subs":false,"_jetpack_newsletter_tier_id":0,"_jetpack_memberships_contains_paywalled_content":false,"_jetpack_memberships_contains_paid_content":false,"footnotes":"","jetpack_publicize_message":"","jetpack_publicize_feature_enabled":true,"jetpack_social_post_already_shared":false,"jetpack_social_options":{"image_generator_settings":{"template":"highway","default_image_id":0,"font":"","enabled":false},"version":2}},"categories":[47],"tags":[],"class_list":["post-197","post","type-post","status-publish","format-standard","hentry","category-vardagsliv"],"jetpack_publicize_connections":[],"jetpack_featured_media_url":"","jetpack_shortlink":"https:\/\/wp.me\/p3qko4-3b","jetpack_sharing_enabled":true,"jetpack_likes_enabled":true,"jetpack-related-posts":[{"id":1887,"url":"https:\/\/blogg.fumei.se\/?p=1887","url_meta":{"origin":197,"position":0},"title":"Lite stress f\u00e5r det nog bli \u00e4nd\u00e5","author":"M :)","date":"2011-12-21","format":false,"excerpt":"Jobbar ju r\u00e4tt mycket de h\u00e4r sista dagarna innan jul, s\u00e5 de lediga stunder jag har blir ganska v\u00e4lfyllda med s\u00e5nt som ska g\u00f6ras. Men jag \u00e4r bra p\u00e5 att delegera d\u00e4r hemma s\u00e5 lite blir gjort \u00e4ven av dem! Idag \u00e4r en s\u00e5n d\u00e4r \"mellandag\" n\u00e4r man inte beh\u00f6ver\u2026","rel":"","context":"I \u201dVardagsliv\u201d","block_context":{"text":"Vardagsliv","link":"https:\/\/blogg.fumei.se\/?cat=47"},"img":{"alt_text":"","src":"","width":0,"height":0},"classes":[]},{"id":274,"url":"https:\/\/blogg.fumei.se\/?p=274","url_meta":{"origin":197,"position":1},"title":"Mitt i veckan","author":"M :)","date":"2010-03-10","format":false,"excerpt":"Fast det \u00e4r det ju inte. Men p\u00e5 tyska heter onsdag Mittwoch, som betyder mittvecka, eller mitt-i-veckan. Jag tycker nog att torsdag \u00e4r mitt i veckan. Nog om det.I morse n\u00e4r jag kom till jobbet fick jag (som vanligt h\u00f6ll jag n\u00e4stan p\u00e5 att skriva) veta att jag skulle jobba\u2026","rel":"","context":"I \u201dVardagsliv\u201d","block_context":{"text":"Vardagsliv","link":"https:\/\/blogg.fumei.se\/?cat=47"},"img":{"alt_text":"","src":"","width":0,"height":0},"classes":[]},{"id":1045,"url":"https:\/\/blogg.fumei.se\/?p=1045","url_meta":{"origin":197,"position":2},"title":"Tr\u00f6\u00f6\u00f6\u00f6\u00f6\u00f6tt","author":"M :)","date":"2009-07-01","format":false,"excerpt":"Vaknade inatt kl 3.30 av att Fia st\u00e5r vid min s\u00e4ng och gr\u00e5ter f\u00f6r att hon har ont i huvudet och inte hittar v\u00e4rktabletter. Jag g\u00e5r upp och letar och hittar en Ipren. Stackars Fia \u00e4r spyf\u00e4rdig s\u00e5 jag ger henne hink, kall trasa till pannan och vatten, sen kan\u2026","rel":"","context":"I \u201dVardagsliv\u201d","block_context":{"text":"Vardagsliv","link":"https:\/\/blogg.fumei.se\/?cat=47"},"img":{"alt_text":"","src":"","width":0,"height":0},"classes":[]},{"id":1020,"url":"https:\/\/blogg.fumei.se\/?p=1020","url_meta":{"origin":197,"position":3},"title":"I startgroparna","author":"M :)","date":"2009-07-19","format":false,"excerpt":"Idag kom Fia hem fr\u00e5n Thn. Magnus ringde och sa att Robin ville stanna hela veckan, och jag s\u00e4ger inte nej om han vill vara hos sin pappa och umg\u00e5s med lillebror och kompisar.Imorgon \u00e5ker Fia igen. Inte till \u00d6sd, men v\u00e4l till V\u00e4ster\u00e5s. Det \u00e4r dags f\u00f6r veckan hos\u2026","rel":"","context":"I \u201dVardagsliv\u201d","block_context":{"text":"Vardagsliv","link":"https:\/\/blogg.fumei.se\/?cat=47"},"img":{"alt_text":"","src":"","width":0,"height":0},"classes":[]},{"id":152,"url":"https:\/\/blogg.fumei.se\/?p=152","url_meta":{"origin":197,"position":4},"title":"Sn\u00f6n faller, och vi med den&#8230;","author":"M :)","date":"2010-11-28","format":false,"excerpt":"Falleri fallera, faller...alla?? Det g\u00e4ller att h\u00e5lla tungan r\u00e4tt i mun n\u00e4r man \u00e4r ute och g\u00e5r nuf\u00f6rtiden, isen ligger f\u00f6rr\u00e4diskt g\u00f6md under all sn\u00f6n. Jag har hittills bara ramlat en g\u00e5ng, men s\u00e5 k\u00e4nner jag fortfarande av det ocks\u00e5. Funderar seri\u00f6st p\u00e5 att skaffa broddar. Ig\u00e5r hade jag gjort\u2026","rel":"","context":"I \u201dVardagsliv\u201d","block_context":{"text":"Vardagsliv","link":"https:\/\/blogg.fumei.se\/?cat=47"},"img":{"alt_text":"","src":"","width":0,"height":0},"classes":[]},{"id":1062,"url":"https:\/\/blogg.fumei.se\/?p=1062","url_meta":{"origin":197,"position":5},"title":"P\u00e5 n\u00e4tet","author":"M :)","date":"2009-08-18","format":false,"excerpt":"finns flera name generators d\u00e4r man kan slumpa fram sitt vampyrnamn, sitt dv\u00e4rgnamn, sitt alvnamn, sitt whatever-namn. Jag k\u00e4nner ibland att jag skulle beh\u00f6va en bra-rubrik-generator. Orkar liksom inte komma p\u00e5 n\u00e5t klatschigt eller fyndigt varje g\u00e5ng jag ska skriva inl\u00e4gg. Ig\u00e5r var jag iv\u00e4g och firade Lenas 45-\u00e5rsdag efter\u2026","rel":"","context":"I \u201dVardagsliv\u201d","block_context":{"text":"Vardagsliv","link":"https:\/\/blogg.fumei.se\/?cat=47"},"img":{"alt_text":"","src":"https:\/\/i0.wp.com\/blogg.fumei.se\/wp-content\/uploads\/2009\/08\/7C673AFB-683B-4DD6-9BC5-FEEDA4CD553E.jpeg?resize=350%2C200&ssl=1","width":350,"height":200,"srcset":"https:\/\/i0.wp.com\/blogg.fumei.se\/wp-content\/uploads\/2009\/08\/7C673AFB-683B-4DD6-9BC5-FEEDA4CD553E.jpeg?resize=350%2C200&ssl=1 1x, https:\/\/i0.wp.com\/blogg.fumei.se\/wp-content\/uploads\/2009\/08\/7C673AFB-683B-4DD6-9BC5-FEEDA4CD553E.jpeg?resize=525%2C300&ssl=1 1.5x, https:\/\/i0.wp.com\/blogg.fumei.se\/wp-content\/uploads\/2009\/08\/7C673AFB-683B-4DD6-9BC5-FEEDA4CD553E.jpeg?resize=700%2C400&ssl=1 2x"},"classes":[]}],"_links":{"self":[{"href":"https:\/\/blogg.fumei.se\/index.php?rest_route=\/wp\/v2\/posts\/197","targetHints":{"allow":["GET"]}}],"collection":[{"href":"https:\/\/blogg.fumei.se\/index.php?rest_route=\/wp\/v2\/posts"}],"about":[{"href":"https:\/\/blogg.fumei.se\/index.php?rest_route=\/wp\/v2\/types\/post"}],"author":[{"embeddable":true,"href":"https:\/\/blogg.fumei.se\/index.php?rest_route=\/wp\/v2\/users\/1"}],"replies":[{"embeddable":true,"href":"https:\/\/blogg.fumei.se\/index.php?rest_route=%2Fwp%2Fv2%2Fcomments&post=197"}],"version-history":[{"count":0,"href":"https:\/\/blogg.fumei.se\/index.php?rest_route=\/wp\/v2\/posts\/197\/revisions"}],"wp:attachment":[{"href":"https:\/\/blogg.fumei.se\/index.php?rest_route=%2Fwp%2Fv2%2Fmedia&parent=197"}],"wp:term":[{"taxonomy":"category","embeddable":true,"href":"https:\/\/blogg.fumei.se\/index.php?rest_route=%2Fwp%2Fv2%2Fcategories&post=197"},{"taxonomy":"post_tag","embeddable":true,"href":"https:\/\/blogg.fumei.se\/index.php?rest_route=%2Fwp%2Fv2%2Ftags&post=197"}],"curies":[{"name":"wp","href":"https:\/\/api.w.org\/{rel}","templated":true}]}}