{"id":198,"date":"2010-07-16T18:15:00","date_gmt":"2010-07-16T18:15:00","guid":{"rendered":"\/Blogg\/post\/Problemlosning.aspx"},"modified":"2010-07-16T18:15:00","modified_gmt":"2010-07-16T18:15:00","slug":"problemlosning","status":"publish","type":"post","link":"https:\/\/blogg.fumei.se\/?p=198","title":{"rendered":"Probleml\u00f6sning"},"content":{"rendered":"<p>I tisdags kv&auml;ll kom Fia hem klockan 23. D&aring; b&ouml;rjade hon rota runt i k&ouml;ket efter n&aring;got att &auml;ta, och kom p&aring; den brajta id&egrave;n att hon skulle koka broccoli (fryst) och &auml;ta macka till det. Ingen h&ouml;jdarm&aring;ltid, direkt. Jag hade inte somnat &auml;n, s&aring; jag ropade till henne att det fanns f&auml;rdig broccoli i en burk i kylen, s&aring; slapp hon greja s&aring; mycket. <br \/>P&aring; morgonen n&auml;r jag kom ut i k&ouml;ket var det n&aring;got som tj&ouml;t. Inte h&ouml;gt, utan lite s&aring; d&auml;r som en ventil kan tjuta n&auml;r det viner i den. Efter en stund lyckades jag lokalisera tjutet till kylen och frysen. Det visade sig att frysen var f&ouml;r varm. Min f&ouml;rsta tanke var ju att Fia inte st&auml;ngt d&ouml;rren ordentligt p&aring; kv&auml;llen innan, men n&auml;r jag mixtrade lite med den s&aring; vsade det sig att den inte ville st&auml;nga ordentligt, det d&auml;r suget som blir n&auml;r man st&auml;nger frysen h&auml;nde aldrig. Jag s&auml;nkte temperaturen till max oxh &aring;kte till jobbet. Hade ju liksom inte tid med annat just d&aring;.<br \/>framemot f&ouml;rmiddagen ringde jag hem och v&auml;ckte Robin som fick i uppdrag att kolla om det hade haft n&aring;gon effekt att s&auml;nka temperaturen. Det hade det inte. S&aring; han och min mor k&aring;nkade &ouml;ver all mat till deras frys ist&auml;llet.<br \/>Torsdagen hade jag ju d&aring; t&auml;nkt &auml;gna &aring;t att frosta av frysen, f&ouml;r att se om det var d&auml;r problemet l&aring;g. Halvv&auml;gs in i projektet ringde maija och fr&aring;gade om jag kunde jobba natten. Jod&aring;, sa jag (&ouml;vertid sitter ju aldrig fel p&aring; l&ouml;nebeskedet), s&aring; det var bara att runda av frysprojektet lite lagom, st&auml;lla en stooor bunke under och l&auml;gga mig f&ouml;r ett par timmar taktiks&ouml;mn. Sen l&auml;mnade jag nyckeln till modern som fick g&aring; upp och kolla l&auml;get. Hon beh&ouml;vde bara g&aring; upp en g&aring;ng, f&ouml;r det mesta var ju klart n&auml;r jag gick, bara lite kvar.<br \/>Idag har jag skurat ur och k&ouml;rt ig&aring;ng frysen igen, och nu funkar den som den ska! Mysko, men inget att bekymra sig &ouml;ver l&auml;ngre, allts&aring;.<\/p>\n<p>Nattarbetet gick bra. Lite r&ouml;rigt en stund med en patient som hellre ville leka karusell bland alla slangar och slangar &auml;n lyssna p&aring; oss och g&ouml;ra som man ska n&auml;r man f&ouml;der barn, men vi redde upp det till slut, och ut kom en s&ouml;t liten flicka. Eftersom jag var inne p&aring; en extranatt s&aring; hade jag ocks&aring; f&ouml;rhandlat till mig att f&aring; sluta redan klockan 6, s&aring; jag var hemma klockan 8, h&auml;mtade nyckel hos f&ouml;r&auml;ldrarna och var i s&auml;ng redan kvart &ouml;ver &aring;tta. Trodde f&ouml;rst jag skulle ha sv&aring;rt att somna med alla ljud som var utanf&ouml;r huset, men jag slocknade p&aring; en &ouml;gonblink.<\/p>\n<p>Sen jag vaknade har jag allts&aring; druckit kaffe, flyttat tillbaka min mat till frysen och vikt tv&auml;tt. Inte m&aring;nga knop h&auml;r idag. Snart ska jag v&auml;l se v om jag kan hitta n&aring;t att sl&auml;nga ihop till middag.<\/p>\n<p>&nbsp;<\/p>\n","protected":false},"excerpt":{"rendered":"<p>I tisdags kv&auml;ll kom Fia hem klockan 23. D&aring; b&ouml;rjade hon rota runt i k&ouml;ket efter n&aring;got att &auml;ta, och kom p&aring; den brajta id&egrave;n att hon skulle koka broccoli (fryst) och &auml;ta macka till det. Ingen h&ouml;jdarm&aring;ltid, direkt. Jag hade inte somnat &auml;n, s&aring; jag ropade till henne att det fanns f&auml;rdig broccoli i&#8230;<\/p>\n","protected":false},"author":1,"featured_media":0,"comment_status":"open","ping_status":"open","sticky":false,"template":"","format":"standard","meta":{"jetpack_post_was_ever_published":false,"_jetpack_newsletter_access":"","_jetpack_dont_email_post_to_subs":false,"_jetpack_newsletter_tier_id":0,"_jetpack_memberships_contains_paywalled_content":false,"_jetpack_memberships_contains_paid_content":false,"footnotes":"","jetpack_publicize_message":"","jetpack_publicize_feature_enabled":true,"jetpack_social_post_already_shared":false,"jetpack_social_options":{"image_generator_settings":{"template":"highway","default_image_id":0,"font":"","enabled":false},"version":2}},"categories":[47],"tags":[],"class_list":["post-198","post","type-post","status-publish","format-standard","hentry","category-vardagsliv"],"jetpack_publicize_connections":[],"jetpack_featured_media_url":"","jetpack_shortlink":"https:\/\/wp.me\/p3qko4-3c","jetpack_sharing_enabled":true,"jetpack_likes_enabled":true,"jetpack-related-posts":[{"id":1731,"url":"https:\/\/blogg.fumei.se\/?p=1731","url_meta":{"origin":198,"position":0},"title":"Idag var en s\u00e5n d\u00e4r dag","author":"M :)","date":"2011-11-12","format":false,"excerpt":"n\u00e4r man inte f\u00e5r tummen ur. Det b\u00f6rjade bra, jag fick sovmorgon \u00e4nda till 10-sn\u00e5ret, med en mindre avbrott p\u00e5 sis\u00e5d\u00e4r en halvtimme i morse vid sextiden, n\u00e4r jag vaknade av v\u00e4rk fr\u00e5n t\u00e5n upp i hela foten s\u00e5 jag var tvungen att sl\u00e4pa mig upp f\u00f6r att peta i\u2026","rel":"","context":"I \u201dHemmet\u201d","block_context":{"text":"Hemmet","link":"https:\/\/blogg.fumei.se\/?cat=31"},"img":{"alt_text":"","src":"","width":0,"height":0},"classes":[]},{"id":1180,"url":"https:\/\/blogg.fumei.se\/?p=1180","url_meta":{"origin":198,"position":1},"title":"Slutet \u00e4r n\u00e4ra&#8230;","author":"M :)","date":"2009-11-30","format":false,"excerpt":"Idag \u00e4r det officiellt h\u00f6stens sista dag, och imorgon \u00e4r det 1:a December och den f\u00f6rsta vinterm\u00e5naden b\u00f6rjar. Ska bli intressant att se hur l\u00e4nge v\u00e4dret envist t\u00e4nker h\u00e5lla sig kvar i h\u00f6sten innan vi f\u00e5r sn\u00f6 och riktig vinter.Ig\u00e5r var det f\u00f6rsta Advent. Jag orkade inte blogga ig\u00e5r, f\u00f6r\u2026","rel":"","context":"I \u201dVardagsliv\u201d","block_context":{"text":"Vardagsliv","link":"https:\/\/blogg.fumei.se\/?cat=47"},"img":{"alt_text":"","src":"","width":0,"height":0},"classes":[]},{"id":132,"url":"https:\/\/blogg.fumei.se\/?p=132","url_meta":{"origin":198,"position":2},"title":"Graveyard Waltz","author":"M :)","date":"2011-01-05","format":false,"excerpt":"Dagen f\u00f6rsvann i ett nafs! B\u00f6rjade med att ta lite sovmorgon, tyckte att jag f\u00f6rtj\u00e4nade det efter att vi hade hejdl\u00f6st mycket att g\u00f6ra ig\u00e5r kv\u00e4ll p\u00e5 jobet. Sen l\u00e4ste jag ut \"Pride and prejudice and zombies\" och vinkade av J som skulle in till stan p\u00e5 m\u00f6te med Nyf\u00f6retagarcentrum.D\u00e4refter\u2026","rel":"","context":"I \u201dVardagsliv\u201d","block_context":{"text":"Vardagsliv","link":"https:\/\/blogg.fumei.se\/?cat=47"},"img":{"alt_text":"","src":"","width":0,"height":0},"classes":[]},{"id":3689,"url":"https:\/\/blogg.fumei.se\/?p=3689","url_meta":{"origin":198,"position":3},"title":"Det \u00e4r inte l\u00e4tt n\u00e4r det \u00e4r sv\u00e5rt&#8230;","author":"M :)","date":"2015-06-24","format":false,"excerpt":"Urs\u00e4kta om jag verkar lite gn\u00e4llig och grinig, men hur j\u00e4vla sv\u00e5rt kan det vara?? Fick en lapp i brevl\u00e5dan om att f\u00f6nstren skulle m\u00e5las i b\u00f6rjan av juni. Sen kom en lapp fr\u00e5n m\u00e5laren med exakt dag. N\u00e4r dagen kom hade jag gjort allt som de bett om, dvs\u2026","rel":"","context":"I \u201dVardagsliv\u201d","block_context":{"text":"Vardagsliv","link":"https:\/\/blogg.fumei.se\/?cat=47"},"img":{"alt_text":"","src":"","width":0,"height":0},"classes":[]},{"id":153,"url":"https:\/\/blogg.fumei.se\/?p=153","url_meta":{"origin":198,"position":4},"title":"Om ni inte m\u00e4rkte det sj\u00e4lva","author":"M :)","date":"2010-11-25","format":false,"excerpt":"s\u00e5 \u00e4r jag klar med att fixa med bloggen f\u00f6r den h\u00e4r g\u00e5ngen. Blev ganska n\u00f6jd, lite vintrigt tema i headern utan att f\u00f6r den skull vara \u00f6verdrivet sn\u00f6igt. Lite n\u00e4rmare jul kommer det nog en mera julig header... Idag har jag slitit som ett djur p\u00e5 jobbet, men det\u2026","rel":"","context":"I \u201dVardagsliv\u201d","block_context":{"text":"Vardagsliv","link":"https:\/\/blogg.fumei.se\/?cat=47"},"img":{"alt_text":"","src":"","width":0,"height":0},"classes":[]},{"id":1022,"url":"https:\/\/blogg.fumei.se\/?p=1022","url_meta":{"origin":198,"position":5},"title":"S\u00f6ndagslista","author":"M :)","date":"2009-07-19","format":false,"excerpt":"1. St\u00e4nger du av mobilen n\u00e4r du sover?Nej.\u00a0Dels anv\u00e4nder jag den som v\u00e4ckarklocka, dels\u00a0vill jag\u00a0kunna bli n\u00e5dd om det h\u00e4nder n\u00e5got.2. Vem s\u00e5g dig senast naken?\u00c5h herregud det \u00e4r s\u00e5 l\u00e4ngesen att jag inte minns!3. Hur s\u00e5g du ut p\u00e5 h\u00f6gstadiet?Kort, alldaglig, vanlig...4. Hur kommer du se ut om tjugo\u2026","rel":"","context":"I \u201dVardagsliv\u201d","block_context":{"text":"Vardagsliv","link":"https:\/\/blogg.fumei.se\/?cat=47"},"img":{"alt_text":"","src":"","width":0,"height":0},"classes":[]}],"_links":{"self":[{"href":"https:\/\/blogg.fumei.se\/index.php?rest_route=\/wp\/v2\/posts\/198","targetHints":{"allow":["GET"]}}],"collection":[{"href":"https:\/\/blogg.fumei.se\/index.php?rest_route=\/wp\/v2\/posts"}],"about":[{"href":"https:\/\/blogg.fumei.se\/index.php?rest_route=\/wp\/v2\/types\/post"}],"author":[{"embeddable":true,"href":"https:\/\/blogg.fumei.se\/index.php?rest_route=\/wp\/v2\/users\/1"}],"replies":[{"embeddable":true,"href":"https:\/\/blogg.fumei.se\/index.php?rest_route=%2Fwp%2Fv2%2Fcomments&post=198"}],"version-history":[{"count":0,"href":"https:\/\/blogg.fumei.se\/index.php?rest_route=\/wp\/v2\/posts\/198\/revisions"}],"wp:attachment":[{"href":"https:\/\/blogg.fumei.se\/index.php?rest_route=%2Fwp%2Fv2%2Fmedia&parent=198"}],"wp:term":[{"taxonomy":"category","embeddable":true,"href":"https:\/\/blogg.fumei.se\/index.php?rest_route=%2Fwp%2Fv2%2Fcategories&post=198"},{"taxonomy":"post_tag","embeddable":true,"href":"https:\/\/blogg.fumei.se\/index.php?rest_route=%2Fwp%2Fv2%2Ftags&post=198"}],"curies":[{"name":"wp","href":"https:\/\/api.w.org\/{rel}","templated":true}]}}