{"id":2007,"date":"2012-01-06T16:01:29","date_gmt":"2012-01-06T15:01:29","guid":{"rendered":"http:\/\/blogg.fumei.se\/?p=2007"},"modified":"2012-01-06T18:51:00","modified_gmt":"2012-01-06T17:51:00","slug":"ah-men-skit-ocksa-da","status":"publish","type":"post","link":"https:\/\/blogg.fumei.se\/?p=2007","title":{"rendered":"\u00c4h, men skit ocks\u00e5, d\u00e5&#8230;"},"content":{"rendered":"<p>Jag missade att avbest\u00e4lla m\u00e5nadens bokpaket fr\u00e5n Pocketsmart, s\u00e5 idag fick jag sn\u00e4llt h\u00e4mta ut ett par nya pocketb\u00f6cker. Blev lite gladare av att den ena var Anders Fagers\u00a0 <a href=\"http:\/\/www.adlibris.com\/se\/product.aspx?isbn=9146220968\" target=\"_blank\">Samlade svenska kulter<\/a>. Den andra var Viveca Stens<a href=\"http:\/\/www.bokia.se\/i-natt-ar-du-dod-5053173?gclid=COWFgIH7u60CFStYmAodd07O_A\" target=\"_blank\"> I natt \u00e4r du d\u00f6d<\/a>. Jag gav den till mor.)<\/p>\n<p><a href=\"https:\/\/blogg.fumei.se\/?attachment_id=2008\" rel=\"attachment wp-att-2008\"><img data-recalc-dims=\"1\" loading=\"lazy\" decoding=\"async\" data-attachment-id=\"2008\" data-permalink=\"https:\/\/blogg.fumei.se\/?attachment_id=2008\" data-orig-file=\"https:\/\/i0.wp.com\/blogg.fumei.se\/wp-content\/uploads\/2012\/01\/2012-01-06-14.48.49.jpg?fit=720%2C960&amp;ssl=1\" data-orig-size=\"720,960\" data-comments-opened=\"1\" data-image-meta=\"{&quot;aperture&quot;:&quot;2.7&quot;,&quot;credit&quot;:&quot;&quot;,&quot;camera&quot;:&quot;GT-I5500&quot;,&quot;caption&quot;:&quot;&quot;,&quot;created_timestamp&quot;:&quot;1325861328&quot;,&quot;copyright&quot;:&quot;&quot;,&quot;focal_length&quot;:&quot;2.73&quot;,&quot;iso&quot;:&quot;200&quot;,&quot;shutter_speed&quot;:&quot;0.125&quot;,&quot;title&quot;:&quot;&quot;}\" data-image-title=\"2012-01-06 14.48.49\" data-image-description=\"\" data-image-caption=\"\" data-large-file=\"https:\/\/i0.wp.com\/blogg.fumei.se\/wp-content\/uploads\/2012\/01\/2012-01-06-14.48.49.jpg?fit=487%2C650&amp;ssl=1\" class=\"aligncenter size-medium wp-image-2008\" title=\"2012-01-06 14.48.49\" src=\"https:\/\/i0.wp.com\/blogg.fumei.se\/wp-content\/uploads\/2012\/01\/2012-01-06-14.48.49.jpg?resize=225%2C300&#038;ssl=1\" alt=\"\" width=\"225\" height=\"300\" srcset=\"https:\/\/i0.wp.com\/blogg.fumei.se\/wp-content\/uploads\/2012\/01\/2012-01-06-14.48.49.jpg?resize=225%2C300&amp;ssl=1 225w, https:\/\/i0.wp.com\/blogg.fumei.se\/wp-content\/uploads\/2012\/01\/2012-01-06-14.48.49.jpg?resize=487%2C650&amp;ssl=1 487w, https:\/\/i0.wp.com\/blogg.fumei.se\/wp-content\/uploads\/2012\/01\/2012-01-06-14.48.49.jpg?w=720&amp;ssl=1 720w\" sizes=\"auto, (max-width: 225px) 100vw, 225px\" \/><\/a><\/p>\n<div>Gills det om man missade och gl\u00f6mde, eller har jag sabbat det d\u00e4r k\u00f6pstoppet nu? \ud83d\ude41 Jag kan ju alltid ge bort den andra i present&#8230;<\/div>\n<div>\u00a0<\/div>\n","protected":false},"excerpt":{"rendered":"<p>Jag missade att avbest\u00e4lla m\u00e5nadens bokpaket fr\u00e5n Pocketsmart, s\u00e5 idag fick jag sn\u00e4llt h\u00e4mta ut ett par nya pocketb\u00f6cker. Blev lite gladare av att den ena var Anders Fagers\u00a0 Samlade svenska kulter. Den andra var Viveca Stens I natt \u00e4r du d\u00f6d. Jag gav den till mor.) Gills det om man missade och gl\u00f6mde, eller&#8230;<\/p>\n","protected":false},"author":1,"featured_media":0,"comment_status":"open","ping_status":"open","sticky":false,"template":"","format":"standard","meta":{"jetpack_post_was_ever_published":false,"_jetpack_newsletter_access":"","_jetpack_dont_email_post_to_subs":false,"_jetpack_newsletter_tier_id":0,"_jetpack_memberships_contains_paywalled_content":false,"_jetpack_memberships_contains_paid_content":false,"footnotes":"","jetpack_publicize_message":"","jetpack_publicize_feature_enabled":true,"jetpack_social_post_already_shared":false,"jetpack_social_options":{"image_generator_settings":{"template":"highway","default_image_id":0,"font":"","enabled":false},"version":2}},"categories":[29],"tags":[45,128],"class_list":["post-2007","post","type-post","status-publish","format-standard","hentry","category-bocker-och-lasning","tag-bocker","tag-kopstopp"],"jetpack_publicize_connections":[],"jetpack_featured_media_url":"","jetpack_shortlink":"https:\/\/wp.me\/p3qko4-wn","jetpack_sharing_enabled":true,"jetpack_likes_enabled":true,"jetpack-related-posts":[{"id":2447,"url":"https:\/\/blogg.fumei.se\/?p=2447","url_meta":{"origin":2007,"position":0},"title":"Somnarl\u00e4sning","author":"M :)","date":"2012-07-05","format":false,"excerpt":"Kombinationen n\u00e4tbokklubb och sm\u00e5tt f\u00f6rvirrad och gl\u00f6msk jag blir att jag - nio av tio g\u00e5nger - missar deadline f\u00f6re att avboka eller \u00e4ndra paketen varje m\u00e5nad. Ibland \u00e4r det n\u00e5gon bok med som jag redan vet att jag s\u00e5 sm\u00e5ningom vill l\u00e4sa, ofta hamnar b\u00f6ckerna i hyllan och v\u00e4rmer\u2026","rel":"","context":"I \u201dVardagsliv\u201d","block_context":{"text":"Vardagsliv","link":"https:\/\/blogg.fumei.se\/?cat=47"},"img":{"alt_text":"","src":"https:\/\/i0.wp.com\/blogg.fumei.se\/wp-content\/uploads\/2012\/07\/20120705_111601-1-650x531.jpg?resize=350%2C200","width":350,"height":200,"srcset":"https:\/\/i0.wp.com\/blogg.fumei.se\/wp-content\/uploads\/2012\/07\/20120705_111601-1-650x531.jpg?resize=350%2C200 1x, https:\/\/i0.wp.com\/blogg.fumei.se\/wp-content\/uploads\/2012\/07\/20120705_111601-1-650x531.jpg?resize=525%2C300 1.5x"},"classes":[]},{"id":1101,"url":"https:\/\/blogg.fumei.se\/?p=1101","url_meta":{"origin":2007,"position":1},"title":"Tjejsnack vecka 39","author":"M :)","date":"2009-09-20","format":false,"excerpt":"Vill du ocks\u00e5 vara med? Du hittar Tjejsnack h\u00e4r.B\u00f6cker 1. Anv\u00e4nder du bokm\u00e4rke n\u00e4r du l\u00e4ser, vilken typ?Jag anv\u00e4nder bara bokm\u00e4rke n\u00e4r jag l\u00e4ser b\u00f6cker som inte \u00e4r mina egna, tex l\u00e5nade fr\u00e5n biblioteket. Annars viker jag h\u00f6rn. 2. Vilken \u00e4r din favoritbok?Det finns flera b\u00f6cker jag \u00e4lskar, men Sagan\u2026","rel":"","context":"I \u201dVardagsliv\u201d","block_context":{"text":"Vardagsliv","link":"https:\/\/blogg.fumei.se\/?cat=47"},"img":{"alt_text":"","src":"","width":0,"height":0},"classes":[]},{"id":62,"url":"https:\/\/blogg.fumei.se\/?p=62","url_meta":{"origin":2007,"position":2},"title":"30 dagar i b\u00f6cker &#8211; Dag 20 till 27","author":"M :)","date":"2011-03-03","format":false,"excerpt":"Jag har ju som bekant inte m\u00e5tt alltf\u00f6r bra, s\u00e5 jag tar v\u00e4l igen den missade veckan\u00a0 i ett svep.\u00a0F\u00f6r er som har missat att jag varit sjuk kommer det ett annat inl\u00e4gg om det senare. Men nu g\u00e4ller det b\u00f6cker. Day 20 \u2013 Favorite romance book Jag funderar lite\u2026","rel":"","context":"I \u201dVardagsliv\u201d","block_context":{"text":"Vardagsliv","link":"https:\/\/blogg.fumei.se\/?cat=47"},"img":{"alt_text":"","src":"","width":0,"height":0},"classes":[]},{"id":1078,"url":"https:\/\/blogg.fumei.se\/?p=1078","url_meta":{"origin":2007,"position":3},"title":"Det var ju det d\u00e4r med b\u00f6cker&#8230;","author":"M :)","date":"2009-08-05","format":false,"excerpt":"Trots att jag har en ordentlig h\u00f6g liggande, som jag egentligen borde l\u00e4sa innan jag skaffar n\u00e5t mer, s\u00e5 hamnade jag idag p\u00e5 biblioteket. Inte lilla bibblan h\u00e4r hemma, eller ens inne i falk\u00f6ping, utan stadsbiblioteket i Gbg. F\u00f6r tack vare sommartidtabeller och folk som inte lyssnar n\u00e4r man s\u00e4ger\u2026","rel":"","context":"I \u201dVardagsliv\u201d","block_context":{"text":"Vardagsliv","link":"https:\/\/blogg.fumei.se\/?cat=47"},"img":{"alt_text":"","src":"","width":0,"height":0},"classes":[]},{"id":697,"url":"https:\/\/blogg.fumei.se\/?p=697","url_meta":{"origin":2007,"position":4},"title":"Mja&#8230;","author":"M :)","date":"2008-11-04","format":false,"excerpt":"s\u00e5 var denna dag \u00f6ver ocks\u00e5. Det gick bra hos l\u00e4karen. Robin har bra r\u00f6rlighet i benen och f\u00f6tterna och har inga andra problem \u00e4n att han fortfarande inte kan cykla p\u00e5 en vanlig cykel, men det \u00e4r ju en v\u00e4rldslig fr\u00e5ga (som vi ska ta tag i igen till\u2026","rel":"","context":"I \u201dVardagsliv\u201d","block_context":{"text":"Vardagsliv","link":"https:\/\/blogg.fumei.se\/?cat=47"},"img":{"alt_text":"","src":"","width":0,"height":0},"classes":[]},{"id":652,"url":"https:\/\/blogg.fumei.se\/?p=652","url_meta":{"origin":2007,"position":5},"title":"Filmrecension Twilight","author":"M :)","date":"2008-11-21","format":false,"excerpt":"Eller inte. Jag ska nog inte ge mig p\u00e5 att recensera Twilight, bara skriva lite om vad jag tyckte om den. F\u00f6rst och fr\u00e4mst var det v\u00e4ntat, iaf fr\u00e5n min sida, att den inte skulle f\u00f6lja boken till punkt och pricka. Hade den gjort det hade filmen blivit s\u00e5d\u00e4r en\u2026","rel":"","context":"I \u201dFilmer och TV\u201d","block_context":{"text":"Filmer och TV","link":"https:\/\/blogg.fumei.se\/?cat=43"},"img":{"alt_text":"","src":"","width":0,"height":0},"classes":[]}],"_links":{"self":[{"href":"https:\/\/blogg.fumei.se\/index.php?rest_route=\/wp\/v2\/posts\/2007","targetHints":{"allow":["GET"]}}],"collection":[{"href":"https:\/\/blogg.fumei.se\/index.php?rest_route=\/wp\/v2\/posts"}],"about":[{"href":"https:\/\/blogg.fumei.se\/index.php?rest_route=\/wp\/v2\/types\/post"}],"author":[{"embeddable":true,"href":"https:\/\/blogg.fumei.se\/index.php?rest_route=\/wp\/v2\/users\/1"}],"replies":[{"embeddable":true,"href":"https:\/\/blogg.fumei.se\/index.php?rest_route=%2Fwp%2Fv2%2Fcomments&post=2007"}],"version-history":[{"count":5,"href":"https:\/\/blogg.fumei.se\/index.php?rest_route=\/wp\/v2\/posts\/2007\/revisions"}],"predecessor-version":[{"id":2013,"href":"https:\/\/blogg.fumei.se\/index.php?rest_route=\/wp\/v2\/posts\/2007\/revisions\/2013"}],"wp:attachment":[{"href":"https:\/\/blogg.fumei.se\/index.php?rest_route=%2Fwp%2Fv2%2Fmedia&parent=2007"}],"wp:term":[{"taxonomy":"category","embeddable":true,"href":"https:\/\/blogg.fumei.se\/index.php?rest_route=%2Fwp%2Fv2%2Fcategories&post=2007"},{"taxonomy":"post_tag","embeddable":true,"href":"https:\/\/blogg.fumei.se\/index.php?rest_route=%2Fwp%2Fv2%2Ftags&post=2007"}],"curies":[{"name":"wp","href":"https:\/\/api.w.org\/{rel}","templated":true}]}}