{"id":202,"date":"2010-07-09T10:46:00","date_gmt":"2010-07-09T10:46:00","guid":{"rendered":"\/Blogg\/post\/En-liten-lektion-i-biografetik.aspx"},"modified":"2024-03-30T11:30:23","modified_gmt":"2024-03-30T10:30:23","slug":"en-liten-lektion-i-biografetik","status":"publish","type":"post","link":"https:\/\/blogg.fumei.se\/?p=202","title":{"rendered":"En liten lektion i biografetik"},"content":{"rendered":"<p style=\"padding-left: 40px;\">Ig\u00e5r var jag iv\u00e4g och s\u00e5g Eclipse. Den var bra, och recension kommer senare.<br \/>\nN\u00e4r jag satt d\u00e4r i biosalongen p\u00e5mindes jag om varf\u00f6r jag egentligen inte gillar att g\u00e5 p\u00e5 bio, s\u00e5 h\u00e4r kommer en liten p\u00e5minnelselista f\u00f6r er som inte vet hur man uppf\u00f6r sig korrekt p\u00e5 bio:<\/p>\n<ol>\n<li>Sparka inte p\u00e5 stolen framf\u00f6r. L\u00e4gg heller inte upp f\u00f6tterna p\u00e5 ryggst\u00f6det p\u00e5 stolen framf\u00f6r. Detta g\u00e4ller i h\u00f6gsta grad n\u00e4r n\u00e5gon sitter i den stolen.<\/li>\n<li>K\u00f6p godis i mjuka plastp\u00e5sar. K\u00f6p <em>inte<\/em> godis med papper p\u00e5 eller godis som l\u00e5ter n\u00e4r man tuggar det. Om du m\u00e5ste k\u00f6pa godis med papper p\u00e5 &#8211; \u00e4t det efter\u00e5t.<\/li>\n<li>St\u00e4ng av mobilen! Om du inte vill st\u00e4nga av kan du v\u00e4l \u00e5tminstone st\u00e4nga av ljud och vibration. Ja, det l\u00e5ter faktiskt i hela salongen n\u00e4r din mobil ligger i v\u00e4skan och surrar!<\/li>\n<li>Prata g\u00e4rna under reklamfilmen, men n\u00e4r sj\u00e4lva filmen b\u00f6rjar, s\u00e5 <strong>h\u00e5ll klaffen<\/strong>! G\u00e4ller s\u00e4rskilt dig som sett filmen innan! Stor id\u00e9 att g\u00e5 p\u00e5 bio n\u00e4r n\u00e5n sitter bredvid och ber\u00e4ttar vad som ska h\u00e4nda, eller??!??<\/li>\n<\/ol>\n<p>Det \u00e4r v\u00e4l inte s\u00e5 sv\u00e5rt, egentligen?<\/p>\n","protected":false},"excerpt":{"rendered":"<p>Ig\u00e5r var jag iv\u00e4g och s\u00e5g Eclipse. Den var bra, och recension kommer senare. N\u00e4r jag satt d\u00e4r i biosalongen p\u00e5mindes jag om varf\u00f6r jag egentligen inte gillar att g\u00e5 p\u00e5 bio, s\u00e5 h\u00e4r kommer en liten p\u00e5minnelselista f\u00f6r er som inte vet hur man uppf\u00f6r sig korrekt p\u00e5 bio: Sparka inte p\u00e5 stolen framf\u00f6r&#8230;.<\/p>\n","protected":false},"author":1,"featured_media":0,"comment_status":"open","ping_status":"open","sticky":false,"template":"","format":"standard","meta":{"jetpack_post_was_ever_published":false,"_jetpack_newsletter_access":"","_jetpack_dont_email_post_to_subs":false,"_jetpack_newsletter_tier_id":0,"_jetpack_memberships_contains_paywalled_content":false,"_jetpack_memberships_contains_paid_content":false,"footnotes":"","jetpack_publicize_message":"","jetpack_publicize_feature_enabled":true,"jetpack_social_post_already_shared":false,"jetpack_social_options":{"image_generator_settings":{"template":"highway","default_image_id":0,"font":"","enabled":false},"version":2}},"categories":[47],"tags":[],"class_list":["post-202","post","type-post","status-publish","format-standard","hentry","category-vardagsliv"],"jetpack_publicize_connections":[],"jetpack_featured_media_url":"","jetpack_shortlink":"https:\/\/wp.me\/p3qko4-3g","jetpack_sharing_enabled":true,"jetpack_likes_enabled":true,"jetpack-related-posts":[{"id":1083,"url":"https:\/\/blogg.fumei.se\/?p=1083","url_meta":{"origin":202,"position":0},"title":"Gott och blandat","author":"M :)","date":"2009-08-02","format":false,"excerpt":"Kom att t\u00e4nka p\u00e5 n\u00e5gra sm\u00e5 saker som jag inte skrivit om fast jag skrivit andra inl\u00e4gg i veckan. Bla om hur st\u00f6rande vissa m\u00e4nniskor \u00e4r n\u00e4r de g\u00e5r p\u00e5 bio. N\u00e4r Robin och jag var p\u00e5 HP i onsdags var det ett par som satt och pratade fast filmen\u2026","rel":"","context":"I \u201dVardagsliv\u201d","block_context":{"text":"Vardagsliv","link":"https:\/\/blogg.fumei.se\/?cat=47"},"img":{"alt_text":"","src":"","width":0,"height":0},"classes":[]},{"id":27,"url":"https:\/\/blogg.fumei.se\/?p=27","url_meta":{"origin":202,"position":1},"title":"Jag plockar smultron vid v\u00e4gens kant&#8230;","author":"M :)","date":"2011-06-26","format":false,"excerpt":"...och tr\u00e4r sen upp dem p\u00e5 str\u00e5n... Midsommarafton spenderade ton\u00e5ringarna hos sin far och J och jag lunchade sill och potatis (inte J; han \u00e4ter varken sill, r\u00f6kt lax - \"r\u00e5 fisk, bl\u00e4!\" - eller skaldjur) innan vi for iv\u00e4g p\u00e5 egen hand. Vi styrde kosan mot K\u00e5llands\u00f6 och L\u00e4ck\u00f6\u2026","rel":"","context":"I \u201dVardagsliv\u201d","block_context":{"text":"Vardagsliv","link":"https:\/\/blogg.fumei.se\/?cat=47"},"img":{"alt_text":"","src":"https:\/\/i0.wp.com\/blogg.fumei.se\/wp-content\/uploads\/2011\/06\/2011-06-24-14.47.58.jpg?resize=350%2C200","width":350,"height":200},"classes":[]},{"id":4339,"url":"https:\/\/blogg.fumei.se\/?p=4339","url_meta":{"origin":202,"position":2},"title":"Att ta adj\u00f6","author":"M :)","date":"2017-03-30","format":false,"excerpt":"Ig\u00e5r hade vi begravning f\u00f6r pappa. Mamma, vi barn, barnbarn och barnbarnsbarn, Hanne och Flemming samt m\u00e5nga av mamma och pappas v\u00e4nner. Dessutom var Sylwia med, och Jorge kom ocks\u00e5. Ceremonin h\u00f6lls i kyrkans hus i Floby, och efter\u00e5t gick vi alla till en annan lokal d\u00e4r vi fikade. Det\u2026","rel":"","context":"I \u201dFamiljen\u201d","block_context":{"text":"Familjen","link":"https:\/\/blogg.fumei.se\/?cat=34"},"img":{"alt_text":"","src":"https:\/\/i0.wp.com\/blogg.fumei.se\/wp-content\/uploads\/2017\/12\/20170329_123844-e1512210110370.jpg?resize=350%2C200","width":350,"height":200,"srcset":"https:\/\/i0.wp.com\/blogg.fumei.se\/wp-content\/uploads\/2017\/12\/20170329_123844-e1512210110370.jpg?resize=350%2C200 1x, https:\/\/i0.wp.com\/blogg.fumei.se\/wp-content\/uploads\/2017\/12\/20170329_123844-e1512210110370.jpg?resize=525%2C300 1.5x, https:\/\/i0.wp.com\/blogg.fumei.se\/wp-content\/uploads\/2017\/12\/20170329_123844-e1512210110370.jpg?resize=700%2C400 2x, https:\/\/i0.wp.com\/blogg.fumei.se\/wp-content\/uploads\/2017\/12\/20170329_123844-e1512210110370.jpg?resize=1050%2C600 3x, https:\/\/i0.wp.com\/blogg.fumei.se\/wp-content\/uploads\/2017\/12\/20170329_123844-e1512210110370.jpg?resize=1400%2C800 4x"},"classes":[]},{"id":137,"url":"https:\/\/blogg.fumei.se\/?p=137","url_meta":{"origin":202,"position":3},"title":"Det h\u00e4r med att h\u00e5lla diet","author":"M :)","date":"2011-01-03","format":false,"excerpt":"Det \u00e4r ingen enkel match att h\u00e5lla sig till bara det som \u00e4r bra f\u00f6r en, n\u00e4r man \u00e4r van vid att ha n\u00e5got att mumsa p\u00e5 framf\u00f6r tv:n p\u00e5 kv\u00e4llarna, eller n\u00e4r patienter kommer med godis och kakor som tack f\u00f6r god v\u00e5rd. Men jag har banne mig varit\u2026","rel":"","context":"I \u201dVardagsliv\u201d","block_context":{"text":"Vardagsliv","link":"https:\/\/blogg.fumei.se\/?cat=47"},"img":{"alt_text":"","src":"","width":0,"height":0},"classes":[]},{"id":7137,"url":"https:\/\/blogg.fumei.se\/?p=7137","url_meta":{"origin":202,"position":4},"title":"Glad 1:a advent!","author":"M :)","date":"2024-12-01","format":false,"excerpt":"I flera veckor har vi bombarderats med julskyltning, reklam och diverse jul-relaterade varor i butikerna. Men jag har som princip att inte plocka fram n\u00e5got h\u00e4r hemma innan det \u00e4r dags att ta fram - till att b\u00f6rja med - ljusstakar och stj\u00e4rnor, eller att \u00e4ta eller dricka varken pepparkakor,\u2026","rel":"","context":"I \u201dVardagsliv\u201d","block_context":{"text":"Vardagsliv","link":"https:\/\/blogg.fumei.se\/?cat=47"},"img":{"alt_text":"","src":"https:\/\/i0.wp.com\/blogg.fumei.se\/wp-content\/uploads\/2024\/12\/604E3EBA-3F36-4BB6-9580-8462B3BFCE89_1_105_c-e1733239978434.jpeg?resize=350%2C200","width":350,"height":200,"srcset":"https:\/\/i0.wp.com\/blogg.fumei.se\/wp-content\/uploads\/2024\/12\/604E3EBA-3F36-4BB6-9580-8462B3BFCE89_1_105_c-e1733239978434.jpeg?resize=350%2C200 1x, https:\/\/i0.wp.com\/blogg.fumei.se\/wp-content\/uploads\/2024\/12\/604E3EBA-3F36-4BB6-9580-8462B3BFCE89_1_105_c-e1733239978434.jpeg?resize=525%2C300 1.5x"},"classes":[]},{"id":75,"url":"https:\/\/blogg.fumei.se\/?p=75","url_meta":{"origin":202,"position":5},"title":"Struntviktig","author":"M :)","date":"2011-02-16","format":false,"excerpt":"Jo, lite s\u00e5 var det med vissa personer idag n\u00e4r jag var p\u00e5 m\u00f6te p\u00e5 jobbet. N\u00e5gra av de n\u00e4rvarande tyckte visst att de var lite b\u00e4ttre \u00e4n oss andra, tills de ins\u00e5g att de inte hade n\u00e5got att s\u00e4ga till om. Det var ett m\u00f6te d\u00e4r vi skulle f\u00e5\u2026","rel":"","context":"I \u201dVardagsliv\u201d","block_context":{"text":"Vardagsliv","link":"https:\/\/blogg.fumei.se\/?cat=47"},"img":{"alt_text":"","src":"","width":0,"height":0},"classes":[]}],"_links":{"self":[{"href":"https:\/\/blogg.fumei.se\/index.php?rest_route=\/wp\/v2\/posts\/202","targetHints":{"allow":["GET"]}}],"collection":[{"href":"https:\/\/blogg.fumei.se\/index.php?rest_route=\/wp\/v2\/posts"}],"about":[{"href":"https:\/\/blogg.fumei.se\/index.php?rest_route=\/wp\/v2\/types\/post"}],"author":[{"embeddable":true,"href":"https:\/\/blogg.fumei.se\/index.php?rest_route=\/wp\/v2\/users\/1"}],"replies":[{"embeddable":true,"href":"https:\/\/blogg.fumei.se\/index.php?rest_route=%2Fwp%2Fv2%2Fcomments&post=202"}],"version-history":[{"count":1,"href":"https:\/\/blogg.fumei.se\/index.php?rest_route=\/wp\/v2\/posts\/202\/revisions"}],"predecessor-version":[{"id":6757,"href":"https:\/\/blogg.fumei.se\/index.php?rest_route=\/wp\/v2\/posts\/202\/revisions\/6757"}],"wp:attachment":[{"href":"https:\/\/blogg.fumei.se\/index.php?rest_route=%2Fwp%2Fv2%2Fmedia&parent=202"}],"wp:term":[{"taxonomy":"category","embeddable":true,"href":"https:\/\/blogg.fumei.se\/index.php?rest_route=%2Fwp%2Fv2%2Fcategories&post=202"},{"taxonomy":"post_tag","embeddable":true,"href":"https:\/\/blogg.fumei.se\/index.php?rest_route=%2Fwp%2Fv2%2Ftags&post=202"}],"curies":[{"name":"wp","href":"https:\/\/api.w.org\/{rel}","templated":true}]}}