{"id":2027,"date":"2012-01-07T20:43:08","date_gmt":"2012-01-07T19:43:08","guid":{"rendered":"http:\/\/blogg.fumei.se\/?p=2027"},"modified":"2012-01-07T20:43:09","modified_gmt":"2012-01-07T19:43:09","slug":"mera-promenixande","status":"publish","type":"post","link":"https:\/\/blogg.fumei.se\/?p=2027","title":{"rendered":"Mera promenixande"},"content":{"rendered":"<p>N\u00e4r jag satt och \u00e5t min frukost b\u00f6rjade det sn\u00f6a! Fort som attan fick jag gjort det jag skulle och p\u00e5 med paltorna, och sen gick jag och Stella en l\u00e5ng runda genom skogen och bara nj\u00f6t av sn\u00f6flingorna!<br \/>\nDet sn\u00f6ade resten av eftermiddagen, i varierande styrka, och \u00e4n s\u00e5 l\u00e4nge \u00e4r det s\u00e5 kallt att det som kommit ligger kvar. F\u00e5r hoppas att det h\u00e5ller i sig, och att det kommer lite mer. Vinter <em>\u00e4r<\/em> <em>inte<\/em> vinter utan sn\u00f6!<\/p>\n<p><a href=\"https:\/\/blogg.fumei.se\/?attachment_id=2028\" rel=\"attachment wp-att-2028\"><img data-recalc-dims=\"1\" loading=\"lazy\" decoding=\"async\" data-attachment-id=\"2028\" data-permalink=\"https:\/\/blogg.fumei.se\/?attachment_id=2028\" data-orig-file=\"https:\/\/i0.wp.com\/blogg.fumei.se\/wp-content\/uploads\/2012\/01\/sn%C3%B6Januari-emeff2012.jpg?fit=600%2C600&amp;ssl=1\" data-orig-size=\"600,600\" data-comments-opened=\"1\" data-image-meta=\"{&quot;aperture&quot;:&quot;0&quot;,&quot;credit&quot;:&quot;&quot;,&quot;camera&quot;:&quot;&quot;,&quot;caption&quot;:&quot;&quot;,&quot;created_timestamp&quot;:&quot;0&quot;,&quot;copyright&quot;:&quot;&quot;,&quot;focal_length&quot;:&quot;0&quot;,&quot;iso&quot;:&quot;0&quot;,&quot;shutter_speed&quot;:&quot;0&quot;,&quot;title&quot;:&quot;&quot;}\" data-image-title=\"sn\u00f6Januari-emeff2012\" data-image-description=\"\" data-image-caption=\"\" data-large-file=\"https:\/\/i0.wp.com\/blogg.fumei.se\/wp-content\/uploads\/2012\/01\/sn%C3%B6Januari-emeff2012.jpg?fit=600%2C600&amp;ssl=1\" class=\"aligncenter size-full wp-image-2028\" title=\"sn\u00f6Januari-emeff2012\" src=\"https:\/\/i0.wp.com\/blogg.fumei.se\/wp-content\/uploads\/2012\/01\/sn%C3%B6Januari-emeff2012.jpg?resize=600%2C600&#038;ssl=1\" alt=\"\" width=\"600\" height=\"600\" srcset=\"https:\/\/i0.wp.com\/blogg.fumei.se\/wp-content\/uploads\/2012\/01\/sn%C3%B6Januari-emeff2012.jpg?w=600&amp;ssl=1 600w, https:\/\/i0.wp.com\/blogg.fumei.se\/wp-content\/uploads\/2012\/01\/sn%C3%B6Januari-emeff2012.jpg?resize=180%2C180&amp;ssl=1 180w, https:\/\/i0.wp.com\/blogg.fumei.se\/wp-content\/uploads\/2012\/01\/sn%C3%B6Januari-emeff2012.jpg?resize=300%2C300&amp;ssl=1 300w\" sizes=\"auto, (max-width: 600px) 100vw, 600px\" \/><\/a><\/p>\n<p>&nbsp;<\/p>\n","protected":false},"excerpt":{"rendered":"<p>N\u00e4r jag satt och \u00e5t min frukost b\u00f6rjade det sn\u00f6a! Fort som attan fick jag gjort det jag skulle och p\u00e5 med paltorna, och sen gick jag och Stella en l\u00e5ng runda genom skogen och bara nj\u00f6t av sn\u00f6flingorna! Det sn\u00f6ade resten av eftermiddagen, i varierande styrka, och \u00e4n s\u00e5 l\u00e4nge \u00e4r det s\u00e5 kallt&#8230;<\/p>\n","protected":false},"author":1,"featured_media":0,"comment_status":"open","ping_status":"open","sticky":false,"template":"","format":"standard","meta":{"jetpack_post_was_ever_published":false,"_jetpack_newsletter_access":"","_jetpack_dont_email_post_to_subs":false,"_jetpack_newsletter_tier_id":0,"_jetpack_memberships_contains_paywalled_content":false,"_jetpack_memberships_contains_paid_content":false,"footnotes":"","jetpack_publicize_message":"","jetpack_publicize_feature_enabled":true,"jetpack_social_post_already_shared":false,"jetpack_social_options":{"image_generator_settings":{"template":"highway","default_image_id":0,"font":"","enabled":false},"version":2}},"categories":[62,47],"tags":[129,117,108,107],"class_list":["post-2027","post","type-post","status-publish","format-standard","hentry","category-psp","category-vardagsliv","tag-promenad","tag-scrap","tag-sno","tag-vinter"],"jetpack_publicize_connections":[],"jetpack_featured_media_url":"","jetpack_shortlink":"https:\/\/wp.me\/p3qko4-wH","jetpack_sharing_enabled":true,"jetpack_likes_enabled":true,"jetpack-related-posts":[{"id":649,"url":"https:\/\/blogg.fumei.se\/?p=649","url_meta":{"origin":2027,"position":0},"title":"Nu \u00e4r det vinter&#8230;","author":"M :)","date":"2008-11-23","format":false,"excerpt":"men inga skidor. Inte \u00e4n. Och min vana trogen l\u00e4r det inte bli n\u00e5gra skidor den h\u00e4r vintern heller f\u00f6r min del. Jag gillar helt enkelt inte skid\u00e5kning. Eller n\u00e5gon vintersport, f\u00f6r den delen. Undantaget konst\u00e5kning, som jag kan sitta och titta p\u00e5 f\u00f6r att det \u00e4r vackert. Men sn\u00f6\u2026","rel":"","context":"I \u201dVardagsliv\u201d","block_context":{"text":"Vardagsliv","link":"https:\/\/blogg.fumei.se\/?cat=47"},"img":{"alt_text":"","src":"","width":0,"height":0},"classes":[]},{"id":1870,"url":"https:\/\/blogg.fumei.se\/?p=1870","url_meta":{"origin":2027,"position":1},"title":"Pysselh\u00f6rna","author":"M :)","date":"2011-12-18","format":false,"excerpt":"Idag fick jag \u00e4ntligen tummen ur att fixa julkort. Det blev inget avancerat i \u00e5r, mest f\u00f6r att jag inte hade s\u00e5 mycket juligt pysselmaterial hemma, men ocks\u00e5 f\u00f6r att jag hade d\u00e5liga fantasi. S\u00e5 h\u00e4r blev de i alla fall: F\u00f6r \u00f6vrigt \u00e4r det en r\u00e4tt sl\u00f6 s\u00f6ndag. Jag\u2026","rel":"","context":"I \u201dPyssel, DIY och knep&amp;kn\u00e5p\u201d","block_context":{"text":"Pyssel, DIY och knep&amp;kn\u00e5p","link":"https:\/\/blogg.fumei.se\/?cat=32"},"img":{"alt_text":"","src":"https:\/\/i0.wp.com\/blogg.fumei.se\/wp-content\/uploads\/2011\/12\/2011-12-18-13.52.19-487x650.jpg?resize=350%2C200","width":350,"height":200},"classes":[]},{"id":1212,"url":"https:\/\/blogg.fumei.se\/?p=1212","url_meta":{"origin":2027,"position":2},"title":"Whoa!","author":"M :)","date":"2009-12-17","format":false,"excerpt":"Kan man v\u00e4l s\u00e4ga. Hur l\u00e4nge har vi g\u00e5tt omkring och sagt att vi vill slippa regnet? Att vi vill ha riktig vinter med sn\u00f6? Nu har vi f\u00e5tt det. Och det verkar forts\u00e4tta ett tag till. Sn\u00f6ndet, allts\u00e5. Idag n\u00e4r jag for till Gbg med 16-t\u00e5get l\u00e5g det ca\u2026","rel":"","context":"I \u201dVardagsliv\u201d","block_context":{"text":"Vardagsliv","link":"https:\/\/blogg.fumei.se\/?cat=47"},"img":{"alt_text":"","src":"","width":0,"height":0},"classes":[]},{"id":315,"url":"https:\/\/blogg.fumei.se\/?p=315","url_meta":{"origin":2027,"position":3},"title":"Men l\u00e4gg av&#8230;","author":"M :)","date":"2010-01-27","format":false,"excerpt":"Mera sn\u00f6. Sn\u00f6 p\u00e5 tv\u00e4ren, sn\u00f6 p\u00e5 l\u00e4ngden, sn\u00f6 i stora h\u00f6gar och drivor, sn\u00f6 \u00f6verallt. Inte \u00e4r det n\u00e5gon som skottar eller plogar som de ska heller, s\u00e5 det \u00e4r sn\u00f6 \u00f6verallt d\u00e4r man m\u00e5ste g\u00e5, och stora vallar att ta sig \u00f6ver n\u00e4r man ska \u00f6ver n\u00e5n gata.\u2026","rel":"","context":"I \u201dVardagsliv\u201d","block_context":{"text":"Vardagsliv","link":"https:\/\/blogg.fumei.se\/?cat=47"},"img":{"alt_text":"","src":"","width":0,"height":0},"classes":[]},{"id":659,"url":"https:\/\/blogg.fumei.se\/?p=659","url_meta":{"origin":2027,"position":4},"title":"\u00c5rets f\u00f6rsta sn\u00f6","author":"M :)","date":"2008-11-18","format":false,"excerpt":"Visserligen uppblandad med regn, men \u00e4nd\u00e5. Man ser flingorna tydligt, s\u00e5 senare idag blir det s\u00e4kert mer sn\u00f6 \u00e4n regn.And so it starts...","rel":"","context":"I \u201dVardagsliv\u201d","block_context":{"text":"Vardagsliv","link":"https:\/\/blogg.fumei.se\/?cat=47"},"img":{"alt_text":"","src":"","width":0,"height":0},"classes":[]},{"id":3490,"url":"https:\/\/blogg.fumei.se\/?p=3490","url_meta":{"origin":2027,"position":5},"title":"Fototriss #1, 2015","author":"M :)","date":"2015-01-24","format":false,"excerpt":"Helena ger ett nytt \u00e4mne varje l\u00f6rdag, och s\u00e5 fotar man och postar. Enkelt och kul! Veckans \u00e4mne var \"S\u00e5 h\u00e4r ser det ut d\u00e4r jag \u00e4r\". Vintern har (\u00e4ntligen) kommit till G\u00f6teborg!","rel":"","context":"I \u201dVardagsliv\u201d","block_context":{"text":"Vardagsliv","link":"https:\/\/blogg.fumei.se\/?cat=47"},"img":{"alt_text":"triss1-15-1","src":"https:\/\/i0.wp.com\/blogg.fumei.se\/wp-content\/uploads\/2015\/01\/triss1-15-1.jpg?resize=350%2C200","width":350,"height":200,"srcset":"https:\/\/i0.wp.com\/blogg.fumei.se\/wp-content\/uploads\/2015\/01\/triss1-15-1.jpg?resize=350%2C200 1x, https:\/\/i0.wp.com\/blogg.fumei.se\/wp-content\/uploads\/2015\/01\/triss1-15-1.jpg?resize=525%2C300 1.5x"},"classes":[]}],"_links":{"self":[{"href":"https:\/\/blogg.fumei.se\/index.php?rest_route=\/wp\/v2\/posts\/2027","targetHints":{"allow":["GET"]}}],"collection":[{"href":"https:\/\/blogg.fumei.se\/index.php?rest_route=\/wp\/v2\/posts"}],"about":[{"href":"https:\/\/blogg.fumei.se\/index.php?rest_route=\/wp\/v2\/types\/post"}],"author":[{"embeddable":true,"href":"https:\/\/blogg.fumei.se\/index.php?rest_route=\/wp\/v2\/users\/1"}],"replies":[{"embeddable":true,"href":"https:\/\/blogg.fumei.se\/index.php?rest_route=%2Fwp%2Fv2%2Fcomments&post=2027"}],"version-history":[{"count":2,"href":"https:\/\/blogg.fumei.se\/index.php?rest_route=\/wp\/v2\/posts\/2027\/revisions"}],"predecessor-version":[{"id":2030,"href":"https:\/\/blogg.fumei.se\/index.php?rest_route=\/wp\/v2\/posts\/2027\/revisions\/2030"}],"wp:attachment":[{"href":"https:\/\/blogg.fumei.se\/index.php?rest_route=%2Fwp%2Fv2%2Fmedia&parent=2027"}],"wp:term":[{"taxonomy":"category","embeddable":true,"href":"https:\/\/blogg.fumei.se\/index.php?rest_route=%2Fwp%2Fv2%2Fcategories&post=2027"},{"taxonomy":"post_tag","embeddable":true,"href":"https:\/\/blogg.fumei.se\/index.php?rest_route=%2Fwp%2Fv2%2Ftags&post=2027"}],"curies":[{"name":"wp","href":"https:\/\/api.w.org\/{rel}","templated":true}]}}