{"id":203,"date":"2010-07-08T10:55:00","date_gmt":"2010-07-08T10:55:00","guid":{"rendered":"\/Blogg\/post\/Bytt-bytt.aspx"},"modified":"2010-07-08T10:55:00","modified_gmt":"2010-07-08T10:55:00","slug":"bytt-bytt","status":"publish","type":"post","link":"https:\/\/blogg.fumei.se\/?p=203","title":{"rendered":"Bytt, bytt&#8230;"},"content":{"rendered":"<p>&#8230;kommer aldrig mer igen???<\/p>\n<p>Snart &auml;r det semester. Jag har lagt in min semester under veckorna 29-32. Nu blev det ju lite dumt med billiga biljetter och s&aring;nt d&auml;r, s&aring; J kommer inte f&ouml;rr&auml;n tre dagar <em>efter<\/em> min semester.<br \/>Av den anledningen har jag nu tagit bort f&ouml;rsta veckan (v 29) och kommer ist&auml;llet att l&auml;gga in den p&aring; n&auml;sta period. D&aring; f&aring;r vi en vecka ledigt ihop &auml;nd&aring;. Inte riktigt p&aring; samma s&auml;tt som under sommarsemester, eftersom ton&aring;ringarna g&aring;r i skolan och beh&ouml;ver b&aring;de mat och tillsyn, s&aring; vi kan inte &aring;ka iv&auml;g p&aring; n&aring;gon l&auml;ngre tur, men dagsutflykter eller bara vara tillsammans funkar ju fint det ocks&aring;.<\/p>\n<p>Den extra jobbveckan ska jag dels ha hand om f&ouml;rr&aring;det som vanligt, dels jobba ett par n&auml;tter. M&aring;nga n&auml;tter blir det i sommar f&ouml;r en som knappt jobbar natt annars. men det f&aring;r g&aring;.<\/p>\n","protected":false},"excerpt":{"rendered":"<p>&#8230;kommer aldrig mer igen??? Snart &auml;r det semester. Jag har lagt in min semester under veckorna 29-32. Nu blev det ju lite dumt med billiga biljetter och s&aring;nt d&auml;r, s&aring; J kommer inte f&ouml;rr&auml;n tre dagar efter min semester.Av den anledningen har jag nu tagit bort f&ouml;rsta veckan (v 29) och kommer ist&auml;llet att l&auml;gga&#8230;<\/p>\n","protected":false},"author":1,"featured_media":0,"comment_status":"open","ping_status":"open","sticky":false,"template":"","format":"standard","meta":{"jetpack_post_was_ever_published":false,"_jetpack_newsletter_access":"","_jetpack_dont_email_post_to_subs":false,"_jetpack_newsletter_tier_id":0,"_jetpack_memberships_contains_paywalled_content":false,"_jetpack_memberships_contains_paid_content":false,"footnotes":"","jetpack_publicize_message":"","jetpack_publicize_feature_enabled":true,"jetpack_social_post_already_shared":false,"jetpack_social_options":{"image_generator_settings":{"template":"highway","default_image_id":0,"font":"","enabled":false},"version":2}},"categories":[47],"tags":[],"class_list":["post-203","post","type-post","status-publish","format-standard","hentry","category-vardagsliv"],"jetpack_publicize_connections":[],"jetpack_featured_media_url":"","jetpack_shortlink":"https:\/\/wp.me\/p3qko4-3h","jetpack_sharing_enabled":true,"jetpack_likes_enabled":true,"jetpack-related-posts":[{"id":5137,"url":"https:\/\/blogg.fumei.se\/?p=5137","url_meta":{"origin":203,"position":0},"title":"Semester med komplikationer del 1","author":"M :)","date":"2023-08-13","format":false,"excerpt":"\u00c4ntligen semester! Fyra veckor ledigt, utan att beh\u00f6va st\u00e4lla klockan p\u00e5 morgonen (typ\u2026) och inte stressa, t\u00e4nkte jag. Riktigt s\u00e5 blev det ju inte. Jag rivstartade semestern med att vi \u00e5kte gokart. Det var roligt! Jag hade aldrig gjort det innan, men hade sagt flera g\u00e5nger till Mikael att jag\u2026","rel":"","context":"I \u201dResor\u201d","block_context":{"text":"Resor","link":"https:\/\/blogg.fumei.se\/?cat=478"},"img":{"alt_text":"","src":"https:\/\/i0.wp.com\/blogg.fumei.se\/wp-content\/uploads\/2023\/08\/58A254DF-D811-42DF-B640-0EDB2BF78AEF.jpg?resize=350%2C200","width":350,"height":200,"srcset":"https:\/\/i0.wp.com\/blogg.fumei.se\/wp-content\/uploads\/2023\/08\/58A254DF-D811-42DF-B640-0EDB2BF78AEF.jpg?resize=350%2C200 1x, https:\/\/i0.wp.com\/blogg.fumei.se\/wp-content\/uploads\/2023\/08\/58A254DF-D811-42DF-B640-0EDB2BF78AEF.jpg?resize=525%2C300 1.5x, https:\/\/i0.wp.com\/blogg.fumei.se\/wp-content\/uploads\/2023\/08\/58A254DF-D811-42DF-B640-0EDB2BF78AEF.jpg?resize=700%2C400 2x, https:\/\/i0.wp.com\/blogg.fumei.se\/wp-content\/uploads\/2023\/08\/58A254DF-D811-42DF-B640-0EDB2BF78AEF.jpg?resize=1050%2C600 3x, https:\/\/i0.wp.com\/blogg.fumei.se\/wp-content\/uploads\/2023\/08\/58A254DF-D811-42DF-B640-0EDB2BF78AEF.jpg?resize=1400%2C800 4x"},"classes":[]},{"id":150,"url":"https:\/\/blogg.fumei.se\/?p=150","url_meta":{"origin":203,"position":1},"title":"Midvinternattens k\u00f6ld \u00e4r h\u00e5rd&#8230;","author":"M :)","date":"2010-12-01","format":false,"excerpt":"Ja fy fasen vad kallt det \u00e4r nu!! Jag gl\u00f6mde i och f\u00f6r sig att kolla p\u00e5 termometern innan jag gick till t\u00e5get i morse, men J sa att n\u00e4r han gick vid \u00e5tta s\u00e5 var det -20!! Och ikv\u00e4ll p\u00e5 TV4s lokalnyheter var det ett inslag fr\u00e5n n\u00e5n liten\u2026","rel":"","context":"I \u201dVardagsliv\u201d","block_context":{"text":"Vardagsliv","link":"https:\/\/blogg.fumei.se\/?cat=47"},"img":{"alt_text":"","src":"","width":0,"height":0},"classes":[]},{"id":207,"url":"https:\/\/blogg.fumei.se\/?p=207","url_meta":{"origin":203,"position":2},"title":"Det \u00e4r inte l\u00e4tt n\u00e4r det \u00e4r sv\u00e5rt","author":"M :)","date":"2010-07-02","format":false,"excerpt":"Som de flesta vet s\u00e5 bor jag ju lite \"avsides\", dvs i en h\u00e5la p\u00e5 landsbygden, d\u00e4r kollektivtrafiken l\u00e4mnar mycket att \u00f6nska. Det g\u00f6r ju ocks\u00e5 att jag, tack vara mycket sn\u00e4lla chefer, har f\u00e5tt j\u00e4mka lite p\u00e5 mina arbetstider p\u00e5 kv\u00e4llspassen f\u00f6r att hinna med t\u00e5get hem. Det g\u00f6r\u2026","rel":"","context":"I \u201dVardagsliv\u201d","block_context":{"text":"Vardagsliv","link":"https:\/\/blogg.fumei.se\/?cat=47"},"img":{"alt_text":"","src":"","width":0,"height":0},"classes":[]},{"id":2134,"url":"https:\/\/blogg.fumei.se\/?p=2134","url_meta":{"origin":203,"position":3},"title":"Slag i saken","author":"M :)","date":"2012-02-28","format":false,"excerpt":"Ni vet alla de d\u00e4r extra arbetspassen jag gjort den senaste tiden? I Januari gjorde jag s\u00e5 m\u00e5nga att det jag fick ut i l\u00f6n\u00a0ig\u00e5r motsvarar 1 l\u00f6n + 2\/3 av en normal m\u00e5nadsl\u00f6n! Sansl\u00f6st!! S\u00e5 f\u00f6r att fira det best\u00e4mde vi (J och jag) oss f\u00f6r att \u00e5ka iv\u00e4g\u2026","rel":"","context":"I \u201dVardagsliv\u201d","block_context":{"text":"Vardagsliv","link":"https:\/\/blogg.fumei.se\/?cat=47"},"img":{"alt_text":"","src":"https:\/\/i0.wp.com\/blogg.fumei.se\/wp-content\/uploads\/2012\/02\/seirom.jpg?resize=350%2C200","width":350,"height":200},"classes":[]},{"id":2458,"url":"https:\/\/blogg.fumei.se\/?p=2458","url_meta":{"origin":203,"position":4},"title":"S E M E S T E R!!","author":"M :)","date":"2012-07-22","format":false,"excerpt":"\u00c4NTLIGEN! Som jag har l\u00e4ngtat efter semestern i \u00e5r! Inte bara f\u00f6r att jag ska \u00e5ka till Rom, utan f\u00f6r att det varit ett sjuhelsikes tungt \u00e5r jobbm\u00e4ssigt, och f\u00f6r att det ju var r\u00e4tt l\u00e5ng tid sen f\u00f6rra semestern eftersom jag hade v\u00e4ldigt tidig semester f\u00f6rra \u00e5ret. Ig\u00e5r gjorde\u2026","rel":"","context":"I \u201dVardagsliv\u201d","block_context":{"text":"Vardagsliv","link":"https:\/\/blogg.fumei.se\/?cat=47"},"img":{"alt_text":"","src":"","width":0,"height":0},"classes":[]},{"id":921,"url":"https:\/\/blogg.fumei.se\/?p=921","url_meta":{"origin":203,"position":5},"title":"En ganska l\u00e5ng uppdatering","author":"M :)","date":"2009-04-03","format":false,"excerpt":"Jag tycker egentligen inte att det har h\u00e4nt s\u00e5 mycket som \u00e4r v\u00e4rt att skriva om, men okej d\u00e5... Vi har som sagt flyttat nu. \u00c4ntligen. Vi har dessutom lyckats f\u00e5 undan n\u00e4stan allt som inte ska st\u00e5 framme och tom hivat upp allt p\u00e5 vinden som ska dit. En\u2026","rel":"","context":"I \u201dVardagsliv\u201d","block_context":{"text":"Vardagsliv","link":"https:\/\/blogg.fumei.se\/?cat=47"},"img":{"alt_text":"","src":"","width":0,"height":0},"classes":[]}],"_links":{"self":[{"href":"https:\/\/blogg.fumei.se\/index.php?rest_route=\/wp\/v2\/posts\/203","targetHints":{"allow":["GET"]}}],"collection":[{"href":"https:\/\/blogg.fumei.se\/index.php?rest_route=\/wp\/v2\/posts"}],"about":[{"href":"https:\/\/blogg.fumei.se\/index.php?rest_route=\/wp\/v2\/types\/post"}],"author":[{"embeddable":true,"href":"https:\/\/blogg.fumei.se\/index.php?rest_route=\/wp\/v2\/users\/1"}],"replies":[{"embeddable":true,"href":"https:\/\/blogg.fumei.se\/index.php?rest_route=%2Fwp%2Fv2%2Fcomments&post=203"}],"version-history":[{"count":1,"href":"https:\/\/blogg.fumei.se\/index.php?rest_route=\/wp\/v2\/posts\/203\/revisions"}],"predecessor-version":[{"id":2152,"href":"https:\/\/blogg.fumei.se\/index.php?rest_route=\/wp\/v2\/posts\/203\/revisions\/2152"}],"wp:attachment":[{"href":"https:\/\/blogg.fumei.se\/index.php?rest_route=%2Fwp%2Fv2%2Fmedia&parent=203"}],"wp:term":[{"taxonomy":"category","embeddable":true,"href":"https:\/\/blogg.fumei.se\/index.php?rest_route=%2Fwp%2Fv2%2Fcategories&post=203"},{"taxonomy":"post_tag","embeddable":true,"href":"https:\/\/blogg.fumei.se\/index.php?rest_route=%2Fwp%2Fv2%2Ftags&post=203"}],"curies":[{"name":"wp","href":"https:\/\/api.w.org\/{rel}","templated":true}]}}