{"id":2032,"date":"2012-01-08T20:52:02","date_gmt":"2012-01-08T19:52:02","guid":{"rendered":"http:\/\/blogg.fumei.se\/?p=2032"},"modified":"2012-01-08T20:52:02","modified_gmt":"2012-01-08T19:52:02","slug":"ho-hoo","status":"publish","type":"post","link":"https:\/\/blogg.fumei.se\/?p=2032","title":{"rendered":"Ho-hoo!"},"content":{"rendered":"<p>Det ekar tomt i garderob och l\u00e5dor hos Robin efter att jag rensade ut allt som inte passade idag. Nu h\u00e4nger det 5 plagg i garderoben och l\u00e5dorna som f\u00f6rut var proppfulla, g\u00e5r faktiskt att st\u00e4nga!<br \/>\nMen i och med att en massa kl\u00e4der &#8221;f\u00f6rsvann&#8221;, s\u00e5 inser jag ju samtidigt att jag m\u00e5ste k\u00f6pa lite nytt \u00e5t grabben. Det f\u00e5r helt enkelt bli en tur till Ullared snart. Tur han inte \u00e4r s\u00e5 m\u00e4rkesgalen, och \u00e4nnu mer tur att han <em>egentligen<\/em> klarar sig med det han har nu.<br \/>\nFast en shoppingrunda i Ullared \u00e4r ju inte bara till Robins f\u00f6rdel, det finns ju tre andra personer i den h\u00e4r familjen (\u00e4ven om den ena praktiskt taget aldrig \u00e4r hemma och egentligen borde betala sina egna grejer&#8230;).<\/p>\n<p>Garderobsrensningen fortsatte i kl\u00e4dkammaren, d\u00e4r jag ig\u00e5r rensade ut \u00e4nnu n\u00e5gra fler plagg som jag aldrig anv\u00e4nder eller som inte passar. Idag tog jag tag i alla sm\u00e5kartonger och l\u00e5dor som stod p\u00e5 hyllorna, och vips! &#8211; s\u00e5 var det bara en liten kartong medpysselpapper,\u00a0tv\u00e5 tidskriftsamlare och tre p\u00e4rmar kvar!<\/p>\n<p>Allt som ratades kommer jag att byta bort mot n\u00e5got jag beh\u00f6ver i n\u00e5gon av de Facebook-grupper jag \u00e4r med i, s\u00e5 att n\u00e5gon annan kan f\u00e5 gl\u00e4dje och nutta av sakerna. Robins gamla kl\u00e4der \u00e4r ju knappt anv\u00e4nda, egentligen!<\/p>\n<p>Nu ska jag vara tant eller t\u00f6ntig eller vad vi nu ska kalla det, och g\u00e5 och l\u00e4gga mig tidigt, f\u00f6r imorgon ska jag tillbaka till jobbet efter en veckas sjukfr\u00e5nvaro, och med tanke p\u00e5 hur det s\u00e5g ut p\u00e5 personalfronten <em>innan<\/em> jag blev sjuk och vad jag h\u00f6rt om hur det var <em>medan<\/em> jag var sjuk, s\u00e5 beh\u00f6ver jag nog vara bra utvilad och pigg!<\/p>\n","protected":false},"excerpt":{"rendered":"<p>Det ekar tomt i garderob och l\u00e5dor hos Robin efter att jag rensade ut allt som inte passade idag. Nu h\u00e4nger det 5 plagg i garderoben och l\u00e5dorna som f\u00f6rut var proppfulla, g\u00e5r faktiskt att st\u00e4nga! Men i och med att en massa kl\u00e4der &#8221;f\u00f6rsvann&#8221;, s\u00e5 inser jag ju samtidigt att jag m\u00e5ste k\u00f6pa lite&#8230;<\/p>\n","protected":false},"author":1,"featured_media":0,"comment_status":"open","ping_status":"open","sticky":false,"template":"","format":"standard","meta":{"jetpack_post_was_ever_published":false,"_jetpack_newsletter_access":"","_jetpack_dont_email_post_to_subs":false,"_jetpack_newsletter_tier_id":0,"_jetpack_memberships_contains_paywalled_content":false,"_jetpack_memberships_contains_paid_content":false,"footnotes":"","jetpack_publicize_message":"","jetpack_publicize_feature_enabled":true,"jetpack_social_post_already_shared":false,"jetpack_social_options":{"image_generator_settings":{"template":"highway","default_image_id":0,"font":"","enabled":false},"version":2}},"categories":[31],"tags":[135,134,136],"class_list":["post-2032","post","type-post","status-publish","format-standard","hentry","category-hemmet","tag-garderobsrensning","tag-klader","tag-ullared"],"jetpack_publicize_connections":[],"jetpack_featured_media_url":"","jetpack_shortlink":"https:\/\/wp.me\/p3qko4-wM","jetpack_sharing_enabled":true,"jetpack_likes_enabled":true,"jetpack-related-posts":[{"id":877,"url":"https:\/\/blogg.fumei.se\/?p=877","url_meta":{"origin":2032,"position":0},"title":"Jippie!","author":"M :)","date":"2009-03-16","format":false,"excerpt":"\u00c4nnu ett steg mot flytt: idag har jag f\u00e5tt nycklarna till nya l\u00e4genheten! Har \u00e4ven rensat i k\u00f6kssk\u00e5pen s\u00e5 det som \u00e4r kvar i sk\u00e5pen nu \u00e4r s\u00e5nt som jag ska ha kvar. Kl\u00e4der packade vi ig\u00e5r, det g\u00e5r ju inte \u00e5t s\u00e5 mycket kl\u00e4der f\u00f6r min del eftersom jag\u2026","rel":"","context":"I \u201dVardagsliv\u201d","block_context":{"text":"Vardagsliv","link":"https:\/\/blogg.fumei.se\/?cat=47"},"img":{"alt_text":"","src":"","width":0,"height":0},"classes":[]},{"id":996,"url":"https:\/\/blogg.fumei.se\/?p=996","url_meta":{"origin":2032,"position":1},"title":"Sk\u00f6na s\u00f6ndag","author":"M :)","date":"2009-06-07","format":false,"excerpt":"Dagen har varit ganska okej. Visserligen har mesta delen av den g\u00e5tt \u00e5t till att st\u00e4da h\u00e4r hemma - grundligt! - men jag har \u00e4nd\u00e5 tagit det ganska lugnt. Vid lunchtid hade jag ganska ont i ryggen, men t\u00e4nkte att det var nog f\u00f6r att jag lyfte och b\u00f6jde mig\u2026","rel":"","context":"I \u201dVardagsliv\u201d","block_context":{"text":"Vardagsliv","link":"https:\/\/blogg.fumei.se\/?cat=47"},"img":{"alt_text":"","src":"","width":0,"height":0},"classes":[]},{"id":1049,"url":"https:\/\/blogg.fumei.se\/?p=1049","url_meta":{"origin":2032,"position":2},"title":"F\u00e4\u00e4\u00e4\u00e4\u00e4rdig!","author":"M :)","date":"2009-08-29","format":false,"excerpt":"N\u00e4stan i alla fall. Men det jag hade t\u00e4nkt g\u00f6ra under helgen \u00e4r nu gjort. Jag har flyttat in min Billy-hylla till Fia och lagt hennes saker i den, s\u00e5 att det blev en tom garderob \u00e5t mina kl\u00e4der. Jag har flyttat mina kl\u00e4der fr\u00e5n kl\u00e4dkammaren till byr\u00e5er och garderoben\u2026","rel":"","context":"I \u201dVardagsliv\u201d","block_context":{"text":"Vardagsliv","link":"https:\/\/blogg.fumei.se\/?cat=47"},"img":{"alt_text":"","src":"","width":0,"height":0},"classes":[]},{"id":169,"url":"https:\/\/blogg.fumei.se\/?p=169","url_meta":{"origin":2032,"position":3},"title":"Familjeutflykt","author":"M :)","date":"2010-11-03","format":false,"excerpt":"I m\u00e5ndags efter jobbet blev jag h\u00e4mtad av sambo och ton\u00e5ringar, och sedan for vi mot de sm\u00e5l\u00e4ndska skogarna (n\u00e5ja...) f\u00f6r att h\u00e4lsa p\u00e5 Silvio, Emma, Lovisa och Victor en snabbis. det var ingen rolig v\u00e4g, och det blev ju inte b\u00e4ttre av att det snart blev m\u00f6rka kv\u00e4llen, heller.\u2026","rel":"","context":"I \u201dVardagsliv\u201d","block_context":{"text":"Vardagsliv","link":"https:\/\/blogg.fumei.se\/?cat=47"},"img":{"alt_text":"","src":"","width":0,"height":0},"classes":[]},{"id":180,"url":"https:\/\/blogg.fumei.se\/?p=180","url_meta":{"origin":2032,"position":4},"title":"Bu &#038; b\u00e4","author":"M :)","date":"2010-09-23","format":false,"excerpt":"Det \u00e4r mycket nu, fast \u00e4nd\u00e5 inte. Mycket p\u00e5 jobbet, s\u00e5d\u00e4r jobbigt mycket som det kan vara ibland. Men jag \u00e4r glad att jag har ett jobb, och ett jobb som jag dessutom gillar! Jag f\u00e5r ofta h\u00f6ra att jag \u00e4r s\u00e5 himla duktig som orkar att pendla s\u00e5 l\u00e5ngt\u2026","rel":"","context":"I \u201dVardagsliv\u201d","block_context":{"text":"Vardagsliv","link":"https:\/\/blogg.fumei.se\/?cat=47"},"img":{"alt_text":"","src":"","width":0,"height":0},"classes":[]},{"id":1202,"url":"https:\/\/blogg.fumei.se\/?p=1202","url_meta":{"origin":2032,"position":5},"title":"L\u00f6rdagsn\u00f6je","author":"M :)","date":"2009-11-07","format":false,"excerpt":"Ibland kan det vara kul att bryta av vardagen (ja, l\u00f6rdag \u00e4r som vilken vardga som helst f\u00f6r mig...) med n\u00e5t man inte g\u00f6r varje dag. S\u00e5 idag for jag till Ullared. Det var Kommunals sektion p\u00e5 jobbet som bj\u00f6d p\u00e5 resan som en del i 10-\u00e5rsjubileet. Vi som \u00e5kte\u2026","rel":"","context":"I \u201dVardagsliv\u201d","block_context":{"text":"Vardagsliv","link":"https:\/\/blogg.fumei.se\/?cat=47"},"img":{"alt_text":"","src":"","width":0,"height":0},"classes":[]}],"_links":{"self":[{"href":"https:\/\/blogg.fumei.se\/index.php?rest_route=\/wp\/v2\/posts\/2032","targetHints":{"allow":["GET"]}}],"collection":[{"href":"https:\/\/blogg.fumei.se\/index.php?rest_route=\/wp\/v2\/posts"}],"about":[{"href":"https:\/\/blogg.fumei.se\/index.php?rest_route=\/wp\/v2\/types\/post"}],"author":[{"embeddable":true,"href":"https:\/\/blogg.fumei.se\/index.php?rest_route=\/wp\/v2\/users\/1"}],"replies":[{"embeddable":true,"href":"https:\/\/blogg.fumei.se\/index.php?rest_route=%2Fwp%2Fv2%2Fcomments&post=2032"}],"version-history":[{"count":1,"href":"https:\/\/blogg.fumei.se\/index.php?rest_route=\/wp\/v2\/posts\/2032\/revisions"}],"predecessor-version":[{"id":2033,"href":"https:\/\/blogg.fumei.se\/index.php?rest_route=\/wp\/v2\/posts\/2032\/revisions\/2033"}],"wp:attachment":[{"href":"https:\/\/blogg.fumei.se\/index.php?rest_route=%2Fwp%2Fv2%2Fmedia&parent=2032"}],"wp:term":[{"taxonomy":"category","embeddable":true,"href":"https:\/\/blogg.fumei.se\/index.php?rest_route=%2Fwp%2Fv2%2Fcategories&post=2032"},{"taxonomy":"post_tag","embeddable":true,"href":"https:\/\/blogg.fumei.se\/index.php?rest_route=%2Fwp%2Fv2%2Ftags&post=2032"}],"curies":[{"name":"wp","href":"https:\/\/api.w.org\/{rel}","templated":true}]}}