{"id":204,"date":"2010-07-07T23:52:00","date_gmt":"2010-07-07T23:52:00","guid":{"rendered":"\/Blogg\/post\/ETA.aspx"},"modified":"2010-07-07T23:52:00","modified_gmt":"2010-07-07T23:52:00","slug":"eta","status":"publish","type":"post","link":"https:\/\/blogg.fumei.se\/?p=204","title":{"rendered":"ETA"},"content":{"rendered":"<p>Onsdag 18 Augusti, 2010 klockan 14.15. Nu ska jag bara se till att jag f&aring;r eftermiddagen ledig den dagen. Kan bli k&ouml;rigt med tanke p&aring; att vi fortfarande k&ouml;r p&aring; sommarschema, men jag har ju v&auml;rldens b&auml;sta arbetskamrater, s&aring; det ska nog l&ouml;sa sig p&aring; ett eller annat s&auml;tt.<\/p>\n<p>42 dagar, and counting.<\/p>\n","protected":false},"excerpt":{"rendered":"<p>Onsdag 18 Augusti, 2010 klockan 14.15. Nu ska jag bara se till att jag f&aring;r eftermiddagen ledig den dagen. Kan bli k&ouml;rigt med tanke p&aring; att vi fortfarande k&ouml;r p&aring; sommarschema, men jag har ju v&auml;rldens b&auml;sta arbetskamrater, s&aring; det ska nog l&ouml;sa sig p&aring; ett eller annat s&auml;tt. 42 dagar, and counting.<\/p>\n","protected":false},"author":1,"featured_media":0,"comment_status":"open","ping_status":"open","sticky":false,"template":"","format":"standard","meta":{"jetpack_post_was_ever_published":false,"_jetpack_newsletter_access":"","_jetpack_dont_email_post_to_subs":false,"_jetpack_newsletter_tier_id":0,"_jetpack_memberships_contains_paywalled_content":false,"_jetpack_memberships_contains_paid_content":false,"footnotes":"","jetpack_publicize_message":"","jetpack_publicize_feature_enabled":true,"jetpack_social_post_already_shared":false,"jetpack_social_options":{"image_generator_settings":{"template":"highway","default_image_id":0,"font":"","enabled":false},"version":2}},"categories":[47],"tags":[],"class_list":["post-204","post","type-post","status-publish","format-standard","hentry","category-vardagsliv"],"jetpack_publicize_connections":[],"jetpack_featured_media_url":"","jetpack_shortlink":"https:\/\/wp.me\/s3qko4-eta","jetpack_sharing_enabled":true,"jetpack_likes_enabled":true,"jetpack-related-posts":[{"id":553,"url":"https:\/\/blogg.fumei.se\/?p=553","url_meta":{"origin":204,"position":0},"title":"\u00c4nnu en dag i mitt liv&#8230;","author":"M :)","date":"2008-09-08","format":false,"excerpt":"...idag, och nu \u00e4r den dagen snart slut. M\u00e5ste l\u00e4gga mig relativt tidigt om jag ska orka upp imorgon bitti. Det \u00e4r lite k\u00e4mpigt att komma ig\u00e5ng med tidiga arbetspassen igen efter att man varit ledig n\u00e5gra dagar, men det \u00e4r ju tur att jag kan vila lite till p\u00e5\u2026","rel":"","context":"I \u201dHemmet\u201d","block_context":{"text":"Hemmet","link":"https:\/\/blogg.fumei.se\/?cat=31"},"img":{"alt_text":"","src":"","width":0,"height":0},"classes":[]},{"id":2386,"url":"https:\/\/blogg.fumei.se\/?p=2386","url_meta":{"origin":204,"position":1},"title":"H\u00e4nt i veckan","author":"M :)","date":"2012-05-27","format":false,"excerpt":"Eller ja. Det blir nog mer \u00e4n i veckan, men ni fattar. Jag har jobbat. Kors i taket, det g\u00f6r jag ju s\u00e5 s\u00e4llan. Inte. Ibland k\u00e4nns det som att jag \u00e4r mer p\u00e5 jobbet \u00e4n hemma. Inte blir det b\u00e4ttre nu under sommaren heller, f\u00f6r d\u00e5 m\u00e5ste vi som\u2026","rel":"","context":"I \u201dVardagsliv\u201d","block_context":{"text":"Vardagsliv","link":"https:\/\/blogg.fumei.se\/?cat=47"},"img":{"alt_text":"","src":"","width":0,"height":0},"classes":[]},{"id":442,"url":"https:\/\/blogg.fumei.se\/?p=442","url_meta":{"origin":204,"position":2},"title":"Br\u00f6llopsfix","author":"M :)","date":"2008-07-18","format":false,"excerpt":"Jag har en gammal n\u00e4tv\u00e4ninna som ska gifta sig om sis\u00e5d\u00e4r en 9 dagar, och min br\u00f6llopspresent till det lyckliga paret kom just tillbaka i min brevl\u00e5da idag! Jag hade visst gl\u00f6mt s\u00e4tta p\u00e5 extra porto. Jag hade k\u00f6pt en s\u00e5n d\u00e4r f\u00e4rdig p\u00e5se p\u00e5 ICA och stoppat i kort\u2026","rel":"","context":"I \u201dVardagsliv\u201d","block_context":{"text":"Vardagsliv","link":"https:\/\/blogg.fumei.se\/?cat=47"},"img":{"alt_text":"","src":"","width":0,"height":0},"classes":[]},{"id":1745,"url":"https:\/\/blogg.fumei.se\/?p=1745","url_meta":{"origin":204,"position":3},"title":"Ulle dulle doff, kinke lade koff","author":"M :)","date":"2011-11-14","format":false,"excerpt":"(finska. Betyder ole dole doff, kinke lane koff) I den nordiska l\u00e4sutmaningen ska vi den h\u00e4r m\u00e5naden l\u00e4sa en finsk f\u00f6rfattare. Jag googlade p\u00e5 \"finska f\u00f6rfattare\" och fick fram en hel wikipedia-sida med namn, och d\u00e5 k\u00e4nde jag att det skulle nog bli sv\u00e5rt att v\u00e4lja en i h\u00f6gen och\u2026","rel":"","context":"I \u201dVardagsliv\u201d","block_context":{"text":"Vardagsliv","link":"https:\/\/blogg.fumei.se\/?cat=47"},"img":{"alt_text":"","src":"","width":0,"height":0},"classes":[]},{"id":22,"url":"https:\/\/blogg.fumei.se\/?p=22","url_meta":{"origin":204,"position":4},"title":"Det \u00e4r skillnad p\u00e5 folk och folk&#8230;","author":"M :)","date":"2011-08-12","format":false,"excerpt":"J har varit i Sverige i ett \u00e5r den 18:e Augusti. I Sverige f\u00e5r man bara k\u00f6ra p\u00e5 sitt utl\u00e4ndska k\u00f6rkort i ett \u00e5r, sedan m\u00e5ste man byta till ett svenskt k\u00f6rkort f\u00f6r att f\u00e5 lov att k\u00f6ra bil lagligt. Men nu kommer vi till det som skiljer vissa m\u00e4nniskor\u2026","rel":"","context":"I \u201dVardagsliv\u201d","block_context":{"text":"Vardagsliv","link":"https:\/\/blogg.fumei.se\/?cat=47"},"img":{"alt_text":"","src":"","width":0,"height":0},"classes":[]},{"id":7125,"url":"https:\/\/blogg.fumei.se\/?p=7125","url_meta":{"origin":204,"position":5},"title":"\u00d6ppet brev till V\u00e4sttrafik","author":"M :)","date":"2023-11-01","format":false,"excerpt":"Det k\u00e4nns som att V\u00e4sttrafik har ett personligt uppdrag att g\u00f6ra livet sv\u00e5rt f\u00f6r oss resen\u00e4rer. Jag vet inte hur m\u00e5nga g\u00e5nger jag har st\u00e5tt vid en h\u00e5llplats och v\u00e4ntat p\u00e5 en buss som inte kommer i tid eller som inte dyker upp alls. Det \u00e4r frustrerande att konstant beh\u00f6va\u2026","rel":"","context":"I \u201dVardagsliv\u201d","block_context":{"text":"Vardagsliv","link":"https:\/\/blogg.fumei.se\/?cat=47"},"img":{"alt_text":"","src":"","width":0,"height":0},"classes":[]}],"_links":{"self":[{"href":"https:\/\/blogg.fumei.se\/index.php?rest_route=\/wp\/v2\/posts\/204","targetHints":{"allow":["GET"]}}],"collection":[{"href":"https:\/\/blogg.fumei.se\/index.php?rest_route=\/wp\/v2\/posts"}],"about":[{"href":"https:\/\/blogg.fumei.se\/index.php?rest_route=\/wp\/v2\/types\/post"}],"author":[{"embeddable":true,"href":"https:\/\/blogg.fumei.se\/index.php?rest_route=\/wp\/v2\/users\/1"}],"replies":[{"embeddable":true,"href":"https:\/\/blogg.fumei.se\/index.php?rest_route=%2Fwp%2Fv2%2Fcomments&post=204"}],"version-history":[{"count":0,"href":"https:\/\/blogg.fumei.se\/index.php?rest_route=\/wp\/v2\/posts\/204\/revisions"}],"wp:attachment":[{"href":"https:\/\/blogg.fumei.se\/index.php?rest_route=%2Fwp%2Fv2%2Fmedia&parent=204"}],"wp:term":[{"taxonomy":"category","embeddable":true,"href":"https:\/\/blogg.fumei.se\/index.php?rest_route=%2Fwp%2Fv2%2Fcategories&post=204"},{"taxonomy":"post_tag","embeddable":true,"href":"https:\/\/blogg.fumei.se\/index.php?rest_route=%2Fwp%2Fv2%2Ftags&post=204"}],"curies":[{"name":"wp","href":"https:\/\/api.w.org\/{rel}","templated":true}]}}