{"id":2047,"date":"2012-01-17T08:36:07","date_gmt":"2012-01-17T07:36:07","guid":{"rendered":"http:\/\/blogg.fumei.se\/?p=2047"},"modified":"2012-01-17T08:36:07","modified_gmt":"2012-01-17T07:36:07","slug":"ge-med-hjartat","status":"publish","type":"post","link":"https:\/\/blogg.fumei.se\/?p=2047","title":{"rendered":"Ge med hj\u00e4rtat"},"content":{"rendered":"<p><em>f\u00f6r<\/em> hj\u00e4rtat!<\/p>\n<p>Min lille brorson Victor \u00e4r f\u00f6dd med ett hj\u00e4rtfel, och d\u00e4rf\u00f6r \u00e4r vi lite extra sn\u00e4lla mot Hj\u00e4rt- och lungfonden i v\u00e5r familj.<br \/>\nFram till slutet av Februari p\u00e5g\u00e5r en insamling som heter <span style=\"color: #ff00ff;\"><strong>Alla hj\u00e4rtbarns m\u00e5nad<\/strong><\/span>. Sk\u00e4nk en slant du med, s\u00e5 att de som forskar om hj\u00e4rtfel och hj\u00e4rtsjukdomar hos barn kan forts\u00e4tta g\u00f6ra det!<\/p>\n<p><object width=\"250\" height=\"250\" classid=\"clsid:d27cdb6e-ae6d-11cf-96b8-444553540000\" codebase=\"http:\/\/download.macromedia.com\/pub\/shockwave\/cabs\/flash\/swflash.cab#version=6,0,40,0\"><param name=\"allowscriptaccess\" value=\"always\" \/><param name=\"src\" value=\"http:\/\/www.barnhjarta.se\/heart2012.swf?id=1783\" \/><\/object><\/p>\n","protected":false},"excerpt":{"rendered":"<p>f\u00f6r hj\u00e4rtat! Min lille brorson Victor \u00e4r f\u00f6dd med ett hj\u00e4rtfel, och d\u00e4rf\u00f6r \u00e4r vi lite extra sn\u00e4lla mot Hj\u00e4rt- och lungfonden i v\u00e5r familj. Fram till slutet av Februari p\u00e5g\u00e5r en insamling som heter Alla hj\u00e4rtbarns m\u00e5nad. Sk\u00e4nk en slant du med, s\u00e5 att de som forskar om hj\u00e4rtfel och hj\u00e4rtsjukdomar hos barn kan&#8230;<\/p>\n","protected":false},"author":1,"featured_media":0,"comment_status":"open","ping_status":"open","sticky":false,"template":"","format":"standard","meta":{"jetpack_post_was_ever_published":false,"_jetpack_newsletter_access":"","_jetpack_dont_email_post_to_subs":false,"_jetpack_newsletter_tier_id":0,"_jetpack_memberships_contains_paywalled_content":false,"_jetpack_memberships_contains_paid_content":false,"footnotes":"","jetpack_publicize_message":"","jetpack_publicize_feature_enabled":true,"jetpack_social_post_already_shared":false,"jetpack_social_options":{"image_generator_settings":{"template":"highway","default_image_id":0,"font":"","enabled":false},"version":2}},"categories":[34],"tags":[140,139,138],"class_list":["post-2047","post","type-post","status-publish","format-standard","hentry","category-familjen","tag-hjart-och-lungfonden","tag-hjartfel","tag-victor"],"jetpack_publicize_connections":[],"jetpack_featured_media_url":"","jetpack_shortlink":"https:\/\/wp.me\/p3qko4-x1","jetpack_sharing_enabled":true,"jetpack_likes_enabled":true,"jetpack-related-posts":[{"id":5103,"url":"https:\/\/blogg.fumei.se\/?p=5103","url_meta":{"origin":2047,"position":0},"title":"\u00c4lskade mamma!","author":"M :)","date":"2022-03-08","format":false,"excerpt":"Det h\u00e4r \u00e4r min mamma \u2764\ufe0fMina br\u00f6ders mamma och min halvsysters bonusmamma. Mormor och farmor till mina och mina syskons barn, moster, faster och syster. Hon som bar mig under sitt hj\u00e4rta i 9 m\u00e5nader och i hj\u00e4rtat hela sitt liv. Som alltid satt mig och mina br\u00f6der f\u00f6re allt\u2026","rel":"","context":"I \u201dFamiljen\u201d","block_context":{"text":"Familjen","link":"https:\/\/blogg.fumei.se\/?cat=34"},"img":{"alt_text":"","src":"https:\/\/i0.wp.com\/blogg.fumei.se\/wp-content\/uploads\/2022\/11\/03B3A59C-0AD3-49D5-A162-42BA65B3C81A_1_201_a.jpeg?resize=350%2C200&ssl=1","width":350,"height":200,"srcset":"https:\/\/i0.wp.com\/blogg.fumei.se\/wp-content\/uploads\/2022\/11\/03B3A59C-0AD3-49D5-A162-42BA65B3C81A_1_201_a.jpeg?resize=350%2C200&ssl=1 1x, https:\/\/i0.wp.com\/blogg.fumei.se\/wp-content\/uploads\/2022\/11\/03B3A59C-0AD3-49D5-A162-42BA65B3C81A_1_201_a.jpeg?resize=525%2C300&ssl=1 1.5x, https:\/\/i0.wp.com\/blogg.fumei.se\/wp-content\/uploads\/2022\/11\/03B3A59C-0AD3-49D5-A162-42BA65B3C81A_1_201_a.jpeg?resize=700%2C400&ssl=1 2x"},"classes":[]},{"id":7052,"url":"https:\/\/blogg.fumei.se\/?p=7052","url_meta":{"origin":2047,"position":1},"title":"Alltid r\u00f6tt alltid r\u00e4tt","author":"M :)","date":"2024-07-01","format":false,"excerpt":"En gammal goding med Imperiet har f\u00e5tt ge titel \u00e5t b\u00e5de det h\u00e4r blogginl\u00e4gget och en dokument\u00e4rfilm om bandet; Ett hj\u00e4rta \u00e4r alltid r\u00f6tt. Jag s\u00e5g den f\u00f6r ett par veckor sedan, och det var mycket igenk\u00e4nning i musiken och politiken, hur Imperiet uppstod ur spillrorna av Ebba Gr\u00f6n, och\u2026","rel":"","context":"I \u201dFilmer och TV\u201d","block_context":{"text":"Filmer och TV","link":"https:\/\/blogg.fumei.se\/?cat=43"},"img":{"alt_text":"","src":"https:\/\/i0.wp.com\/blogg.fumei.se\/wp-content\/uploads\/2024\/07\/7C5C119B-88A1-4BD2-94DE-33629CEA4BD9-scaled.jpeg?resize=350%2C200&ssl=1","width":350,"height":200,"srcset":"https:\/\/i0.wp.com\/blogg.fumei.se\/wp-content\/uploads\/2024\/07\/7C5C119B-88A1-4BD2-94DE-33629CEA4BD9-scaled.jpeg?resize=350%2C200&ssl=1 1x, https:\/\/i0.wp.com\/blogg.fumei.se\/wp-content\/uploads\/2024\/07\/7C5C119B-88A1-4BD2-94DE-33629CEA4BD9-scaled.jpeg?resize=525%2C300&ssl=1 1.5x, https:\/\/i0.wp.com\/blogg.fumei.se\/wp-content\/uploads\/2024\/07\/7C5C119B-88A1-4BD2-94DE-33629CEA4BD9-scaled.jpeg?resize=700%2C400&ssl=1 2x, https:\/\/i0.wp.com\/blogg.fumei.se\/wp-content\/uploads\/2024\/07\/7C5C119B-88A1-4BD2-94DE-33629CEA4BD9-scaled.jpeg?resize=1050%2C600&ssl=1 3x, https:\/\/i0.wp.com\/blogg.fumei.se\/wp-content\/uploads\/2024\/07\/7C5C119B-88A1-4BD2-94DE-33629CEA4BD9-scaled.jpeg?resize=1400%2C800&ssl=1 4x"},"classes":[]},{"id":6855,"url":"https:\/\/blogg.fumei.se\/?p=6855","url_meta":{"origin":2047,"position":2},"title":"En stilla stund","author":"M :)","date":"2024-03-08","format":false,"excerpt":"Idag \u00e4r det 7 \u00e5r sedan pappa dog och 2 \u00e5r sedan \u00e4ven mamma l\u00e4mnade oss. Jag har varit i minneslunden och t\u00e4nt ljus och bara suttit en l\u00e5ng stund och t\u00e4nkt p\u00e5 dem. Jag saknar dem dagligen, det kommer nog aldrig att g\u00e5 \u00f6ver. Den d\u00e4r k\u00e4nslan av att\u2026","rel":"","context":"I \u201dFamiljen\u201d","block_context":{"text":"Familjen","link":"https:\/\/blogg.fumei.se\/?cat=34"},"img":{"alt_text":"","src":"https:\/\/i0.wp.com\/blogg.fumei.se\/wp-content\/uploads\/2024\/05\/627C3543-C8A7-4E03-B2BA-D4F29CF24A9A.jpeg?resize=350%2C200","width":350,"height":200,"srcset":"https:\/\/i0.wp.com\/blogg.fumei.se\/wp-content\/uploads\/2024\/05\/627C3543-C8A7-4E03-B2BA-D4F29CF24A9A.jpeg?resize=350%2C200 1x, https:\/\/i0.wp.com\/blogg.fumei.se\/wp-content\/uploads\/2024\/05\/627C3543-C8A7-4E03-B2BA-D4F29CF24A9A.jpeg?resize=525%2C300 1.5x, https:\/\/i0.wp.com\/blogg.fumei.se\/wp-content\/uploads\/2024\/05\/627C3543-C8A7-4E03-B2BA-D4F29CF24A9A.jpeg?resize=700%2C400 2x"},"classes":[]},{"id":806,"url":"https:\/\/blogg.fumei.se\/?p=806","url_meta":{"origin":2047,"position":3},"title":"F\u00f6delsedagsfirande","author":"M :)","date":"2009-01-18","format":false,"excerpt":"Ig\u00e5r fyllde jag som bekant \u00e5r. Nu \u00e4r jag 39. En kompis kallar mig tant, andra fr\u00e5gar hur det k\u00e4nns att snart bli 40. Vad\u00e5? No big deal, det k\u00e4nns ungef\u00e4r som alla andra dagar, tr\u00f6tt och h\u00e4ngig och pank haha. Aprop\u00e5 pank, s\u00e5 hade jag inte planerat n\u00e5got f\u00f6r\u2026","rel":"","context":"I \u201dVardagsliv\u201d","block_context":{"text":"Vardagsliv","link":"https:\/\/blogg.fumei.se\/?cat=47"},"img":{"alt_text":"","src":"","width":0,"height":0},"classes":[]},{"id":4920,"url":"https:\/\/blogg.fumei.se\/?p=4920","url_meta":{"origin":2047,"position":4},"title":"Juletid \u00e4r julefrid?","author":"M :)","date":"2017-12-24","format":false,"excerpt":"Julafton hos familjen Fumei. Paketberg, m\u00e4ngder av mat, julklappslek, ris \u00e1 la Malta , lite syskonbr\u00e5k, Kalle Anka p\u00e5 tv och de traditionsenligt framtvingade familjebilderna. Och s\u00e5 en ny tradtition- en tur till minneslunden f\u00f6r pappa. GOD JUL fr\u00e5n mig till er som l\u00e4ser det h\u00e4r! Julgran med julklappar Lovisa,\u2026","rel":"","context":"I \u201dFamiljen\u201d","block_context":{"text":"Familjen","link":"https:\/\/blogg.fumei.se\/?cat=34"},"img":{"alt_text":"","src":"https:\/\/i0.wp.com\/blogg.fumei.se\/wp-content\/uploads\/2022\/10\/0CA06A55-4DAE-4E91-AD90-C77BC541A103-scaled.jpeg?resize=350%2C200","width":350,"height":200,"srcset":"https:\/\/i0.wp.com\/blogg.fumei.se\/wp-content\/uploads\/2022\/10\/0CA06A55-4DAE-4E91-AD90-C77BC541A103-scaled.jpeg?resize=350%2C200 1x, https:\/\/i0.wp.com\/blogg.fumei.se\/wp-content\/uploads\/2022\/10\/0CA06A55-4DAE-4E91-AD90-C77BC541A103-scaled.jpeg?resize=525%2C300 1.5x, https:\/\/i0.wp.com\/blogg.fumei.se\/wp-content\/uploads\/2022\/10\/0CA06A55-4DAE-4E91-AD90-C77BC541A103-scaled.jpeg?resize=700%2C400 2x, https:\/\/i0.wp.com\/blogg.fumei.se\/wp-content\/uploads\/2022\/10\/0CA06A55-4DAE-4E91-AD90-C77BC541A103-scaled.jpeg?resize=1050%2C600 3x, https:\/\/i0.wp.com\/blogg.fumei.se\/wp-content\/uploads\/2022\/10\/0CA06A55-4DAE-4E91-AD90-C77BC541A103-scaled.jpeg?resize=1400%2C800 4x"},"classes":[]},{"id":3304,"url":"https:\/\/blogg.fumei.se\/?p=3304","url_meta":{"origin":2047,"position":5},"title":"Min vackra dotter","author":"M :)","date":"2014-05-21","format":false,"excerpt":"Du f\u00f6ddes en varm majeftermiddag d\u00e5 \u00e5skan mullrade och f\u00f6rsommarregnet ritade vackra m\u00f6nster p\u00e5 f\u00f6nstren. Tja, du var inte s\u00e5 ivrig att komma ut, f\u00f6r du v\u00e4ntade tills 13 dagar efter utsatt datum, men\u00a0n\u00e4r den dagen kom spelade\u00a0alla \"\u00f6vertidsdagar\" inte\u00a0l\u00e4ngre n\u00e5gon roll... Och n\u00e4r du v\u00e4l\u00a0f\u00f6ddes \u00a013.35, s\u00e5 uppenbarade sig\u2026","rel":"","context":"I \u201dFamiljen\u201d","block_context":{"text":"Familjen","link":"https:\/\/blogg.fumei.se\/?cat=34"},"img":{"alt_text":"Fia21blogg-emeff2014","src":"https:\/\/i0.wp.com\/blogg.fumei.se\/wp-content\/uploads\/2014\/05\/Fia21blogg-emeff2014.jpg?resize=350%2C200","width":350,"height":200,"srcset":"https:\/\/i0.wp.com\/blogg.fumei.se\/wp-content\/uploads\/2014\/05\/Fia21blogg-emeff2014.jpg?resize=350%2C200 1x, https:\/\/i0.wp.com\/blogg.fumei.se\/wp-content\/uploads\/2014\/05\/Fia21blogg-emeff2014.jpg?resize=525%2C300 1.5x"},"classes":[]}],"_links":{"self":[{"href":"https:\/\/blogg.fumei.se\/index.php?rest_route=\/wp\/v2\/posts\/2047","targetHints":{"allow":["GET"]}}],"collection":[{"href":"https:\/\/blogg.fumei.se\/index.php?rest_route=\/wp\/v2\/posts"}],"about":[{"href":"https:\/\/blogg.fumei.se\/index.php?rest_route=\/wp\/v2\/types\/post"}],"author":[{"embeddable":true,"href":"https:\/\/blogg.fumei.se\/index.php?rest_route=\/wp\/v2\/users\/1"}],"replies":[{"embeddable":true,"href":"https:\/\/blogg.fumei.se\/index.php?rest_route=%2Fwp%2Fv2%2Fcomments&post=2047"}],"version-history":[{"count":2,"href":"https:\/\/blogg.fumei.se\/index.php?rest_route=\/wp\/v2\/posts\/2047\/revisions"}],"predecessor-version":[{"id":2049,"href":"https:\/\/blogg.fumei.se\/index.php?rest_route=\/wp\/v2\/posts\/2047\/revisions\/2049"}],"wp:attachment":[{"href":"https:\/\/blogg.fumei.se\/index.php?rest_route=%2Fwp%2Fv2%2Fmedia&parent=2047"}],"wp:term":[{"taxonomy":"category","embeddable":true,"href":"https:\/\/blogg.fumei.se\/index.php?rest_route=%2Fwp%2Fv2%2Fcategories&post=2047"},{"taxonomy":"post_tag","embeddable":true,"href":"https:\/\/blogg.fumei.se\/index.php?rest_route=%2Fwp%2Fv2%2Ftags&post=2047"}],"curies":[{"name":"wp","href":"https:\/\/api.w.org\/{rel}","templated":true}]}}