{"id":2051,"date":"2012-01-17T09:13:13","date_gmt":"2012-01-17T08:13:13","guid":{"rendered":"http:\/\/blogg.fumei.se\/?p=2051"},"modified":"2012-01-17T09:13:14","modified_gmt":"2012-01-17T08:13:14","slug":"happy-fodelsedag","status":"publish","type":"post","link":"https:\/\/blogg.fumei.se\/?p=2051","title":{"rendered":"Happy f\u00f6delsedag!"},"content":{"rendered":"<p style=\"text-align: center;\">Idag \u00e4r det lillskrutt Victor som st\u00e5r p\u00e5 tur att fylla \u00e5r, hela tre (3) har det hunnit bli!!<\/p>\n<h1 style=\"text-align: center;\"><strong><span style=\"color: #3366ff;\">GRATTIS!<\/span><\/strong><\/h1>\n<p style=\"text-align: center;\"><span style=\"color: #000000;\">\u00f6nskar faster, Fia, Robin och Jorge.<br \/>\nOch Stella.<\/span><\/p>\n<p style=\"text-align: center;\"><span style=\"color: #000000;\"><a href=\"https:\/\/blogg.fumei.se\/?attachment_id=2052\" rel=\"attachment wp-att-2052\"><img data-recalc-dims=\"1\" loading=\"lazy\" decoding=\"async\" data-attachment-id=\"2052\" data-permalink=\"https:\/\/blogg.fumei.se\/?attachment_id=2052\" data-orig-file=\"https:\/\/i0.wp.com\/blogg.fumei.se\/wp-content\/uploads\/2012\/01\/Victor3-emeff2012.jpg?fit=1800%2C1200&amp;ssl=1\" data-orig-size=\"1800,1200\" data-comments-opened=\"1\" data-image-meta=\"{&quot;aperture&quot;:&quot;0&quot;,&quot;credit&quot;:&quot;&quot;,&quot;camera&quot;:&quot;&quot;,&quot;caption&quot;:&quot;&quot;,&quot;created_timestamp&quot;:&quot;0&quot;,&quot;copyright&quot;:&quot;&quot;,&quot;focal_length&quot;:&quot;0&quot;,&quot;iso&quot;:&quot;0&quot;,&quot;shutter_speed&quot;:&quot;0&quot;,&quot;title&quot;:&quot;&quot;}\" data-image-title=\"Victor3-emeff2012\" data-image-description=\"\" data-image-caption=\"\" data-large-file=\"https:\/\/i0.wp.com\/blogg.fumei.se\/wp-content\/uploads\/2012\/01\/Victor3-emeff2012.jpg?fit=640%2C426&amp;ssl=1\" class=\"aligncenter size-medium wp-image-2052\" title=\"Victor3-emeff2012\" src=\"https:\/\/i0.wp.com\/blogg.fumei.se\/wp-content\/uploads\/2012\/01\/Victor3-emeff2012-300x200.jpg?resize=300%2C200&#038;ssl=1\" alt=\"\" width=\"300\" height=\"200\" srcset=\"https:\/\/i0.wp.com\/blogg.fumei.se\/wp-content\/uploads\/2012\/01\/Victor3-emeff2012.jpg?resize=300%2C200&amp;ssl=1 300w, https:\/\/i0.wp.com\/blogg.fumei.se\/wp-content\/uploads\/2012\/01\/Victor3-emeff2012.jpg?resize=650%2C433&amp;ssl=1 650w, https:\/\/i0.wp.com\/blogg.fumei.se\/wp-content\/uploads\/2012\/01\/Victor3-emeff2012.jpg?w=1800&amp;ssl=1 1800w, https:\/\/i0.wp.com\/blogg.fumei.se\/wp-content\/uploads\/2012\/01\/Victor3-emeff2012.jpg?w=1280&amp;ssl=1 1280w\" sizes=\"auto, (max-width: 300px) 100vw, 300px\" \/><\/a><\/span><\/p>\n","protected":false},"excerpt":{"rendered":"<p>Idag \u00e4r det lillskrutt Victor som st\u00e5r p\u00e5 tur att fylla \u00e5r, hela tre (3) har det hunnit bli!! GRATTIS! \u00f6nskar faster, Fia, Robin och Jorge. Och Stella.<\/p>\n","protected":false},"author":1,"featured_media":0,"comment_status":"open","ping_status":"open","sticky":false,"template":"","format":"standard","meta":{"jetpack_post_was_ever_published":false,"_jetpack_newsletter_access":"","_jetpack_dont_email_post_to_subs":false,"_jetpack_newsletter_tier_id":0,"_jetpack_memberships_contains_paywalled_content":false,"_jetpack_memberships_contains_paid_content":false,"footnotes":"","jetpack_publicize_message":"","jetpack_publicize_feature_enabled":true,"jetpack_social_post_already_shared":false,"jetpack_social_options":{"image_generator_settings":{"template":"highway","default_image_id":0,"font":"","enabled":false},"version":2}},"categories":[47],"tags":[106,138],"class_list":["post-2051","post","type-post","status-publish","format-standard","hentry","category-vardagsliv","tag-fodelsedag","tag-victor"],"jetpack_publicize_connections":[],"jetpack_featured_media_url":"","jetpack_shortlink":"https:\/\/wp.me\/p3qko4-x5","jetpack_sharing_enabled":true,"jetpack_likes_enabled":true,"jetpack-related-posts":[{"id":3454,"url":"https:\/\/blogg.fumei.se\/?p=3454","url_meta":{"origin":2051,"position":0},"title":"Idag fyller vi \u00e5r!","author":"M :)","date":"2015-01-17","format":false,"excerpt":"Vi b\u00f6rjar med att hurra f\u00f6r den h\u00e4r killen: Hipp hurra f\u00f6r Victor idag p\u00e5 din 6-\u00e5rsdag! GRATTIS \u00f6nskar faster, farmor, farfar, Robin, Fia, Linus och Juliah. Och ja, det \u00e4r ju faktiskt min f\u00f6delsedag ocks\u00e5, s\u00e5 hurra och grattis till mig ocks\u00e5! N\u00e5gra andra som fyller \u00e5r idag \u00e4r\u2026","rel":"","context":"I \u201dVardagsliv\u201d","block_context":{"text":"Vardagsliv","link":"https:\/\/blogg.fumei.se\/?cat=47"},"img":{"alt_text":"Victor6-emeff2015","src":"https:\/\/i0.wp.com\/blogg.fumei.se\/wp-content\/uploads\/2015\/01\/Victor6-emeff2015.jpg?resize=350%2C200","width":350,"height":200,"srcset":"https:\/\/i0.wp.com\/blogg.fumei.se\/wp-content\/uploads\/2015\/01\/Victor6-emeff2015.jpg?resize=350%2C200 1x, https:\/\/i0.wp.com\/blogg.fumei.se\/wp-content\/uploads\/2015\/01\/Victor6-emeff2015.jpg?resize=525%2C300 1.5x"},"classes":[]},{"id":2908,"url":"https:\/\/blogg.fumei.se\/?p=2908","url_meta":{"origin":2051,"position":1},"title":"Vi hurrar","author":"M :)","date":"2013-01-17","format":false,"excerpt":"f\u00f6r Victor idag! Stort GRATTIS \u00f6nskar faster, Fia, Robin och Jorge","rel":"","context":"I \u201dVardagsliv\u201d","block_context":{"text":"Vardagsliv","link":"https:\/\/blogg.fumei.se\/?cat=47"},"img":{"alt_text":"Victor4-emeff2013","src":"https:\/\/i0.wp.com\/blogg.fumei.se\/wp-content\/uploads\/2013\/01\/Victor4-emeff2013.png?resize=350%2C200","width":350,"height":200,"srcset":"https:\/\/i0.wp.com\/blogg.fumei.se\/wp-content\/uploads\/2013\/01\/Victor4-emeff2013.png?resize=350%2C200 1x, https:\/\/i0.wp.com\/blogg.fumei.se\/wp-content\/uploads\/2013\/01\/Victor4-emeff2013.png?resize=525%2C300 1.5x"},"classes":[]},{"id":4658,"url":"https:\/\/blogg.fumei.se\/?p=4658","url_meta":{"origin":2051,"position":2},"title":"Grattis Frida!","author":"M :)","date":"2019-08-23","format":false,"excerpt":"Grattis p\u00e5 f\u00f6delsedagen! \u00f6nskarmostermormor LisFia, Linus, Juliah & AmandusRoberto & IsabellaSilvio, Lovisa & Victor","rel":"","context":"I \u201dVardagsliv\u201d","block_context":{"text":"Vardagsliv","link":"https:\/\/blogg.fumei.se\/?cat=47"},"img":{"alt_text":"","src":"https:\/\/i0.wp.com\/blogg.fumei.se\/wp-content\/uploads\/2019\/08\/Frida17-emeff2019-1.png?resize=350%2C200&ssl=1","width":350,"height":200,"srcset":"https:\/\/i0.wp.com\/blogg.fumei.se\/wp-content\/uploads\/2019\/08\/Frida17-emeff2019-1.png?resize=350%2C200&ssl=1 1x, https:\/\/i0.wp.com\/blogg.fumei.se\/wp-content\/uploads\/2019\/08\/Frida17-emeff2019-1.png?resize=525%2C300&ssl=1 1.5x"},"classes":[]},{"id":4569,"url":"https:\/\/blogg.fumei.se\/?p=4569","url_meta":{"origin":2051,"position":3},"title":"Fira Frida","author":"M :)","date":"2018-08-23","format":false,"excerpt":"F\u00f6delsedag i familjen Andersson, den h\u00e4r g\u00e5ngen \u00e4r det Frida som fyller \u00e5r! Det \u00e4r n\u00e5gra \u00e5r sen hon st\u00e4llde upp p\u00e5 bilder som de h\u00e4r :) GRATTIS! \u00f6nskar moster Robin Fia, Linus &Juliah mormor Lis Roberto & Isabella Silvio, Lovisa & Victor","rel":"","context":"I \u201dFamiljen\u201d","block_context":{"text":"Familjen","link":"https:\/\/blogg.fumei.se\/?cat=34"},"img":{"alt_text":"","src":"https:\/\/i0.wp.com\/blogg.fumei.se\/wp-content\/uploads\/2018\/08\/Frida16-emeff2018.png?resize=350%2C200","width":350,"height":200,"srcset":"https:\/\/i0.wp.com\/blogg.fumei.se\/wp-content\/uploads\/2018\/08\/Frida16-emeff2018.png?resize=350%2C200 1x, https:\/\/i0.wp.com\/blogg.fumei.se\/wp-content\/uploads\/2018\/08\/Frida16-emeff2018.png?resize=525%2C300 1.5x"},"classes":[]},{"id":4503,"url":"https:\/\/blogg.fumei.se\/?p=4503","url_meta":{"origin":2051,"position":4},"title":"Grattis syrran!","author":"M :)","date":"2018-01-24","format":false,"excerpt":"Grattis p\u00e5 f\u00f6delsedagen \u00f6nskar Tella mamma Lis Fia, Linus & Juliah Robin Roberto & Isabella Silvio, Lovisa & Victor \u00a0","rel":"","context":"I \u201dFamiljen\u201d","block_context":{"text":"Familjen","link":"https:\/\/blogg.fumei.se\/?cat=34"},"img":{"alt_text":"","src":"https:\/\/i0.wp.com\/blogg.fumei.se\/wp-content\/uploads\/2018\/01\/Ilse54-emeff2018.png?resize=350%2C200","width":350,"height":200,"srcset":"https:\/\/i0.wp.com\/blogg.fumei.se\/wp-content\/uploads\/2018\/01\/Ilse54-emeff2018.png?resize=350%2C200 1x, https:\/\/i0.wp.com\/blogg.fumei.se\/wp-content\/uploads\/2018\/01\/Ilse54-emeff2018.png?resize=525%2C300 1.5x"},"classes":[]},{"id":4528,"url":"https:\/\/blogg.fumei.se\/?p=4528","url_meta":{"origin":2051,"position":5},"title":"Hur gick det d\u00e4r till?","author":"M :)","date":"2018-05-21","format":false,"excerpt":"Fia fyller 25 idag! Hur \u00e4r det ens m\u00f6jligt? Jag \u00e4r ju bara 27 fortfarande... Sk\u00e4mt \u00e5sido, jag kunde inte \u00f6nska mig en finare, go'are, rarare, sn\u00e4llare och b\u00e4ttre dotter \u00e4n dig! Jag \u00f6nskar att du f\u00e5r en underbar f\u00f6delsedag! Jag \u00e4lskar dig! GRATTIS! \u00f6nskar mamma Robin mormor Roberto &\u2026","rel":"","context":"I \u201dFamiljen\u201d","block_context":{"text":"Familjen","link":"https:\/\/blogg.fumei.se\/?cat=34"},"img":{"alt_text":"","src":"https:\/\/i0.wp.com\/blogg.fumei.se\/wp-content\/uploads\/2018\/05\/Fia25-emeff2018.png?resize=350%2C200","width":350,"height":200,"srcset":"https:\/\/i0.wp.com\/blogg.fumei.se\/wp-content\/uploads\/2018\/05\/Fia25-emeff2018.png?resize=350%2C200 1x, https:\/\/i0.wp.com\/blogg.fumei.se\/wp-content\/uploads\/2018\/05\/Fia25-emeff2018.png?resize=525%2C300 1.5x"},"classes":[]}],"_links":{"self":[{"href":"https:\/\/blogg.fumei.se\/index.php?rest_route=\/wp\/v2\/posts\/2051","targetHints":{"allow":["GET"]}}],"collection":[{"href":"https:\/\/blogg.fumei.se\/index.php?rest_route=\/wp\/v2\/posts"}],"about":[{"href":"https:\/\/blogg.fumei.se\/index.php?rest_route=\/wp\/v2\/types\/post"}],"author":[{"embeddable":true,"href":"https:\/\/blogg.fumei.se\/index.php?rest_route=\/wp\/v2\/users\/1"}],"replies":[{"embeddable":true,"href":"https:\/\/blogg.fumei.se\/index.php?rest_route=%2Fwp%2Fv2%2Fcomments&post=2051"}],"version-history":[{"count":2,"href":"https:\/\/blogg.fumei.se\/index.php?rest_route=\/wp\/v2\/posts\/2051\/revisions"}],"predecessor-version":[{"id":2054,"href":"https:\/\/blogg.fumei.se\/index.php?rest_route=\/wp\/v2\/posts\/2051\/revisions\/2054"}],"wp:attachment":[{"href":"https:\/\/blogg.fumei.se\/index.php?rest_route=%2Fwp%2Fv2%2Fmedia&parent=2051"}],"wp:term":[{"taxonomy":"category","embeddable":true,"href":"https:\/\/blogg.fumei.se\/index.php?rest_route=%2Fwp%2Fv2%2Fcategories&post=2051"},{"taxonomy":"post_tag","embeddable":true,"href":"https:\/\/blogg.fumei.se\/index.php?rest_route=%2Fwp%2Fv2%2Ftags&post=2051"}],"curies":[{"name":"wp","href":"https:\/\/api.w.org\/{rel}","templated":true}]}}