{"id":2067,"date":"2012-01-24T10:21:31","date_gmt":"2012-01-24T09:21:31","guid":{"rendered":"http:\/\/blogg.fumei.se\/?p=2067"},"modified":"2012-01-24T10:23:35","modified_gmt":"2012-01-24T09:23:35","slug":"ja-ma-hon-leva","status":"publish","type":"post","link":"https:\/\/blogg.fumei.se\/?p=2067","title":{"rendered":"Ja m\u00e5 hon leva&#8230;"},"content":{"rendered":"<p style=\"text-align: center;\">Idag fyller min syster \u00e5r!<\/p>\n<h1 style=\"text-align: center;\"><strong><span style=\"color: #993366;\">GRATTIS<\/span><\/strong><\/h1>\n<h1 style=\"text-align: center;\"><strong><span style=\"color: #993366;\"><a href=\"https:\/\/blogg.fumei.se\/?attachment_id=2069\" rel=\"attachment wp-att-2069\"><img data-recalc-dims=\"1\" loading=\"lazy\" decoding=\"async\" data-attachment-id=\"2069\" data-permalink=\"https:\/\/blogg.fumei.se\/?attachment_id=2069\" data-orig-file=\"https:\/\/i0.wp.com\/blogg.fumei.se\/wp-content\/uploads\/2012\/01\/Ilse48-emeff20121.png?fit=1079%2C1226&amp;ssl=1\" data-orig-size=\"1079,1226\" data-comments-opened=\"1\" data-image-meta=\"{&quot;aperture&quot;:&quot;0&quot;,&quot;credit&quot;:&quot;&quot;,&quot;camera&quot;:&quot;&quot;,&quot;caption&quot;:&quot;&quot;,&quot;created_timestamp&quot;:&quot;0&quot;,&quot;copyright&quot;:&quot;&quot;,&quot;focal_length&quot;:&quot;0&quot;,&quot;iso&quot;:&quot;0&quot;,&quot;shutter_speed&quot;:&quot;0&quot;,&quot;title&quot;:&quot;&quot;}\" data-image-title=\"Ilse48-emeff2012\" data-image-description=\"\" data-image-caption=\"\" data-large-file=\"https:\/\/i0.wp.com\/blogg.fumei.se\/wp-content\/uploads\/2012\/01\/Ilse48-emeff20121.png?fit=572%2C650&amp;ssl=1\" class=\"aligncenter size-medium wp-image-2069\" title=\"Ilse48-emeff2012\" src=\"https:\/\/i0.wp.com\/blogg.fumei.se\/wp-content\/uploads\/2012\/01\/Ilse48-emeff20121-264x300.png?resize=264%2C300&#038;ssl=1\" alt=\"\" width=\"264\" height=\"300\" srcset=\"https:\/\/i0.wp.com\/blogg.fumei.se\/wp-content\/uploads\/2012\/01\/Ilse48-emeff20121.png?resize=264%2C300&amp;ssl=1 264w, https:\/\/i0.wp.com\/blogg.fumei.se\/wp-content\/uploads\/2012\/01\/Ilse48-emeff20121.png?resize=572%2C650&amp;ssl=1 572w, https:\/\/i0.wp.com\/blogg.fumei.se\/wp-content\/uploads\/2012\/01\/Ilse48-emeff20121.png?w=1079&amp;ssl=1 1079w\" sizes=\"auto, (max-width: 264px) 100vw, 264px\" \/><\/a><\/span><\/strong><\/h1>\n<p style=\"text-align: center;\"><em>Klicka p\u00e5 bilden f\u00f6r att se den st\u00f6rre<\/em><\/p>\n<div style=\"text-align: center;\">\u00a0<\/div>\n","protected":false},"excerpt":{"rendered":"<p>Idag fyller min syster \u00e5r! GRATTIS Klicka p\u00e5 bilden f\u00f6r att se den st\u00f6rre \u00a0<\/p>\n","protected":false},"author":1,"featured_media":0,"comment_status":"open","ping_status":"open","sticky":false,"template":"","format":"standard","meta":{"jetpack_post_was_ever_published":false,"_jetpack_newsletter_access":"","_jetpack_dont_email_post_to_subs":false,"_jetpack_newsletter_tier_id":0,"_jetpack_memberships_contains_paywalled_content":false,"_jetpack_memberships_contains_paid_content":false,"footnotes":"","jetpack_publicize_message":"","jetpack_publicize_feature_enabled":true,"jetpack_social_post_already_shared":false,"jetpack_social_options":{"image_generator_settings":{"template":"highway","default_image_id":0,"font":"","enabled":false},"version":2}},"categories":[34],"tags":[106,142],"class_list":["post-2067","post","type-post","status-publish","format-standard","hentry","category-familjen","tag-fodelsedag","tag-syster"],"jetpack_publicize_connections":[],"jetpack_featured_media_url":"","jetpack_shortlink":"https:\/\/wp.me\/p3qko4-xl","jetpack_sharing_enabled":true,"jetpack_likes_enabled":true,"jetpack-related-posts":[{"id":4634,"url":"https:\/\/blogg.fumei.se\/?p=4634","url_meta":{"origin":2067,"position":0},"title":"Min syster","author":"M :)","date":"2019-01-24","format":false,"excerpt":"fyller \u00e5r idag! GRATTIS! fr\u00e5n oss alla!","rel":"","context":"I \u201dFamiljen\u201d","block_context":{"text":"Familjen","link":"https:\/\/blogg.fumei.se\/?cat=34"},"img":{"alt_text":"","src":"https:\/\/i0.wp.com\/blogg.fumei.se\/wp-content\/uploads\/2019\/01\/Ilse55-EmEff2019.png?resize=350%2C200&ssl=1","width":350,"height":200,"srcset":"https:\/\/i0.wp.com\/blogg.fumei.se\/wp-content\/uploads\/2019\/01\/Ilse55-EmEff2019.png?resize=350%2C200&ssl=1 1x, https:\/\/i0.wp.com\/blogg.fumei.se\/wp-content\/uploads\/2019\/01\/Ilse55-EmEff2019.png?resize=525%2C300&ssl=1 1.5x"},"classes":[]},{"id":2921,"url":"https:\/\/blogg.fumei.se\/?p=2921","url_meta":{"origin":2067,"position":1},"title":"Min fina syster","author":"M :)","date":"2013-01-24","format":false,"excerpt":"fyller \u00e5r idag! GRATTIS fr\u00e5n oss p\u00e5 vischan","rel":"","context":"I \u201dFamiljen\u201d","block_context":{"text":"Familjen","link":"https:\/\/blogg.fumei.se\/?cat=34"},"img":{"alt_text":"Ilse49-emeff2013","src":"https:\/\/i0.wp.com\/blogg.fumei.se\/wp-content\/uploads\/2013\/01\/Ilse49-emeff2013.png?resize=350%2C200","width":350,"height":200,"srcset":"https:\/\/i0.wp.com\/blogg.fumei.se\/wp-content\/uploads\/2013\/01\/Ilse49-emeff2013.png?resize=350%2C200 1x, https:\/\/i0.wp.com\/blogg.fumei.se\/wp-content\/uploads\/2013\/01\/Ilse49-emeff2013.png?resize=525%2C300 1.5x"},"classes":[]},{"id":5756,"url":"https:\/\/blogg.fumei.se\/?p=5756","url_meta":{"origin":2067,"position":2},"title":"60 \u00e5r!","author":"M :)","date":"2024-01-24","format":false,"excerpt":"Hurra hurra f\u00f6r k\u00e4ra syster idag!Stort grattis och massa kramar p\u00e5 din f\u00f6delsedag \u00f6nskar vi! \u2764\ufe0f","rel":"","context":"I \u201dFamiljen\u201d","block_context":{"text":"Familjen","link":"https:\/\/blogg.fumei.se\/?cat=34"},"img":{"alt_text":"","src":"https:\/\/i0.wp.com\/blogg.fumei.se\/wp-content\/uploads\/2024\/02\/82C3E54B-8D11-48AC-BE58-FA0241856440_1_105_c.jpeg?resize=350%2C200&ssl=1","width":350,"height":200,"srcset":"https:\/\/i0.wp.com\/blogg.fumei.se\/wp-content\/uploads\/2024\/02\/82C3E54B-8D11-48AC-BE58-FA0241856440_1_105_c.jpeg?resize=350%2C200&ssl=1 1x, https:\/\/i0.wp.com\/blogg.fumei.se\/wp-content\/uploads\/2024\/02\/82C3E54B-8D11-48AC-BE58-FA0241856440_1_105_c.jpeg?resize=525%2C300&ssl=1 1.5x, https:\/\/i0.wp.com\/blogg.fumei.se\/wp-content\/uploads\/2024\/02\/82C3E54B-8D11-48AC-BE58-FA0241856440_1_105_c.jpeg?resize=700%2C400&ssl=1 2x"},"classes":[]},{"id":3188,"url":"https:\/\/blogg.fumei.se\/?p=3188","url_meta":{"origin":2067,"position":3},"title":"Halvsekelsf\u00f6delsedag","author":"M :)","date":"2014-01-24","format":false,"excerpt":"Idag fyller syster yster ett halvt liv! Hipp hurra och grattiskramar fr\u00e5n oss alla!","rel":"","context":"I \u201dVardagsliv\u201d","block_context":{"text":"Vardagsliv","link":"https:\/\/blogg.fumei.se\/?cat=47"},"img":{"alt_text":"ilse50-emeff2014","src":"https:\/\/i0.wp.com\/blogg.fumei.se\/wp-content\/uploads\/2014\/01\/ilse50-emeff2014.jpg?resize=350%2C200","width":350,"height":200,"srcset":"https:\/\/i0.wp.com\/blogg.fumei.se\/wp-content\/uploads\/2014\/01\/ilse50-emeff2014.jpg?resize=350%2C200 1x, https:\/\/i0.wp.com\/blogg.fumei.se\/wp-content\/uploads\/2014\/01\/ilse50-emeff2014.jpg?resize=525%2C300 1.5x"},"classes":[]},{"id":4652,"url":"https:\/\/blogg.fumei.se\/?p=4652","url_meta":{"origin":2067,"position":4},"title":"Ja m\u00e5 hon leva!","author":"M :)","date":"2019-05-21","format":false,"excerpt":"Den finaste, vackraste, b\u00e4sta dottern av dem alla, idag fyller hon \u00e5r! GRATTIS! \u00f6nskar mamma & RobinmormorIlse, Magnus, Frida & TyraRoberto & IsabellaSilvio, Lovisa & VictorMikael, Melina & Max\u2665","rel":"","context":"I \u201dVardagsliv\u201d","block_context":{"text":"Vardagsliv","link":"https:\/\/blogg.fumei.se\/?cat=47"},"img":{"alt_text":"","src":"https:\/\/i0.wp.com\/blogg.fumei.se\/wp-content\/uploads\/2019\/05\/Fia26Blogg-EmEff2019.png?resize=350%2C200&ssl=1","width":350,"height":200,"srcset":"https:\/\/i0.wp.com\/blogg.fumei.se\/wp-content\/uploads\/2019\/05\/Fia26Blogg-EmEff2019.png?resize=350%2C200&ssl=1 1x, https:\/\/i0.wp.com\/blogg.fumei.se\/wp-content\/uploads\/2019\/05\/Fia26Blogg-EmEff2019.png?resize=525%2C300&ssl=1 1.5x"},"classes":[]},{"id":4128,"url":"https:\/\/blogg.fumei.se\/?p=4128","url_meta":{"origin":2067,"position":5},"title":"Grattis syrran!","author":"M :)","date":"2017-01-24","format":false,"excerpt":"D\u00e5 k\u00f6r vi n\u00e4sta f\u00f6delsedagsh\u00e4lsning! Den h\u00e4r g\u00e5ngen \u00e4r det storasyster som f\u00e5r st\u00e5 i centrum f\u00f6r en dag. GRATTIS \u00f6nskar Tella pappa och Lis Fia, Linus, Juliah Robin","rel":"","context":"I \u201dFamiljen\u201d","block_context":{"text":"Familjen","link":"https:\/\/blogg.fumei.se\/?cat=34"},"img":{"alt_text":"","src":"https:\/\/i0.wp.com\/blogg.fumei.se\/wp-content\/uploads\/2017\/01\/Ilse53-emeff2017.png?resize=350%2C200","width":350,"height":200,"srcset":"https:\/\/i0.wp.com\/blogg.fumei.se\/wp-content\/uploads\/2017\/01\/Ilse53-emeff2017.png?resize=350%2C200 1x, https:\/\/i0.wp.com\/blogg.fumei.se\/wp-content\/uploads\/2017\/01\/Ilse53-emeff2017.png?resize=525%2C300 1.5x"},"classes":[]}],"_links":{"self":[{"href":"https:\/\/blogg.fumei.se\/index.php?rest_route=\/wp\/v2\/posts\/2067","targetHints":{"allow":["GET"]}}],"collection":[{"href":"https:\/\/blogg.fumei.se\/index.php?rest_route=\/wp\/v2\/posts"}],"about":[{"href":"https:\/\/blogg.fumei.se\/index.php?rest_route=\/wp\/v2\/types\/post"}],"author":[{"embeddable":true,"href":"https:\/\/blogg.fumei.se\/index.php?rest_route=\/wp\/v2\/users\/1"}],"replies":[{"embeddable":true,"href":"https:\/\/blogg.fumei.se\/index.php?rest_route=%2Fwp%2Fv2%2Fcomments&post=2067"}],"version-history":[{"count":3,"href":"https:\/\/blogg.fumei.se\/index.php?rest_route=\/wp\/v2\/posts\/2067\/revisions"}],"predecessor-version":[{"id":2073,"href":"https:\/\/blogg.fumei.se\/index.php?rest_route=\/wp\/v2\/posts\/2067\/revisions\/2073"}],"wp:attachment":[{"href":"https:\/\/blogg.fumei.se\/index.php?rest_route=%2Fwp%2Fv2%2Fmedia&parent=2067"}],"wp:term":[{"taxonomy":"category","embeddable":true,"href":"https:\/\/blogg.fumei.se\/index.php?rest_route=%2Fwp%2Fv2%2Fcategories&post=2067"},{"taxonomy":"post_tag","embeddable":true,"href":"https:\/\/blogg.fumei.se\/index.php?rest_route=%2Fwp%2Fv2%2Ftags&post=2067"}],"curies":[{"name":"wp","href":"https:\/\/api.w.org\/{rel}","templated":true}]}}