{"id":207,"date":"2010-07-02T12:16:00","date_gmt":"2010-07-02T12:16:00","guid":{"rendered":"\/Blogg\/post\/Det-ar-inte-latt-nar-det-ar-svart.aspx"},"modified":"2010-07-02T12:16:00","modified_gmt":"2010-07-02T12:16:00","slug":"det-ar-inte-latt-nar-det-ar-svart","status":"publish","type":"post","link":"https:\/\/blogg.fumei.se\/?p=207","title":{"rendered":"Det \u00e4r inte l\u00e4tt n\u00e4r det \u00e4r sv\u00e5rt"},"content":{"rendered":"<p>Som de flesta vet s&aring; bor jag ju lite &#8221;avsides&#8221;, dvs i en h&aring;la p&aring; landsbygden, d&auml;r kollektivtrafiken l&auml;mnar mycket att &ouml;nska. Det g&ouml;r ju ocks&aring; att jag, tack vara mycket sn&auml;lla chefer, har f&aring;tt j&auml;mka lite p&aring; mina arbetstider p&aring; kv&auml;llspassen f&ouml;r att hinna med t&aring;get hem. Det g&ouml;r ocks&aring; att jag inte kan jobba n&auml;tter, eftersom t&aring;get hem g&aring;r tre minuter innan nattpasset slutar, och n&auml;sta t&aring;g g&aring;r tv&aring; timmar senare. Att sitta kvar och inv&auml;nta det t&aring;get &auml;r ingen h&ouml;jdare, f&ouml;r till slut &auml;r man s&aring; tr&ouml;tt att man n&auml;stan svimmar. Ibland h&auml;nder det att jag g&aring;r in och g&ouml;r ett extrapass f&ouml;r att t&auml;cka en sjuklucka, men d&aring; kan jag oftast f&ouml;rhandla till mig att f&aring; sluta klockan 6 ist&auml;llet, s&aring; att jag hinner med t&aring;get 6.57.<\/p>\n<p>Nu under sommaren &auml;r det ju dessutom s&aring; att alla m&aring;ste arbeta de % som v&aring;r grundtj&auml;nst &auml;r p&aring;, &auml;ven om vi bara arbetar en del av den. Enda undantaget &auml;r de som har barn under &aring;tta &aring;r eller de som har s&auml;rskilda behov&nbsp; deltid och har intyg p&aring; det.<br \/>F&ouml;r att f&aring; till lite fler lediga dagar lade jag d&auml;rf&ouml;r in tre nattpass. D&aring; kan jag l&auml;gga mig i samtalsrummet p&aring; jobbet i fyra timmar, vila en timme till p&aring; t&aring;get hem, och sen njuta av en (halv) ledig dag hemma, och s&aring; slipper jag v&auml;nda p&aring; dygnet.<br \/>Problemet med att bara arbeta n&aring;gra n&auml;tter om &aring;ret &auml;r ju d&aring; schemal&auml;ggningen. Att l&auml;gga in passen &auml;r inte sv&aring;rt, men att l&auml;sa det f&auml;rdiga schemat s&aring; att man &aring;ker till jobbet p&aring; r&auml;tt dag &auml;r desto knivigare. Och det var just det som h&auml;nde mig ig&aring;r. Jag trodde att jag skulle jobba natten mellan fredag och l&ouml;rdag, men ig&aring;r kv&auml;ll (torsdag) ringde sektionsledaren fr&aring;n jobbet och undrade om jag var p&aring; v&auml;g. Man kan lugnt s&auml;ga att jag fick lite ont i magen och d&aring;ligt samvete f&ouml;r att jag inte hade koll och f&ouml;r att de blev en man (kvinna) kort!!<br \/>S&aring; nu i morse ringde jag jobbet, och nu har jag lyckats ordna s&aring; att jag ska g&aring; in och g&ouml;ra en annan natt efter min semester.<\/p>\n<p>Slutet gott, allting gott? Nu ska jag i alla fall s&auml;tta upp draperiskenor.<\/p>\n","protected":false},"excerpt":{"rendered":"<p>Som de flesta vet s&aring; bor jag ju lite &#8221;avsides&#8221;, dvs i en h&aring;la p&aring; landsbygden, d&auml;r kollektivtrafiken l&auml;mnar mycket att &ouml;nska. Det g&ouml;r ju ocks&aring; att jag, tack vara mycket sn&auml;lla chefer, har f&aring;tt j&auml;mka lite p&aring; mina arbetstider p&aring; kv&auml;llspassen f&ouml;r att hinna med t&aring;get hem. Det g&ouml;r ocks&aring; att jag inte kan&#8230;<\/p>\n","protected":false},"author":1,"featured_media":0,"comment_status":"open","ping_status":"open","sticky":false,"template":"","format":"standard","meta":{"jetpack_post_was_ever_published":false,"_jetpack_newsletter_access":"","_jetpack_dont_email_post_to_subs":false,"_jetpack_newsletter_tier_id":0,"_jetpack_memberships_contains_paywalled_content":false,"_jetpack_memberships_contains_paid_content":false,"footnotes":"","jetpack_publicize_message":"","jetpack_publicize_feature_enabled":true,"jetpack_social_post_already_shared":false,"jetpack_social_options":{"image_generator_settings":{"template":"highway","default_image_id":0,"font":"","enabled":false},"version":2}},"categories":[47],"tags":[],"class_list":["post-207","post","type-post","status-publish","format-standard","hentry","category-vardagsliv"],"jetpack_publicize_connections":[],"jetpack_featured_media_url":"","jetpack_shortlink":"https:\/\/wp.me\/p3qko4-3l","jetpack_sharing_enabled":true,"jetpack_likes_enabled":true,"jetpack-related-posts":[{"id":3110,"url":"https:\/\/blogg.fumei.se\/?p=3110","url_meta":{"origin":207,"position":0},"title":"Kalasandet som kom av sig","author":"M :)","date":"2013-08-13","format":false,"excerpt":"K\u00e4ra ansvariga f\u00f6r trafikplaneringen p\u00e5 V\u00e4sttrafik! \u00a0 Jag undrar lite hur man fr\u00e5n V\u00e4sttrafiks sida har t\u00e4nkt, n\u00e4r man under Kulturkalaset endast k\u00f6r ordinarie turer till orter utanf\u00f6r stor-G\u00f6teborg. Vi som bor i de yttre delarna av regionen har ingen m\u00f6jlighet att njuta av och uppleva de evenemang som sker\u2026","rel":"","context":"I \u201dVardagsliv\u201d","block_context":{"text":"Vardagsliv","link":"https:\/\/blogg.fumei.se\/?cat=47"},"img":{"alt_text":"","src":"","width":0,"height":0},"classes":[]},{"id":1175,"url":"https:\/\/blogg.fumei.se\/?p=1175","url_meta":{"origin":207,"position":1},"title":"M\u00e5ndag. Igen.","author":"M :)","date":"2009-10-05","format":false,"excerpt":"Just nu sitter jag p\u00e5 ett t\u00e5g fullt med m\u00e4nniskor som har varit i Gbg och sett fotboll. Av tr\u00f6jorna att d\u00f6ma verkar det ha varit en match mellan IFK Gbg och GAIS. Det \u00e4r synd att p\u00e5st\u00e5 att det \u00e4r tyst p\u00e5 t\u00e5get, men faktiskt s\u00e5 uppf\u00f6r sig dessa\u2026","rel":"","context":"I \u201dVardagsliv\u201d","block_context":{"text":"Vardagsliv","link":"https:\/\/blogg.fumei.se\/?cat=47"},"img":{"alt_text":"","src":"","width":0,"height":0},"classes":[]},{"id":264,"url":"https:\/\/blogg.fumei.se\/?p=264","url_meta":{"origin":207,"position":2},"title":"H\u00e4nder i veckan","author":"M :)","date":"2010-03-23","format":false,"excerpt":"Jag t\u00e4nkte att det kunde vara en kategori. Alltid \u00e4r det n\u00e5got man ser fram emot eller m\u00e5ste ta tag i varje vecka. Nu \u00e4r det visserligen redan tisdag kv\u00e4ll, men \u00e4nd\u00e5. I m\u00e5ndags var ju Robin ch jag iv\u00e4g till barnhabiliteringen f\u00f6r hans \u00e5rliga \"besiktning\". Sjukgymnasten m\u00e4ter och vrider\u2026","rel":"","context":"I \u201dVardagsliv\u201d","block_context":{"text":"Vardagsliv","link":"https:\/\/blogg.fumei.se\/?cat=47"},"img":{"alt_text":"","src":"","width":0,"height":0},"classes":[]},{"id":1226,"url":"https:\/\/blogg.fumei.se\/?p=1226","url_meta":{"origin":207,"position":3},"title":"Happy andra advent!","author":"M :)","date":"2009-12-06","format":false,"excerpt":"Idag \u00e4r det 17 dagar kvar till julafton. Fortsatt sn\u00f6fritt, men fortsatt bl\u00f6tt. trist. Det \u00e4r nu man vill att sn\u00f6n ska b\u00f6rja falla s\u00e5 man hinner komma i julst\u00e4mning. Jul utan sn\u00f6 k\u00e4nns inte riktigt som jul, om jag f\u00e5r s\u00e4ga vad jag tycker. Har inte t\u00e4nt andra ljuset\u2026","rel":"","context":"I \u201dVardagsliv\u201d","block_context":{"text":"Vardagsliv","link":"https:\/\/blogg.fumei.se\/?cat=47"},"img":{"alt_text":"","src":"","width":0,"height":0},"classes":[]},{"id":2074,"url":"https:\/\/blogg.fumei.se\/?p=2074","url_meta":{"origin":207,"position":4},"title":"Hela dan f\u00e5r hon arbeta, hon f\u00e5r jobba, hon f\u00e5r streta&#8230;","author":"M :)","date":"2012-01-28","format":false,"excerpt":"Japp, det \u00e4r mycket jobb nu. Med betoning p\u00e5 mycket. De f\u00f6dande och gravida\u00a0bara v\u00e4ller in (har inte folk tv nuf\u00f6rtiden??)! Trist nog \u00e4r det s\u00e5 att SU ligger back en massa pengar, s\u00e5 f\u00f6r att spara in en del av dem har det inf\u00f6rts anst\u00e4llningsstopp, vilket inneb\u00e4r att alla\u2026","rel":"","context":"I \u201dVardagsliv\u201d","block_context":{"text":"Vardagsliv","link":"https:\/\/blogg.fumei.se\/?cat=47"},"img":{"alt_text":"","src":"","width":0,"height":0},"classes":[]},{"id":699,"url":"https:\/\/blogg.fumei.se\/?p=699","url_meta":{"origin":207,"position":5},"title":"Idag \u00e4r det","author":"M :)","date":"2008-11-04","format":false,"excerpt":"Tisdag den 4 November. Det betyder l\u00e4karbes\u00f6k p\u00e5 habiliteringen f\u00f6r Robin och ledig dag f\u00f6r mig. Jag f\u00f6ljer s\u00e5klart med till habiliteringen. Tyv\u00e4rr tar det ju sin lilla tid att b\u00e5de ta sig dit och sen hem igen av den lilla anledningen att jag inte har k\u00f6rkort och bil, s\u00e5\u2026","rel":"","context":"I \u201dVardagsliv\u201d","block_context":{"text":"Vardagsliv","link":"https:\/\/blogg.fumei.se\/?cat=47"},"img":{"alt_text":"","src":"","width":0,"height":0},"classes":[]}],"_links":{"self":[{"href":"https:\/\/blogg.fumei.se\/index.php?rest_route=\/wp\/v2\/posts\/207","targetHints":{"allow":["GET"]}}],"collection":[{"href":"https:\/\/blogg.fumei.se\/index.php?rest_route=\/wp\/v2\/posts"}],"about":[{"href":"https:\/\/blogg.fumei.se\/index.php?rest_route=\/wp\/v2\/types\/post"}],"author":[{"embeddable":true,"href":"https:\/\/blogg.fumei.se\/index.php?rest_route=\/wp\/v2\/users\/1"}],"replies":[{"embeddable":true,"href":"https:\/\/blogg.fumei.se\/index.php?rest_route=%2Fwp%2Fv2%2Fcomments&post=207"}],"version-history":[{"count":0,"href":"https:\/\/blogg.fumei.se\/index.php?rest_route=\/wp\/v2\/posts\/207\/revisions"}],"wp:attachment":[{"href":"https:\/\/blogg.fumei.se\/index.php?rest_route=%2Fwp%2Fv2%2Fmedia&parent=207"}],"wp:term":[{"taxonomy":"category","embeddable":true,"href":"https:\/\/blogg.fumei.se\/index.php?rest_route=%2Fwp%2Fv2%2Fcategories&post=207"},{"taxonomy":"post_tag","embeddable":true,"href":"https:\/\/blogg.fumei.se\/index.php?rest_route=%2Fwp%2Fv2%2Ftags&post=207"}],"curies":[{"name":"wp","href":"https:\/\/api.w.org\/{rel}","templated":true}]}}