{"id":2074,"date":"2012-01-28T08:56:20","date_gmt":"2012-01-28T07:56:20","guid":{"rendered":"http:\/\/blogg.fumei.se\/?p=2074"},"modified":"2012-01-28T08:56:32","modified_gmt":"2012-01-28T07:56:32","slug":"hela-dan-far-hon-arbeta-hon-far-jobba-hon-far-streta","status":"publish","type":"post","link":"https:\/\/blogg.fumei.se\/?p=2074","title":{"rendered":"Hela dan f\u00e5r hon arbeta, hon f\u00e5r jobba, hon f\u00e5r streta&#8230;"},"content":{"rendered":"<p>Japp, det \u00e4r mycket jobb nu. Med betoning p\u00e5 <em>mycket<\/em>. De f\u00f6dande och gravida\u00a0bara v\u00e4ller in (har inte folk tv nuf\u00f6rtiden??)!<br \/>\nTrist nog \u00e4r det s\u00e5 att <a href=\"http:\/\/www.sahlgrenska.se\/sv\/SU\/Sahlgrenska-Universitetssjukhuset\/\" target=\"_blank\">SU <\/a>ligger back en massa pengar, s\u00e5 f\u00f6r att spara in en del av dem har det inf\u00f6rts anst\u00e4llningsstopp, vilket inneb\u00e4r att alla barnmorskor och undersk\u00f6terskor som hade vikariat hos oss inte fick dem f\u00f6rl\u00e4ngda efter 31 December 2011. J\u00e4ttetr\u00e5kigt b\u00e5de f\u00f6r dem, som m\u00e5ste ut och hitta nytt jobb precis n\u00e4r de l\u00e4rt sig hur det funkar hos oss, och f\u00f6r avdelningen och oss som \u00e4r kvar, f\u00f6r vi blev ju genast m\u00e5nga f\u00e4rre som \u00e4nd\u00e5 ska klara av samma arbetsbelastning som n\u00e4r vi var fler personal.<br \/>\nAnst\u00e4llningsstoppet betyder ju ocks\u00e5 att vi inte f\u00e5r ta in timvikarier, men SU har startat en bemanningspool som vi f\u00e5r ringa in personal ifr\u00e5n. Problemet med poolen \u00e4r bara att de som \u00e4r med i den har satt upp sig att de kan jobba p\u00e5 andra avdelningar \u00e4n f\u00f6rlossning\/BB, s\u00e5 de kan ju vara uppbokade f\u00f6r annat jobb n\u00e4r man ringer.<br \/>\nHittills har vi klarat det genom att ta en dag i taget och genom att m\u00e5nga av oss g\u00e5r in och jobbar extra pass f\u00f6r att t\u00e4cka luckor.<\/p>\n<p>S\u00e5 det \u00e4r d\u00e4r den klatschiga rubriken kommer in. Jag g\u00f6r ganska m\u00e5nga extrapass. Just nu \u00e4r jag inne i en period om 9 pass i rad. Klart jag f\u00e5r ers\u00e4ttning f\u00f6r \u00f6vertid och mertid och allt vad det heter, men det hj\u00e4lper inte mot tr\u00f6ttheten. \u00c5 andra sidan tar jag hellre extrapass frivilligt \u00e4n att bli beordrad att jobba f\u00f6r att patients\u00e4kerheten inte kan garanteras om det inte finns tillr\u00e4ckligt med personal.<br \/>\nS\u00e5 det \u00e4r lite kluvet, det d\u00e4r.<\/p>\n<p>Det d\u00e4r med tr\u00f6ttheten och mycket jobb medf\u00f6r ocks\u00e5 att jag inte \u00e4r s\u00e5 aktiv n\u00e4r jag inte jobbar. Jag kommer hem, vi k\u00e4kar middag, jag slappar i soffan en stund framf\u00f6r tv:n, kollar mejlen och sen \u00e4r det l\u00e4ggdags igen. Ungef\u00e4r s\u00e5 ser mina dagar ut nu, men jag hoppas och h\u00e5ller tummarna (det g\u00f6r vi alla!) att anst\u00e4llningsstoppet ska h\u00e4vas snart s\u00e5 att vi f\u00e5r ta in n\u00e5gra vikarier.<\/p>\n<p>Nog om det. Eftersom jag jobbar s\u00e5 mycket s\u00e5 har jag inte mycket mer att ber\u00e4tta, mer \u00e4n att pappa blivit opererad. De har rensat hans blodk\u00e4rl och satt in n\u00e5gon slags shunt som ska \u00f6ka syre- och blodfl\u00f6det i kroppen. Han \u00e4r i skrivande stund kvar p\u00e5 KSS, men vi hoppas v\u00e4l att han f\u00e5r komma hem i b\u00f6rjan p\u00e5 veckan.<br \/>\nTon\u00e5rsdottern slarvar fortfarande kopi\u00f6st med skolan, och de ringer mig varje vecka f\u00f6r att de inte f\u00e5r tag i henne. Ig\u00e5r fick jag nog. <em>Nog<\/em>, som i slutligen nog. P\u00e5 m\u00e5ndag ska jag ringa ett samtal, men tills dess f\u00e5r ni bara veta att jag sagt till henne att antingen sk\u00e4rpa till sig med skolan, eller hoppa av och skriva in sig p\u00e5 arbetsf\u00f6rmedlingen och eventuellt komvux.<\/p>\n<p>V\u00e5rt l\u00e4genhetsletande g\u00e5r tr\u00f6gt. Att en av oss har skulder hos KF och en av oss inte har n\u00e5gon inkomst g\u00f6r inte saken l\u00e4ttare. Vi har nu beslutat att vi \u00e4ven ska s\u00f6ka p\u00e5 orterna n\u00e4rmast h\u00e4romkring &#8211; Falk\u00f6ping, Herrljunga och V\u00e5rg\u00e5rda &#8211; f\u00f6r att dels f\u00e5 b\u00e4ttre t\u00e5gf\u00f6rbindelser och dels f\u00f6r att Robin ska kunna g\u00e5 kvar i skolan utan att pendla f\u00f6r l\u00e5ngt.<\/p>\n<p>N\u00e5gon l\u00e4sning hinner jag knappt med. Oftast l\u00e4ser jag bara n\u00e5gon sida innan jag somnar, och det \u00e4r jag riktigt ledsen f\u00f6r, jag som <em>\u00e4lskar<\/em> att l\u00e4sa! Ska \u00e4nd\u00e5 f\u00f6rs\u00f6ka klara av Januariboken i <a href=\"http:\/\/dantesbibliotek.se\/2011\/10\/13\/nordisk-lasutmaning\/\" target=\"_blank\">l\u00e4sutmaningen <\/a>innan Januari \u00e4r slut&#8230;<\/p>\n<p>Och s\u00e5 var det v\u00e4l inte mer som hade h\u00e4nt, egentligen&#8230;<\/p>\n","protected":false},"excerpt":{"rendered":"<p>Japp, det \u00e4r mycket jobb nu. Med betoning p\u00e5 mycket. De f\u00f6dande och gravida\u00a0bara v\u00e4ller in (har inte folk tv nuf\u00f6rtiden??)! Trist nog \u00e4r det s\u00e5 att SU ligger back en massa pengar, s\u00e5 f\u00f6r att spara in en del av dem har det inf\u00f6rts anst\u00e4llningsstopp, vilket inneb\u00e4r att alla barnmorskor och undersk\u00f6terskor som hade&#8230;<\/p>\n","protected":false},"author":1,"featured_media":0,"comment_status":"open","ping_status":"open","sticky":false,"template":"","format":"standard","meta":{"jetpack_post_was_ever_published":false,"_jetpack_newsletter_access":"","_jetpack_dont_email_post_to_subs":false,"_jetpack_newsletter_tier_id":0,"_jetpack_memberships_contains_paywalled_content":false,"_jetpack_memberships_contains_paid_content":false,"footnotes":"","jetpack_publicize_message":"","jetpack_publicize_feature_enabled":true,"jetpack_social_post_already_shared":false,"jetpack_social_options":{"image_generator_settings":{"template":"highway","default_image_id":0,"font":"","enabled":false},"version":2}},"categories":[47],"tags":[144,58,143],"class_list":["post-2074","post","type-post","status-publish","format-standard","hentry","category-vardagsliv","tag-blaha","tag-jobb","tag-trott"],"jetpack_publicize_connections":[],"jetpack_featured_media_url":"","jetpack_shortlink":"https:\/\/wp.me\/p3qko4-xs","jetpack_sharing_enabled":true,"jetpack_likes_enabled":true,"jetpack-related-posts":[{"id":3094,"url":"https:\/\/blogg.fumei.se\/?p=3094","url_meta":{"origin":2074,"position":0},"title":"Pluggh\u00e4st","author":"M :)","date":"2013-07-18","format":false,"excerpt":"Japp, det \u00e4r jag, det! Snart i alla fall. Jag s\u00f6kte n\u00e4mligen en utbildning till specialistundersk\u00f6terska, och f\u00f6r n\u00e5gra veckor sedan fick jag veta att jag kommit in! Men jag ville inte g\u00e5 ut med det till alla f\u00f6rr\u00e4n jag var s\u00e4ker p\u00e5 att det skulle ordna sig med det\u2026","rel":"","context":"I \u201dVardagsliv\u201d","block_context":{"text":"Vardagsliv","link":"https:\/\/blogg.fumei.se\/?cat=47"},"img":{"alt_text":"specusk","src":"https:\/\/i0.wp.com\/blogg.fumei.se\/wp-content\/uploads\/2013\/07\/specusk-300x167.jpg?resize=350%2C200","width":350,"height":200},"classes":[]},{"id":554,"url":"https:\/\/blogg.fumei.se\/?p=554","url_meta":{"origin":2074,"position":1},"title":"F\u00f6rb\u00e4ttringsarbete","author":"M :)","date":"2008-09-08","format":false,"excerpt":"Idag har jag inte s\u00e5 l\u00e5ng arbetsdag. Det \u00e4r processgruppen jag \u00e4r med i som ska tr\u00e4ffas. Vi h\u00e5ller p\u00e5 att sammanst\u00e4lla, f\u00f6rb\u00e4ttra och f\u00f6r\u00e4ndra rutiner och PM f\u00f6r kejsarsnitt. Dessa PM ska sedan g\u00e4lla f\u00f6r hela SU. Jag \u00e4r med som representant f\u00f6r undersk\u00f6terskorna. Man t\u00e4nker inte p\u00e5 att\u2026","rel":"","context":"I \u201dJobb\u201d","block_context":{"text":"Jobb","link":"https:\/\/blogg.fumei.se\/?cat=494"},"img":{"alt_text":"","src":"","width":0,"height":0},"classes":[]},{"id":2386,"url":"https:\/\/blogg.fumei.se\/?p=2386","url_meta":{"origin":2074,"position":2},"title":"H\u00e4nt i veckan","author":"M :)","date":"2012-05-27","format":false,"excerpt":"Eller ja. Det blir nog mer \u00e4n i veckan, men ni fattar. Jag har jobbat. Kors i taket, det g\u00f6r jag ju s\u00e5 s\u00e4llan. Inte. Ibland k\u00e4nns det som att jag \u00e4r mer p\u00e5 jobbet \u00e4n hemma. Inte blir det b\u00e4ttre nu under sommaren heller, f\u00f6r d\u00e5 m\u00e5ste vi som\u2026","rel":"","context":"I \u201dVardagsliv\u201d","block_context":{"text":"Vardagsliv","link":"https:\/\/blogg.fumei.se\/?cat=47"},"img":{"alt_text":"","src":"","width":0,"height":0},"classes":[]},{"id":921,"url":"https:\/\/blogg.fumei.se\/?p=921","url_meta":{"origin":2074,"position":3},"title":"En ganska l\u00e5ng uppdatering","author":"M :)","date":"2009-04-03","format":false,"excerpt":"Jag tycker egentligen inte att det har h\u00e4nt s\u00e5 mycket som \u00e4r v\u00e4rt att skriva om, men okej d\u00e5... Vi har som sagt flyttat nu. \u00c4ntligen. Vi har dessutom lyckats f\u00e5 undan n\u00e4stan allt som inte ska st\u00e5 framme och tom hivat upp allt p\u00e5 vinden som ska dit. En\u2026","rel":"","context":"I \u201dVardagsliv\u201d","block_context":{"text":"Vardagsliv","link":"https:\/\/blogg.fumei.se\/?cat=47"},"img":{"alt_text":"","src":"","width":0,"height":0},"classes":[]},{"id":1186,"url":"https:\/\/blogg.fumei.se\/?p=1186","url_meta":{"origin":2074,"position":4},"title":"Blah","author":"M :)","date":"2009-11-24","format":false,"excerpt":"Rubriks\u00e4ttaren \u00e4r p\u00e5 semester i Maldiverna s\u00e5 jag f\u00e5r s\u00e4tta egna rubriker och det g\u00e5r s\u00e5d\u00e4r, som ni kan se...Dags f\u00f6r en flera dagars uppdatering igen, ser jag. Tja, helgen var lugn, jag jobbade l\u00f6rdag kv\u00e4ll, och det var inte s\u00e5 mycket att g\u00f6ra, vi var dessutom gott om personal\u2026","rel":"","context":"I \u201dVardagsliv\u201d","block_context":{"text":"Vardagsliv","link":"https:\/\/blogg.fumei.se\/?cat=47"},"img":{"alt_text":"","src":"","width":0,"height":0},"classes":[]},{"id":885,"url":"https:\/\/blogg.fumei.se\/?p=885","url_meta":{"origin":2074,"position":5},"title":"L\u00e4nge sen sist.","author":"M :)","date":"2009-03-01","format":false,"excerpt":"Nu var det \u00e5terigen ett l\u00e5ngt glapp mellan inl\u00e4ggen h\u00e4r. Det har varit en sp\u00e4ckad vecka med massor att g\u00f6ra p\u00e5 jobbet och \u00e4ven hemma har jag haft fullt upp med att rensa, sortera och f\u00f6rs\u00f6ka packa lite. Men lite annat har jag hunnit med, b\u00e5de roligt och mindre roligt.\u2026","rel":"","context":"I \u201dVardagsliv\u201d","block_context":{"text":"Vardagsliv","link":"https:\/\/blogg.fumei.se\/?cat=47"},"img":{"alt_text":"","src":"","width":0,"height":0},"classes":[]}],"_links":{"self":[{"href":"https:\/\/blogg.fumei.se\/index.php?rest_route=\/wp\/v2\/posts\/2074","targetHints":{"allow":["GET"]}}],"collection":[{"href":"https:\/\/blogg.fumei.se\/index.php?rest_route=\/wp\/v2\/posts"}],"about":[{"href":"https:\/\/blogg.fumei.se\/index.php?rest_route=\/wp\/v2\/types\/post"}],"author":[{"embeddable":true,"href":"https:\/\/blogg.fumei.se\/index.php?rest_route=\/wp\/v2\/users\/1"}],"replies":[{"embeddable":true,"href":"https:\/\/blogg.fumei.se\/index.php?rest_route=%2Fwp%2Fv2%2Fcomments&post=2074"}],"version-history":[{"count":3,"href":"https:\/\/blogg.fumei.se\/index.php?rest_route=\/wp\/v2\/posts\/2074\/revisions"}],"predecessor-version":[{"id":2076,"href":"https:\/\/blogg.fumei.se\/index.php?rest_route=\/wp\/v2\/posts\/2074\/revisions\/2076"}],"wp:attachment":[{"href":"https:\/\/blogg.fumei.se\/index.php?rest_route=%2Fwp%2Fv2%2Fmedia&parent=2074"}],"wp:term":[{"taxonomy":"category","embeddable":true,"href":"https:\/\/blogg.fumei.se\/index.php?rest_route=%2Fwp%2Fv2%2Fcategories&post=2074"},{"taxonomy":"post_tag","embeddable":true,"href":"https:\/\/blogg.fumei.se\/index.php?rest_route=%2Fwp%2Fv2%2Ftags&post=2074"}],"curies":[{"name":"wp","href":"https:\/\/api.w.org\/{rel}","templated":true}]}}