{"id":2080,"date":"2012-02-08T21:21:51","date_gmt":"2012-02-08T20:21:51","guid":{"rendered":"http:\/\/blogg.fumei.se\/?p=2080"},"modified":"2012-02-08T21:22:18","modified_gmt":"2012-02-08T20:22:18","slug":"jag-vill-bara-papeka-en-liten-sak","status":"publish","type":"post","link":"https:\/\/blogg.fumei.se\/?p=2080","title":{"rendered":"Jag vill bara p\u00e5peka en liten sak"},"content":{"rendered":"<p><span style=\"font-family: Arial;\">Det d\u00e4r om att det \u00e4r mycket att g\u00f6ra p\u00e5 jobbet, att det inte \u00e4r p\u00e5 topp mellan mig och ton\u00e5rsdottern och att jag som en f\u00f6ljd av detta \u00e4r v\u00e4ldigt, v\u00e4ldigt tr\u00f6tt nuf\u00f6rtiden. S\u00e5 om ni trodde att jag gl\u00f6mt bort bloggen, s\u00e5 \u00e4r det inte alls s\u00e5! \u00c5 nej, tv\u00e4rtom har jag massor med tankar och ord som bara vill komma p\u00e5 pr\u00e4nt, men som sagt, s\u00e5 orkar jag helt enkelt inte formulera mig p\u00e5 ett bra s\u00e4tt, och kan man inte formulera sig och uttrycka\u00a0sig bra, s\u00e5 kan det ju egentligen kvitta. F\u00f6r vem vill framst\u00e5 som en obildad fjortis som bara beklagar sig? \ud83d\ude1b<\/span><\/p>\n","protected":false},"excerpt":{"rendered":"<p>Det d\u00e4r om att det \u00e4r mycket att g\u00f6ra p\u00e5 jobbet, att det inte \u00e4r p\u00e5 topp mellan mig och ton\u00e5rsdottern och att jag som en f\u00f6ljd av detta \u00e4r v\u00e4ldigt, v\u00e4ldigt tr\u00f6tt nuf\u00f6rtiden. S\u00e5 om ni trodde att jag gl\u00f6mt bort bloggen, s\u00e5 \u00e4r det inte alls s\u00e5! \u00c5 nej, tv\u00e4rtom har jag massor&#8230;<\/p>\n","protected":false},"author":1,"featured_media":0,"comment_status":"open","ping_status":"open","sticky":false,"template":"","format":"standard","meta":{"jetpack_post_was_ever_published":false,"_jetpack_newsletter_access":"","_jetpack_dont_email_post_to_subs":false,"_jetpack_newsletter_tier_id":0,"_jetpack_memberships_contains_paywalled_content":false,"_jetpack_memberships_contains_paid_content":false,"footnotes":"","jetpack_publicize_message":"","jetpack_publicize_feature_enabled":true,"jetpack_social_post_already_shared":false,"jetpack_social_options":{"image_generator_settings":{"template":"highway","default_image_id":0,"font":"","enabled":false},"version":2}},"categories":[47],"tags":[],"class_list":["post-2080","post","type-post","status-publish","format-standard","hentry","category-vardagsliv"],"jetpack_publicize_connections":[],"jetpack_featured_media_url":"","jetpack_shortlink":"https:\/\/wp.me\/p3qko4-xy","jetpack_sharing_enabled":true,"jetpack_likes_enabled":true,"jetpack-related-posts":[{"id":179,"url":"https:\/\/blogg.fumei.se\/?p=179","url_meta":{"origin":2080,"position":0},"title":"Om allt och ingenting, egentligen&#8230;","author":"M :)","date":"2010-10-04","format":false,"excerpt":"Det h\u00e4r bloggandet haltar lite. Det \u00e4r lite lagom sv\u00e5rt att skriva ett vettigt inl\u00e4gg om man egentligen inte har n\u00e5got vettigt att skriva om, s\u00e5 d\u00e4rf\u00f6r \u00e4r det glest mellan inl\u00e4ggen fr\u00e5n min sida. Men lite har jag nog \u00e4nd\u00e5 att plita ner, om jag t\u00e4nker efter. Tex att\u2026","rel":"","context":"I \u201dVardagsliv\u201d","block_context":{"text":"Vardagsliv","link":"https:\/\/blogg.fumei.se\/?cat=47"},"img":{"alt_text":"","src":"","width":0,"height":0},"classes":[]},{"id":1063,"url":"https:\/\/blogg.fumei.se\/?p=1063","url_meta":{"origin":2080,"position":1},"title":"L\u00e5ng helguppdatering","author":"M :)","date":"2009-08-16","format":false,"excerpt":"Eller l\u00e5nghelg-uppdatering. Vilket som. Jag har i alla fall inte skrivit sen i torsdags, s\u00e5 det kanske blir lite l\u00e4tt l\u00e5ngt det h\u00e4r inl\u00e4gget. Ska f\u00f6rs\u00f6ka h\u00e5lla mig kort. I fredags efter jobbet for jag hem till Lena och sen satt vi och mucklade och drack vin p\u00e5 hennes balkong\u2026","rel":"","context":"I \u201dVardagsliv\u201d","block_context":{"text":"Vardagsliv","link":"https:\/\/blogg.fumei.se\/?cat=47"},"img":{"alt_text":"","src":"","width":0,"height":0},"classes":[]},{"id":2979,"url":"https:\/\/blogg.fumei.se\/?p=2979","url_meta":{"origin":2080,"position":2},"title":"Det blir inte alltid som man t\u00e4nkt sig&#8230;","author":"M :)","date":"2013-06-26","format":false,"excerpt":"Min Facebook-status onsdagen den 12e Juni s\u00e5g ut s\u00e5 h\u00e4r: \"Jag g\u00f6r det enkelt f\u00f6r mig och skriver h\u00e4r s\u00e5 att alla kan se och l\u00e4sa sj\u00e4lva, att fr\u00e5n och med idag s\u00e5 \u00e4r \u00e4r Jorge och jag inte l\u00e4ngre ett par. Det k\u00e4nns j\u00e4ttejobbigt och ledsamt f\u00f6r oss b\u00e5da,\u2026","rel":"","context":"I \u201dFamiljen\u201d","block_context":{"text":"Familjen","link":"https:\/\/blogg.fumei.se\/?cat=34"},"img":{"alt_text":"","src":"","width":0,"height":0},"classes":[]},{"id":1174,"url":"https:\/\/blogg.fumei.se\/?p=1174","url_meta":{"origin":2080,"position":3},"title":"Sjuk eller n\u00e5t","author":"M :)","date":"2009-10-06","format":false,"excerpt":"Jag har feber. Igen. Jag hade ju feber och hosta n\u00e4r jag kom hem fr\u00e5n utflykten till Finland, sen hade jag feber i\u00a0tv\u00e5 dagar f\u00f6rra helgen, och nu har jag det igen. Det b\u00f6rjade ig\u00e5r kv\u00e4ll, s\u00e5 jag sov inte s\u00e4rskilt mycket inatt pga att jag fr\u00f6s och var s\u00e5\u2026","rel":"","context":"I \u201dVardagsliv\u201d","block_context":{"text":"Vardagsliv","link":"https:\/\/blogg.fumei.se\/?cat=47"},"img":{"alt_text":"","src":"","width":0,"height":0},"classes":[]},{"id":905,"url":"https:\/\/blogg.fumei.se\/?p=905","url_meta":{"origin":2080,"position":4},"title":"Magk\u00e4nsla","author":"M :)","date":"2009-04-17","format":false,"excerpt":"Jag snubblade \u00f6ver en annan blogg idag. The dweller on the threshold heter den, och \u00e4gs av en tjej som \u00e4r sn\u00e4ppet mer galen i b\u00f6cker \u00e4n vad jag \u00e4r. Lite i klass med Kerstin, faktiskt... Idag hade hon ett inl\u00e4gg om Twilight-b\u00f6ckerna, om hur hon k\u00e4nner inf\u00f6r dem. Jag\u2026","rel":"","context":"I \u201dVardagsliv\u201d","block_context":{"text":"Vardagsliv","link":"https:\/\/blogg.fumei.se\/?cat=47"},"img":{"alt_text":"","src":"","width":0,"height":0},"classes":[]},{"id":2708,"url":"https:\/\/blogg.fumei.se\/?p=2708","url_meta":{"origin":2080,"position":5},"title":"Fler semesterbilder","author":"M :)","date":"2012-08-19","format":false,"excerpt":"Bild 1-3: Jag har lyssnat p\u00e5 Ann Rosmans \"Mercurium\" i sommar. V\u00e4ldigt bra bok och v\u00e4ldigt bra uppl\u00e4sning, och s\u00e5 \u00e4r handlingen delvis f\u00f6rlagd till Tr\u00e4vattna, som ligger bara n\u00e5gra km fr\u00e5n Floby. Sj\u00e4lvklart kunde jag inte h\u00e5lla mig, s\u00e5 jag tog en cykeltur och kikade lite. Bild 10-12: Kulturkalaset\u2026","rel":"","context":"I \u201dVardagsliv\u201d","block_context":{"text":"Vardagsliv","link":"https:\/\/blogg.fumei.se\/?cat=47"},"img":{"alt_text":"","src":"https:\/\/i0.wp.com\/blogg.fumei.se\/wp-content\/uploads\/2012\/08\/sommar1.jpg?resize=350%2C200","width":350,"height":200},"classes":[]}],"_links":{"self":[{"href":"https:\/\/blogg.fumei.se\/index.php?rest_route=\/wp\/v2\/posts\/2080","targetHints":{"allow":["GET"]}}],"collection":[{"href":"https:\/\/blogg.fumei.se\/index.php?rest_route=\/wp\/v2\/posts"}],"about":[{"href":"https:\/\/blogg.fumei.se\/index.php?rest_route=\/wp\/v2\/types\/post"}],"author":[{"embeddable":true,"href":"https:\/\/blogg.fumei.se\/index.php?rest_route=\/wp\/v2\/users\/1"}],"replies":[{"embeddable":true,"href":"https:\/\/blogg.fumei.se\/index.php?rest_route=%2Fwp%2Fv2%2Fcomments&post=2080"}],"version-history":[{"count":3,"href":"https:\/\/blogg.fumei.se\/index.php?rest_route=\/wp\/v2\/posts\/2080\/revisions"}],"predecessor-version":[{"id":2082,"href":"https:\/\/blogg.fumei.se\/index.php?rest_route=\/wp\/v2\/posts\/2080\/revisions\/2082"}],"wp:attachment":[{"href":"https:\/\/blogg.fumei.se\/index.php?rest_route=%2Fwp%2Fv2%2Fmedia&parent=2080"}],"wp:term":[{"taxonomy":"category","embeddable":true,"href":"https:\/\/blogg.fumei.se\/index.php?rest_route=%2Fwp%2Fv2%2Fcategories&post=2080"},{"taxonomy":"post_tag","embeddable":true,"href":"https:\/\/blogg.fumei.se\/index.php?rest_route=%2Fwp%2Fv2%2Ftags&post=2080"}],"curies":[{"name":"wp","href":"https:\/\/api.w.org\/{rel}","templated":true}]}}