{"id":2085,"date":"2012-02-08T21:59:48","date_gmt":"2012-02-08T20:59:48","guid":{"rendered":"http:\/\/blogg.fumei.se\/?p=2085"},"modified":"2012-02-08T21:59:48","modified_gmt":"2012-02-08T20:59:48","slug":"bokrecension-faringasagan","status":"publish","type":"post","link":"https:\/\/blogg.fumei.se\/?p=2085","title":{"rendered":"Bokrecension &#8211; F\u00e4ringasagan"},"content":{"rendered":"<p><span style=\"font-family: Arial;\"><strong>F\u00e4ringasagan<br \/>\n<\/strong><em>f\u00f6rord av Olov Isaksson\u00a0; inledd och \u00f6versatt av Bo Almqvist\u00a0; fotografier av S\u00f6ren Hallgren. Hedemora: Gidlund i samarbete med Statens historiska museum<\/em><\/span><\/p>\n<p><span style=\"font-family: Arial;\">I <a href=\"http:\/\/dantesbibliotek.se\/2011\/10\/13\/nordisk-lasutmaning\/\" target=\"_blank\">Nordiska l\u00e4sutmaningen<\/a> skulle vi i Januari l\u00e4sa en bok av en f\u00e4r\u00f6isk (heter det s\u00e5??) f\u00f6rfattare. Sj\u00e4lvklart var jag ute i sista minuten och hade bara ett par dagar p\u00e5 mig att hitta en bok, s\u00e5 f\u00f6r att vara p\u00e5 den s\u00e4kra sidan s\u00e5 valde jag F\u00e4ringasagan.<br \/>\nF\u00e4ringasagan \u00e4r, liksom den isl\u00e4ndska Eddan, en slags\u00a0skildring av F\u00e4r\u00f6arnas historia fr\u00e5n tiden omkring 800-900 e Kr, dvs under vikingatiden.<br \/>\nJag l\u00e4ste en g\u00e5ng f\u00f6r ungef\u00e4r hundra \u00e5r sedan Njals saga, och tyckte om den, s\u00e5 d\u00e4rf\u00f6r t\u00e4nkte jag att F\u00e4ringasagan nog inte blir s\u00e5 tung att ta sig igenom, med tanke p\u00e5 att den inte \u00e4r lika maffig som Eddan eller Njals saga, men \u00e4nd\u00e5 har det typiska fornnordiska s\u00e4ttet att ber\u00e4tta; &#8221;Nu \u00e4r att s\u00e4ga om f\u00e4r\u00f6ingarna&#8230;&#8221;.<\/span><\/p>\n<p><span style=\"font-family: Arial;\">S\u00e5klart att jag gillade den h\u00e4r ocks\u00e5, men n\u00e5gon direkt recension blir det inte, d\u00e4remot en rekommendation: g<\/span>illar du ocks\u00e5 b\u00f6cker som den h\u00e4r, s\u00e5 ta en tur till bibblan, vettja!<\/p>\n","protected":false},"excerpt":{"rendered":"<p>F\u00e4ringasagan f\u00f6rord av Olov Isaksson\u00a0; inledd och \u00f6versatt av Bo Almqvist\u00a0; fotografier av S\u00f6ren Hallgren. Hedemora: Gidlund i samarbete med Statens historiska museum I Nordiska l\u00e4sutmaningen skulle vi i Januari l\u00e4sa en bok av en f\u00e4r\u00f6isk (heter det s\u00e5??) f\u00f6rfattare. Sj\u00e4lvklart var jag ute i sista minuten och hade bara ett par dagar p\u00e5 mig&#8230;<\/p>\n","protected":false},"author":1,"featured_media":0,"comment_status":"open","ping_status":"open","sticky":false,"template":"","format":"standard","meta":{"jetpack_post_was_ever_published":false,"_jetpack_newsletter_access":"","_jetpack_dont_email_post_to_subs":false,"_jetpack_newsletter_tier_id":0,"_jetpack_memberships_contains_paywalled_content":false,"_jetpack_memberships_contains_paid_content":false,"footnotes":"","jetpack_publicize_message":"","jetpack_publicize_feature_enabled":true,"jetpack_social_post_already_shared":false,"jetpack_social_options":{"image_generator_settings":{"template":"highway","default_image_id":0,"font":"","enabled":false},"version":2}},"categories":[47],"tags":[45,85],"class_list":["post-2085","post","type-post","status-publish","format-standard","hentry","category-vardagsliv","tag-bocker","tag-nordisk-lasutmaning"],"jetpack_publicize_connections":[],"jetpack_featured_media_url":"","jetpack_shortlink":"https:\/\/wp.me\/p3qko4-xD","jetpack_sharing_enabled":true,"jetpack_likes_enabled":true,"jetpack-related-posts":[{"id":1606,"url":"https:\/\/blogg.fumei.se\/?p=1606","url_meta":{"origin":2085,"position":0},"title":"L\u00e4sutmaning","author":"M :)","date":"2011-10-15","format":false,"excerpt":"Kerstin skriver om en l\u00e4sutmaning som Therese p\u00e5 Dantes Bibliotek har dragit ig\u00e5ng; en nordisk l\u00e4sutmaning. Klart jag h\u00e4nger p\u00e5! Sj\u00e4lva utmaningen best\u00e5r naturligtvis inte i att l\u00e4sa b\u00f6cker *d\u00f6h* utan i att varje m\u00e5nad v\u00e4lja b\u00f6cker fr\u00e5n de olika nordiska l\u00e4nderna efter en lista: November: Finland December: Island Januari:\u2026","rel":"","context":"I \u201dVardagsliv\u201d","block_context":{"text":"Vardagsliv","link":"https:\/\/blogg.fumei.se\/?cat=47"},"img":{"alt_text":"","src":"","width":0,"height":0},"classes":[]},{"id":1948,"url":"https:\/\/blogg.fumei.se\/?p=1948","url_meta":{"origin":2085,"position":1},"title":"Bokrecension &#8211; Den som gr\u00e4ver en grav","author":"M :)","date":"2012-01-02","format":false,"excerpt":"Den som gr\u00e4ver en grav av Yrsa Sigur\u00f0ard\u00f3ttir I Nordiska l\u00e4sutmaningen i December hade jag egentligen best\u00e4mt mig f\u00f6r att l\u00e4sa en Arnaldur Indri\u00f0ason, men ingen av hans b\u00f6cker som jag inte l\u00e4st, fanns inne p\u00e5 bibblan, s\u00e5 det fick bli en annan isl\u00e4nning. \"Den som gr\u00e4ver...\"\u00a0 \u00e4r Yrsa Sigur\u00f0ard\u00f3ttirs\u2026","rel":"","context":"I \u201dB\u00f6cker och l\u00e4sning\u201d","block_context":{"text":"B\u00f6cker och l\u00e4sning","link":"https:\/\/blogg.fumei.se\/?cat=29"},"img":{"alt_text":"","src":"","width":0,"height":0},"classes":[]},{"id":1760,"url":"https:\/\/blogg.fumei.se\/?p=1760","url_meta":{"origin":2085,"position":2},"title":"Jag ligger back","author":"M :)","date":"2011-11-20","format":false,"excerpt":"Jag \u00e4r ju med i Goodreads l\u00e4sutmaning, och eftersom det vanligtvis slukas en hel del b\u00f6cker fr\u00e5n min sida, s\u00e5 satte jag upp ett m\u00e5l p\u00e5 100 b\u00f6cker. Nu m\u00e4rker jag att jag ligger lite efter - sis\u00e5d\u00e4r 17 b\u00f6cker efter - s\u00e5 om jag vill klara m\u00e5let innan \u00e5ret\u2026","rel":"","context":"I \u201dB\u00f6cker och l\u00e4sning\u201d","block_context":{"text":"B\u00f6cker och l\u00e4sning","link":"https:\/\/blogg.fumei.se\/?cat=29"},"img":{"alt_text":"","src":"","width":0,"height":0},"classes":[]},{"id":1838,"url":"https:\/\/blogg.fumei.se\/?p=1838","url_meta":{"origin":2085,"position":3},"title":"Bokrecension: Pirita, Karelens dotter","author":"M :)","date":"2011-12-02","format":false,"excerpt":"I Nordiska l\u00e4sutmaningen valde jag f\u00f6r November m\u00e5nad \"Pirita, Karelens dotter\" av Kaari Utrio. Kaari Utrio \u00e4r en finsk historiker och\u00a0f\u00f6rfattare, och hon skriver fr\u00e4mst historiska romaner. F\u00f6r det mesta handlar hennes romaner om kvinnor som skiljer sig fr\u00e5n hur kvinnor f\u00f6rv\u00e4ntades upptr\u00e4da f\u00f6rr i tiden. \"Pirita...\" \u00e4r inget undantag.\u2026","rel":"","context":"I \u201dVardagsliv\u201d","block_context":{"text":"Vardagsliv","link":"https:\/\/blogg.fumei.se\/?cat=47"},"img":{"alt_text":"","src":"","width":0,"height":0},"classes":[]},{"id":4026,"url":"https:\/\/blogg.fumei.se\/?p=4026","url_meta":{"origin":2085,"position":4},"title":"L\u00e4sutmaning","author":"M :)","date":"2017-01-04","format":false,"excerpt":"Blev tipsad av en v\u00e4n om att bokf\u00f6rlaget Forum hade lagt upp en l\u00e4sutmaning p\u00e5 sin Facebook-sida. Eftersom jag just suttit och redigerat min \"l\u00e4st\"-sida h\u00e4r p\u00e5 bloggen, och t\u00e4nkt att jag l\u00e4st alldeles f\u00f6r lite de senaste \u00e5ren, s\u00e5 k\u00e4ndes det ganska sj\u00e4lvklart att anta utmaningen. Jag tror dock\u2026","rel":"","context":"I \u201dB\u00f6cker och l\u00e4sning\u201d","block_context":{"text":"B\u00f6cker och l\u00e4sning","link":"https:\/\/blogg.fumei.se\/?cat=29"},"img":{"alt_text":"","src":"https:\/\/i0.wp.com\/blogg.fumei.se\/wp-content\/uploads\/2017\/01\/15781665_1455270881179541_6255436689675664975_n-433x650.jpg?resize=350%2C200","width":350,"height":200},"classes":[]},{"id":1745,"url":"https:\/\/blogg.fumei.se\/?p=1745","url_meta":{"origin":2085,"position":5},"title":"Ulle dulle doff, kinke lade koff","author":"M :)","date":"2011-11-14","format":false,"excerpt":"(finska. Betyder ole dole doff, kinke lane koff) I den nordiska l\u00e4sutmaningen ska vi den h\u00e4r m\u00e5naden l\u00e4sa en finsk f\u00f6rfattare. Jag googlade p\u00e5 \"finska f\u00f6rfattare\" och fick fram en hel wikipedia-sida med namn, och d\u00e5 k\u00e4nde jag att det skulle nog bli sv\u00e5rt att v\u00e4lja en i h\u00f6gen och\u2026","rel":"","context":"I \u201dVardagsliv\u201d","block_context":{"text":"Vardagsliv","link":"https:\/\/blogg.fumei.se\/?cat=47"},"img":{"alt_text":"","src":"","width":0,"height":0},"classes":[]}],"_links":{"self":[{"href":"https:\/\/blogg.fumei.se\/index.php?rest_route=\/wp\/v2\/posts\/2085","targetHints":{"allow":["GET"]}}],"collection":[{"href":"https:\/\/blogg.fumei.se\/index.php?rest_route=\/wp\/v2\/posts"}],"about":[{"href":"https:\/\/blogg.fumei.se\/index.php?rest_route=\/wp\/v2\/types\/post"}],"author":[{"embeddable":true,"href":"https:\/\/blogg.fumei.se\/index.php?rest_route=\/wp\/v2\/users\/1"}],"replies":[{"embeddable":true,"href":"https:\/\/blogg.fumei.se\/index.php?rest_route=%2Fwp%2Fv2%2Fcomments&post=2085"}],"version-history":[{"count":1,"href":"https:\/\/blogg.fumei.se\/index.php?rest_route=\/wp\/v2\/posts\/2085\/revisions"}],"predecessor-version":[{"id":2086,"href":"https:\/\/blogg.fumei.se\/index.php?rest_route=\/wp\/v2\/posts\/2085\/revisions\/2086"}],"wp:attachment":[{"href":"https:\/\/blogg.fumei.se\/index.php?rest_route=%2Fwp%2Fv2%2Fmedia&parent=2085"}],"wp:term":[{"taxonomy":"category","embeddable":true,"href":"https:\/\/blogg.fumei.se\/index.php?rest_route=%2Fwp%2Fv2%2Fcategories&post=2085"},{"taxonomy":"post_tag","embeddable":true,"href":"https:\/\/blogg.fumei.se\/index.php?rest_route=%2Fwp%2Fv2%2Ftags&post=2085"}],"curies":[{"name":"wp","href":"https:\/\/api.w.org\/{rel}","templated":true}]}}