{"id":2089,"date":"2012-02-15T13:20:49","date_gmt":"2012-02-15T12:20:49","guid":{"rendered":"http:\/\/blogg.fumei.se\/?p=2089"},"modified":"2012-02-15T13:26:47","modified_gmt":"2012-02-15T12:26:47","slug":"man-kanske-borde-ge-sig-pa-en-liten-uppdatering","status":"publish","type":"post","link":"https:\/\/blogg.fumei.se\/?p=2089","title":{"rendered":"Man kanske borde ge sig p\u00e5 en liten uppdatering"},"content":{"rendered":"<p>Inte f\u00f6r att det finns s\u00e5 mycket att skriva om. Eller? Det som h\u00e4nt senaste tiden \u00e4r att jag och Fia \u00e4r sams igen, vi har k\u00f6pt en nya soffa och vi planerar semestern.<\/p>\n<p>Br\u00e5ket orkar jag helt enkelt inte skriva n\u00e5got om, det r\u00e4cker gott att vi \u00e4r sams igen. Soffan \u00e4r egentligen inte ny, men den \u00e4r ny f\u00f6r oss, och den var v\u00e4ldigt fin och v\u00e4lsk\u00f6tt, och den kostade hela 175 pengar p\u00e5 Pingstkyrkans second hand-butik i Falk\u00f6ping! Och viktigast av allt: den \u00e4r <em><strong>gr\u00f6n<\/strong><\/em>! \ud83d\ude1b<\/p>\n<p>Semesterplanerna \u00e4r i full g\u00e5ng h\u00e4r hemma, J och jag t\u00e4nkte ta en tur till Rom, faktiskt. Han har visserligen varit d\u00e4r en g\u00e5ng redan, men det finns massa saker han inte s\u00e5g, och jag har ju som bekant (trots italiensk far och m\u00e5nga barndoms sommarlov i Italien) inte varit d\u00e4r, s\u00e5 jag har ju en r\u00e4tt l\u00e5ng lista \u00f6ver saker och platser jag vill se och bes\u00f6ka.<br \/>\nVi t\u00e4nkte ge oss av vecka 30, som \u00e4r min f\u00f6rsta semestervecka. Ingen av ton\u00e5ringarna ska med, s\u00e5 det \u00e4r bara en av oss som beh\u00f6ver kompromissa. Och eftersom jag inte varit d\u00e4r, s\u00e5 f\u00f6rbeh\u00e5ller jag mig r\u00e4tten att best\u00e4mma! \ud83d\ude1b<\/p>\n<p>F\u00f6r \u00f6vrigt h\u00e4nder det inte mycket h\u00e4r, som vanligt. Jag jobbar, J g\u00e5r i skolan och ton\u00e5ringarna har sportlov. Aprop\u00e5 jobb s\u00e5 ska jag jobba inatt, s\u00e5 nu t\u00e4nker jag l\u00e4gga mig och wordfeuda lite innan jag ska taktiksova.<\/p>\n<p style=\"text-align: center;\"><a href=\"https:\/\/blogg.fumei.se\/?attachment_id=2090\" rel=\"attachment wp-att-2090\"><img data-recalc-dims=\"1\" loading=\"lazy\" decoding=\"async\" data-attachment-id=\"2090\" data-permalink=\"https:\/\/blogg.fumei.se\/?attachment_id=2090\" data-orig-file=\"https:\/\/i0.wp.com\/blogg.fumei.se\/wp-content\/uploads\/2012\/02\/2012-02-15-12.57.18.jpg?fit=800%2C600&amp;ssl=1\" data-orig-size=\"800,600\" data-comments-opened=\"1\" data-image-meta=\"{&quot;aperture&quot;:&quot;2.6&quot;,&quot;credit&quot;:&quot;&quot;,&quot;camera&quot;:&quot;GT-S5570&quot;,&quot;caption&quot;:&quot;&quot;,&quot;created_timestamp&quot;:&quot;1329310637&quot;,&quot;copyright&quot;:&quot;&quot;,&quot;focal_length&quot;:&quot;2.78&quot;,&quot;iso&quot;:&quot;50&quot;,&quot;shutter_speed&quot;:&quot;0.02&quot;,&quot;title&quot;:&quot;&quot;}\" data-image-title=\"2012-02-15 12.57.18\" data-image-description=\"\" data-image-caption=\"\" data-large-file=\"https:\/\/i0.wp.com\/blogg.fumei.se\/wp-content\/uploads\/2012\/02\/2012-02-15-12.57.18.jpg?fit=640%2C480&amp;ssl=1\" class=\"aligncenter size-medium wp-image-2090\" title=\"2012-02-15 12.57.18\" src=\"https:\/\/i0.wp.com\/blogg.fumei.se\/wp-content\/uploads\/2012\/02\/2012-02-15-12.57.18.jpg?resize=300%2C225&#038;ssl=1\" alt=\"\" width=\"300\" height=\"225\" srcset=\"https:\/\/i0.wp.com\/blogg.fumei.se\/wp-content\/uploads\/2012\/02\/2012-02-15-12.57.18.jpg?resize=300%2C225&amp;ssl=1 300w, https:\/\/i0.wp.com\/blogg.fumei.se\/wp-content\/uploads\/2012\/02\/2012-02-15-12.57.18.jpg?resize=650%2C487&amp;ssl=1 650w, https:\/\/i0.wp.com\/blogg.fumei.se\/wp-content\/uploads\/2012\/02\/2012-02-15-12.57.18.jpg?w=800&amp;ssl=1 800w\" sizes=\"auto, (max-width: 300px) 100vw, 300px\" \/><\/a>Nya soffan. Komplett med hund och solig h\u00f6rna.<\/p>\n<div style=\"text-align: center;\"><a href=\"https:\/\/blogg.fumei.se\/?attachment_id=2091\" rel=\"attachment wp-att-2091\"><img data-recalc-dims=\"1\" loading=\"lazy\" decoding=\"async\" data-attachment-id=\"2091\" data-permalink=\"https:\/\/blogg.fumei.se\/?attachment_id=2091\" data-orig-file=\"https:\/\/i0.wp.com\/blogg.fumei.se\/wp-content\/uploads\/2012\/02\/2012-02-15-12.43.05.jpg?fit=800%2C600&amp;ssl=1\" data-orig-size=\"800,600\" data-comments-opened=\"1\" data-image-meta=\"{&quot;aperture&quot;:&quot;2.6&quot;,&quot;credit&quot;:&quot;&quot;,&quot;camera&quot;:&quot;GT-S5570&quot;,&quot;caption&quot;:&quot;&quot;,&quot;created_timestamp&quot;:&quot;1329309784&quot;,&quot;copyright&quot;:&quot;&quot;,&quot;focal_length&quot;:&quot;2.78&quot;,&quot;iso&quot;:&quot;50&quot;,&quot;shutter_speed&quot;:&quot;0.02&quot;,&quot;title&quot;:&quot;&quot;}\" data-image-title=\"2012-02-15 12.43.05\" data-image-description=\"\" data-image-caption=\"\" data-large-file=\"https:\/\/i0.wp.com\/blogg.fumei.se\/wp-content\/uploads\/2012\/02\/2012-02-15-12.43.05.jpg?fit=640%2C480&amp;ssl=1\" class=\"aligncenter size-medium wp-image-2091\" title=\"2012-02-15 12.43.05\" src=\"https:\/\/i0.wp.com\/blogg.fumei.se\/wp-content\/uploads\/2012\/02\/2012-02-15-12.43.05.jpg?resize=300%2C225&#038;ssl=1\" alt=\"\" width=\"300\" height=\"225\" srcset=\"https:\/\/i0.wp.com\/blogg.fumei.se\/wp-content\/uploads\/2012\/02\/2012-02-15-12.43.05.jpg?resize=300%2C225&amp;ssl=1 300w, https:\/\/i0.wp.com\/blogg.fumei.se\/wp-content\/uploads\/2012\/02\/2012-02-15-12.43.05.jpg?resize=650%2C487&amp;ssl=1 650w, https:\/\/i0.wp.com\/blogg.fumei.se\/wp-content\/uploads\/2012\/02\/2012-02-15-12.43.05.jpg?w=800&amp;ssl=1 800w\" sizes=\"auto, (max-width: 300px) 100vw, 300px\" \/><\/a><\/div>\n<div style=\"text-align: center;\">Soffans kompis f\u00e5t\u00f6ljen, som h\u00e4ngde med p\u00e5 k\u00f6pet.<\/div>\n","protected":false},"excerpt":{"rendered":"<p>Inte f\u00f6r att det finns s\u00e5 mycket att skriva om. Eller? Det som h\u00e4nt senaste tiden \u00e4r att jag och Fia \u00e4r sams igen, vi har k\u00f6pt en nya soffa och vi planerar semestern. Br\u00e5ket orkar jag helt enkelt inte skriva n\u00e5got om, det r\u00e4cker gott att vi \u00e4r sams igen. Soffan \u00e4r egentligen inte&#8230;<\/p>\n","protected":false},"author":1,"featured_media":0,"comment_status":"open","ping_status":"open","sticky":false,"template":"","format":"standard","meta":{"jetpack_post_was_ever_published":false,"_jetpack_newsletter_access":"","_jetpack_dont_email_post_to_subs":false,"_jetpack_newsletter_tier_id":0,"_jetpack_memberships_contains_paywalled_content":false,"_jetpack_memberships_contains_paid_content":false,"footnotes":"","jetpack_publicize_message":"","jetpack_publicize_feature_enabled":true,"jetpack_social_post_already_shared":false,"jetpack_social_options":{"image_generator_settings":{"template":"highway","default_image_id":0,"font":"","enabled":false},"version":2}},"categories":[31,47],"tags":[],"class_list":["post-2089","post","type-post","status-publish","format-standard","hentry","category-hemmet","category-vardagsliv"],"jetpack_publicize_connections":[],"jetpack_featured_media_url":"","jetpack_shortlink":"https:\/\/wp.me\/p3qko4-xH","jetpack_sharing_enabled":true,"jetpack_likes_enabled":true,"jetpack-related-posts":[{"id":928,"url":"https:\/\/blogg.fumei.se\/?p=928","url_meta":{"origin":2089,"position":0},"title":"Jag h\u00f6ll p\u00e5 att s\u00e4ga","author":"M :)","date":"2009-05-26","format":false,"excerpt":"att jag inte gjort ett vettigt dugg idag, men d\u00e5 ljuger jag nog. F\u00f6r jag har ju faktiskt f\u00f6rt \u00f6ver pengar b\u00e5de till mamma och syrran, varit iv\u00e4g och handlat s\u00e5 det ska r\u00e4cka n\u00e5gra dagar *tungt*, diskat och lagat ordentlig middag (och tom f\u00e5tt ihop till en matl\u00e5da till\u2026","rel":"","context":"I \u201dVardagsliv\u201d","block_context":{"text":"Vardagsliv","link":"https:\/\/blogg.fumei.se\/?cat=47"},"img":{"alt_text":"","src":"","width":0,"height":0},"classes":[]},{"id":652,"url":"https:\/\/blogg.fumei.se\/?p=652","url_meta":{"origin":2089,"position":1},"title":"Filmrecension Twilight","author":"M :)","date":"2008-11-21","format":false,"excerpt":"Eller inte. Jag ska nog inte ge mig p\u00e5 att recensera Twilight, bara skriva lite om vad jag tyckte om den. F\u00f6rst och fr\u00e4mst var det v\u00e4ntat, iaf fr\u00e5n min sida, att den inte skulle f\u00f6lja boken till punkt och pricka. Hade den gjort det hade filmen blivit s\u00e5d\u00e4r en\u2026","rel":"","context":"I \u201dFilmer och TV\u201d","block_context":{"text":"Filmer och TV","link":"https:\/\/blogg.fumei.se\/?cat=43"},"img":{"alt_text":"","src":"","width":0,"height":0},"classes":[]},{"id":1433,"url":"https:\/\/blogg.fumei.se\/?p=1433","url_meta":{"origin":2089,"position":2},"title":"Bokrecension: Does the noise in my head bother you?","author":"M :)","date":"2011-09-20","format":false,"excerpt":"Jag \u00e4r inget st\u00f6rre fan av biografier, jag tror att jag har l\u00e4st en under alla de \u00e5r som jag har l\u00e4st b\u00f6cker, och det \u00e4r ganska m\u00e5nga \u00e5r vid det h\u00e4r laget. Men de senaste \u00e5ren har det ploppat upp en massa biografier fr\u00e5n folk vars musik jag lyssnar\u2026","rel":"","context":"I \u201dB\u00f6cker och l\u00e4sning\u201d","block_context":{"text":"B\u00f6cker och l\u00e4sning","link":"https:\/\/blogg.fumei.se\/?cat=29"},"img":{"alt_text":"","src":"https:\/\/i0.wp.com\/blogg.fumei.se\/wp-content\/uploads\/2011\/09\/51D0wO0u8qL__SS500_-201x300.jpg?resize=350%2C200","width":350,"height":200},"classes":[]},{"id":1009,"url":"https:\/\/blogg.fumei.se\/?p=1009","url_meta":{"origin":2089,"position":3},"title":"Filmrecension &#8211; Harry Potter och Halvblodsprinsen","author":"M :)","date":"2009-07-30","format":false,"excerpt":"Jag har l\u00e4st boken. Tv\u00e5 g\u00e5nger till och med. Och nu har jag \u00e4ntligen sett filmen. Vanligtvis brukar jag se den n\u00e5gon g\u00e5ng under premi\u00e4rveckan (tillsammans med barnen; en tradition vi har), men den h\u00e4r g\u00e5ngen drog det ut p\u00e5 tiden, eftersom en viss ung fr\u00f6ken \u00e4r ute och fl\u00e4nger\u2026","rel":"","context":"I \u201dFilmer och TV\u201d","block_context":{"text":"Filmer och TV","link":"https:\/\/blogg.fumei.se\/?cat=43"},"img":{"alt_text":"","src":"","width":0,"height":0},"classes":[]},{"id":2979,"url":"https:\/\/blogg.fumei.se\/?p=2979","url_meta":{"origin":2089,"position":4},"title":"Det blir inte alltid som man t\u00e4nkt sig&#8230;","author":"M :)","date":"2013-06-26","format":false,"excerpt":"Min Facebook-status onsdagen den 12e Juni s\u00e5g ut s\u00e5 h\u00e4r: \"Jag g\u00f6r det enkelt f\u00f6r mig och skriver h\u00e4r s\u00e5 att alla kan se och l\u00e4sa sj\u00e4lva, att fr\u00e5n och med idag s\u00e5 \u00e4r \u00e4r Jorge och jag inte l\u00e4ngre ett par. Det k\u00e4nns j\u00e4ttejobbigt och ledsamt f\u00f6r oss b\u00e5da,\u2026","rel":"","context":"I \u201dFamiljen\u201d","block_context":{"text":"Familjen","link":"https:\/\/blogg.fumei.se\/?cat=34"},"img":{"alt_text":"","src":"","width":0,"height":0},"classes":[]},{"id":3017,"url":"https:\/\/blogg.fumei.se\/?p=3017","url_meta":{"origin":2089,"position":5},"title":"Produktiv intighet","author":"M :)","date":"2013-07-14","format":false,"excerpt":"N\u00e4r man l\u00e4ser mina inl\u00e4gg de senaste veckorna kan man l\u00e4tt f\u00e5 intrycket att jag suttit p\u00e5 kammaren och b\u00f6lat i fyra veckor, men det har jag inte. Jag kunde ha gjort det, men det hade jag aldrig orkat, s\u00e5 f\u00f6r att orka med mig sj\u00e4lv och f\u00f6r att inte\u2026","rel":"","context":"I \u201dVardagsliv\u201d","block_context":{"text":"Vardagsliv","link":"https:\/\/blogg.fumei.se\/?cat=47"},"img":{"alt_text":"","src":"","width":0,"height":0},"classes":[]}],"_links":{"self":[{"href":"https:\/\/blogg.fumei.se\/index.php?rest_route=\/wp\/v2\/posts\/2089","targetHints":{"allow":["GET"]}}],"collection":[{"href":"https:\/\/blogg.fumei.se\/index.php?rest_route=\/wp\/v2\/posts"}],"about":[{"href":"https:\/\/blogg.fumei.se\/index.php?rest_route=\/wp\/v2\/types\/post"}],"author":[{"embeddable":true,"href":"https:\/\/blogg.fumei.se\/index.php?rest_route=\/wp\/v2\/users\/1"}],"replies":[{"embeddable":true,"href":"https:\/\/blogg.fumei.se\/index.php?rest_route=%2Fwp%2Fv2%2Fcomments&post=2089"}],"version-history":[{"count":9,"href":"https:\/\/blogg.fumei.se\/index.php?rest_route=\/wp\/v2\/posts\/2089\/revisions"}],"predecessor-version":[{"id":2100,"href":"https:\/\/blogg.fumei.se\/index.php?rest_route=\/wp\/v2\/posts\/2089\/revisions\/2100"}],"wp:attachment":[{"href":"https:\/\/blogg.fumei.se\/index.php?rest_route=%2Fwp%2Fv2%2Fmedia&parent=2089"}],"wp:term":[{"taxonomy":"category","embeddable":true,"href":"https:\/\/blogg.fumei.se\/index.php?rest_route=%2Fwp%2Fv2%2Fcategories&post=2089"},{"taxonomy":"post_tag","embeddable":true,"href":"https:\/\/blogg.fumei.se\/index.php?rest_route=%2Fwp%2Fv2%2Ftags&post=2089"}],"curies":[{"name":"wp","href":"https:\/\/api.w.org\/{rel}","templated":true}]}}