{"id":21,"date":"2011-08-14T23:15:00","date_gmt":"2011-08-14T23:15:00","guid":{"rendered":"\/Blogg\/post\/Hipp-hurra.aspx"},"modified":"2011-08-26T20:00:32","modified_gmt":"2011-08-26T18:00:32","slug":"hipp-hurra","status":"publish","type":"post","link":"https:\/\/blogg.fumei.se\/?p=21","title":{"rendered":"Hipp hurra"},"content":{"rendered":"<p style=\"text-align: center;\"><span style=\"font-size: large;\">f\u00f6r J som fyller 37 \u00e5r idag!<\/span><\/p>\n<p style=\"text-align: center;\">\u00a0<a href=\"https:\/\/i0.wp.com\/blogg.fumei.se\/wp-content\/uploads\/2011\/08\/J37%C3%A5r.png?ssl=1\"><img data-recalc-dims=\"1\" loading=\"lazy\" decoding=\"async\" data-attachment-id=\"337\" data-permalink=\"https:\/\/blogg.fumei.se\/?attachment_id=337\" data-orig-file=\"https:\/\/i0.wp.com\/blogg.fumei.se\/wp-content\/uploads\/2011\/08\/J37%C3%A5r.png?fit=650%2C370&amp;ssl=1\" data-orig-size=\"650,370\" data-comments-opened=\"1\" data-image-meta=\"{&quot;aperture&quot;:&quot;0&quot;,&quot;credit&quot;:&quot;&quot;,&quot;camera&quot;:&quot;&quot;,&quot;caption&quot;:&quot;&quot;,&quot;created_timestamp&quot;:&quot;0&quot;,&quot;copyright&quot;:&quot;&quot;,&quot;focal_length&quot;:&quot;0&quot;,&quot;iso&quot;:&quot;0&quot;,&quot;shutter_speed&quot;:&quot;0&quot;,&quot;title&quot;:&quot;&quot;}\" data-image-title=\"J37\u00e5r\" data-image-description=\"\" data-image-caption=\"\" data-large-file=\"https:\/\/i0.wp.com\/blogg.fumei.se\/wp-content\/uploads\/2011\/08\/J37%C3%A5r.png?fit=640%2C364&amp;ssl=1\" class=\"aligncenter size-full wp-image-337\" title=\"J37\u00e5r\" src=\"https:\/\/i0.wp.com\/blogg.fumei.se\/wp-content\/uploads\/2011\/08\/J37%C3%A5r.png?resize=640%2C364&#038;ssl=1\" alt=\"\" width=\"640\" height=\"364\" srcset=\"https:\/\/i0.wp.com\/blogg.fumei.se\/wp-content\/uploads\/2011\/08\/J37%C3%A5r.png?w=650&amp;ssl=1 650w, https:\/\/i0.wp.com\/blogg.fumei.se\/wp-content\/uploads\/2011\/08\/J37%C3%A5r.png?resize=300%2C170&amp;ssl=1 300w\" sizes=\"auto, (max-width: 640px) 100vw, 640px\" \/><\/a><\/p>\n<p style=\"text-align: center;\">Det blev napoleonbakelser och f\u00e4rskmalet kaffe i finkopparna idag, dagen till \u00e4ra!<br \/>\nInga presenter, men blommor (krysantemum och borstnejlikor, varf\u00f6r vara mainstream och k\u00f6pa rosor, liksom?) och trisslotter.<br \/>\nOch ja, trots att det var <em>jag<\/em> som hade k\u00f6pt lotterna s\u00e5 vann han i alla fall 50 kronor&#8230;<\/p>\n<p style=\"text-align: center;\">F\u00f6r att g\u00f6ra det \u00e4nnu lite festligare s\u00e5 \u00e4r det \u00e4ven p\u00e5 dagen tv\u00e5 \u00e5r sen vi tr\u00e4ffades!<\/p>\n<p style=\"text-align: center;\">\u00a0<a href=\"https:\/\/i0.wp.com\/blogg.fumei.se\/wp-content\/uploads\/2011\/08\/2%C3%A5r1.png?ssl=1\"><img data-recalc-dims=\"1\" loading=\"lazy\" decoding=\"async\" data-attachment-id=\"340\" data-permalink=\"https:\/\/blogg.fumei.se\/?attachment_id=340\" data-orig-file=\"https:\/\/i0.wp.com\/blogg.fumei.se\/wp-content\/uploads\/2011\/08\/2%C3%A5r1.png?fit=608%2C463&amp;ssl=1\" data-orig-size=\"608,463\" data-comments-opened=\"1\" data-image-meta=\"{&quot;aperture&quot;:&quot;0&quot;,&quot;credit&quot;:&quot;&quot;,&quot;camera&quot;:&quot;&quot;,&quot;caption&quot;:&quot;&quot;,&quot;created_timestamp&quot;:&quot;0&quot;,&quot;copyright&quot;:&quot;&quot;,&quot;focal_length&quot;:&quot;0&quot;,&quot;iso&quot;:&quot;0&quot;,&quot;shutter_speed&quot;:&quot;0&quot;,&quot;title&quot;:&quot;&quot;}\" data-image-title=\"2\u00e5r\" data-image-description=\"\" data-image-caption=\"\" data-large-file=\"https:\/\/i0.wp.com\/blogg.fumei.se\/wp-content\/uploads\/2011\/08\/2%C3%A5r1.png?fit=608%2C463&amp;ssl=1\" class=\"aligncenter size-full wp-image-340\" title=\"2\u00e5r\" src=\"https:\/\/i0.wp.com\/blogg.fumei.se\/wp-content\/uploads\/2011\/08\/2%C3%A5r1.png?resize=608%2C463&#038;ssl=1\" alt=\"\" width=\"608\" height=\"463\" srcset=\"https:\/\/i0.wp.com\/blogg.fumei.se\/wp-content\/uploads\/2011\/08\/2%C3%A5r1.png?w=608&amp;ssl=1 608w, https:\/\/i0.wp.com\/blogg.fumei.se\/wp-content\/uploads\/2011\/08\/2%C3%A5r1.png?resize=300%2C228&amp;ssl=1 300w\" sizes=\"auto, (max-width: 608px) 100vw, 608px\" \/><\/a><\/p>\n","protected":false},"excerpt":{"rendered":"<p>f\u00f6r J som fyller 37 \u00e5r idag! \u00a0 Det blev napoleonbakelser och f\u00e4rskmalet kaffe i finkopparna idag, dagen till \u00e4ra! Inga presenter, men blommor (krysantemum och borstnejlikor, varf\u00f6r vara mainstream och k\u00f6pa rosor, liksom?) och trisslotter. Och ja, trots att det var jag som hade k\u00f6pt lotterna s\u00e5 vann han i alla fall 50 kronor&#8230;&#8230;<\/p>\n","protected":false},"author":1,"featured_media":0,"comment_status":"open","ping_status":"open","sticky":false,"template":"","format":"standard","meta":{"jetpack_post_was_ever_published":false,"_jetpack_newsletter_access":"","_jetpack_dont_email_post_to_subs":false,"_jetpack_newsletter_tier_id":0,"_jetpack_memberships_contains_paywalled_content":false,"_jetpack_memberships_contains_paid_content":false,"footnotes":"","jetpack_publicize_message":"","jetpack_publicize_feature_enabled":true,"jetpack_social_post_already_shared":false,"jetpack_social_options":{"image_generator_settings":{"template":"highway","default_image_id":0,"font":"","enabled":false},"version":2}},"categories":[47],"tags":[],"class_list":["post-21","post","type-post","status-publish","format-standard","hentry","category-vardagsliv"],"jetpack_publicize_connections":[],"jetpack_featured_media_url":"","jetpack_shortlink":"https:\/\/wp.me\/p3qko4-l","jetpack_sharing_enabled":true,"jetpack_likes_enabled":true,"jetpack-related-posts":[{"id":965,"url":"https:\/\/blogg.fumei.se\/?p=965","url_meta":{"origin":21,"position":0},"title":"Det h\u00e4r \u00e4r ingen fyndig rubrik","author":"M :)","date":"2009-05-01","format":false,"excerpt":"men det beh\u00f6vs v\u00e4l knappast, heller. Idag \u00e4r det 1:a Maj. Solen skiner och det verkar vara ganska vindstilla, s\u00e5 snart ska jag ge mig ut i det fina v\u00e4dret. Jag ska bara dricka upp kaffet och skriva klart det h\u00e4r inl\u00e4gget f\u00f6rst. 1:a Maj har aldrig varit n\u00e5got s\u00e4rskilt\u2026","rel":"","context":"I \u201dVardagsliv\u201d","block_context":{"text":"Vardagsliv","link":"https:\/\/blogg.fumei.se\/?cat=47"},"img":{"alt_text":"","src":"","width":0,"height":0},"classes":[]},{"id":232,"url":"https:\/\/blogg.fumei.se\/?p=232","url_meta":{"origin":21,"position":1},"title":"S\u00f6ndagsfeeling","author":"EmEff","date":"2010-05-13","format":false,"excerpt":"Idag \u00e4r det Kristi Flygare, allts\u00e5 Kristi Himmelf\u00e4rds Dag. F\u00f6r den som inte \u00e4r allm\u00e4nbildad var det den h\u00e4r dagen som Jesus steg upp till himlen efter att f\u00f6rst ha blivit korsf\u00e4st och begravd, och efter att han uppst\u00e5tt och sedan vandrat omkring p\u00e5 jorden i 40 dagar (och s\u00e5\u2026","rel":"","context":"I \u201dVardagsliv\u201d","block_context":{"text":"Vardagsliv","link":"https:\/\/blogg.fumei.se\/?cat=47"},"img":{"alt_text":"","src":"","width":0,"height":0},"classes":[]},{"id":851,"url":"https:\/\/blogg.fumei.se\/?p=851","url_meta":{"origin":21,"position":2},"title":"Hej igen","author":"M :)","date":"2009-02-15","format":false,"excerpt":"Det var n\u00e5gra dagar sen sist...men ibland blir det ju s\u00e5. Antingen hinner man itne uppdatera eller s\u00e5 har man inget att skriva om. Det k\u00e4nns inte riktigt kul att skriva \"Idag har jag jobbat\" tre dagar i rad... Men idag har jag jobbat. Lugnt och behagligt pass, \u00e4ven om\u2026","rel":"","context":"I \u201dVardagsliv\u201d","block_context":{"text":"Vardagsliv","link":"https:\/\/blogg.fumei.se\/?cat=47"},"img":{"alt_text":"","src":"","width":0,"height":0},"classes":[]},{"id":35,"url":"https:\/\/blogg.fumei.se\/?p=35","url_meta":{"origin":21,"position":3},"title":"S\u00f6ndag p\u00e5 Torsdag","author":"M :)","date":"2011-06-02","format":false,"excerpt":"Ja det \u00e4r ju lite s\u00e5 det \u00e4r, n\u00e4r det \u00e4r \"r\u00f6d\" dag i almanackan och helgdag. Aff\u00e4rer, banker och andra mer eller mindre viktiga institutioner och inr\u00e4ttningar h\u00e5ller st\u00e4ngt. Dock inte sjukhus, vilket inneb\u00e4r att jag jobbar \u00e4ven s\u00e5dana dagar. Tyv\u00e4rr blir det inte av att jag g\u00f6r det,\u2026","rel":"","context":"I \u201dVardagsliv\u201d","block_context":{"text":"Vardagsliv","link":"https:\/\/blogg.fumei.se\/?cat=47"},"img":{"alt_text":"","src":"","width":0,"height":0},"classes":[]},{"id":7152,"url":"https:\/\/blogg.fumei.se\/?p=7152","url_meta":{"origin":21,"position":4},"title":"Idag \u00e4r det pappornas dag","author":"M :)","date":"2024-11-10","format":false,"excerpt":"S\u00e5 grattis p\u00e5 fars dag, alla pappor som varje dag skjutsar, peppar, pushar, roar, uppfostrar och \u00e4lskar sina barn, men \u00e4ven de pappor som inte f\u00e5r lov eller har m\u00f6jlighet att g\u00f6ra alla dess saker.\u2028Idag \u00e4r ocks\u00e5 en dag att minnas de pappor som inte l\u00e4ngre finns hos oss. Till\u2026","rel":"","context":"I \u201dFamiljen\u201d","block_context":{"text":"Familjen","link":"https:\/\/blogg.fumei.se\/?cat=34"},"img":{"alt_text":"","src":"https:\/\/i0.wp.com\/blogg.fumei.se\/wp-content\/uploads\/2024\/12\/FD1BFEBF-960E-4B6A-846F-D74A99873057_1_102_o.jpeg?resize=350%2C200&ssl=1","width":350,"height":200,"srcset":"https:\/\/i0.wp.com\/blogg.fumei.se\/wp-content\/uploads\/2024\/12\/FD1BFEBF-960E-4B6A-846F-D74A99873057_1_102_o.jpeg?resize=350%2C200&ssl=1 1x, https:\/\/i0.wp.com\/blogg.fumei.se\/wp-content\/uploads\/2024\/12\/FD1BFEBF-960E-4B6A-846F-D74A99873057_1_102_o.jpeg?resize=525%2C300&ssl=1 1.5x, https:\/\/i0.wp.com\/blogg.fumei.se\/wp-content\/uploads\/2024\/12\/FD1BFEBF-960E-4B6A-846F-D74A99873057_1_102_o.jpeg?resize=700%2C400&ssl=1 2x, https:\/\/i0.wp.com\/blogg.fumei.se\/wp-content\/uploads\/2024\/12\/FD1BFEBF-960E-4B6A-846F-D74A99873057_1_102_o.jpeg?resize=1050%2C600&ssl=1 3x"},"classes":[]},{"id":553,"url":"https:\/\/blogg.fumei.se\/?p=553","url_meta":{"origin":21,"position":5},"title":"\u00c4nnu en dag i mitt liv&#8230;","author":"M :)","date":"2008-09-08","format":false,"excerpt":"...idag, och nu \u00e4r den dagen snart slut. M\u00e5ste l\u00e4gga mig relativt tidigt om jag ska orka upp imorgon bitti. Det \u00e4r lite k\u00e4mpigt att komma ig\u00e5ng med tidiga arbetspassen igen efter att man varit ledig n\u00e5gra dagar, men det \u00e4r ju tur att jag kan vila lite till p\u00e5\u2026","rel":"","context":"I \u201dHemmet\u201d","block_context":{"text":"Hemmet","link":"https:\/\/blogg.fumei.se\/?cat=31"},"img":{"alt_text":"","src":"","width":0,"height":0},"classes":[]}],"_links":{"self":[{"href":"https:\/\/blogg.fumei.se\/index.php?rest_route=\/wp\/v2\/posts\/21","targetHints":{"allow":["GET"]}}],"collection":[{"href":"https:\/\/blogg.fumei.se\/index.php?rest_route=\/wp\/v2\/posts"}],"about":[{"href":"https:\/\/blogg.fumei.se\/index.php?rest_route=\/wp\/v2\/types\/post"}],"author":[{"embeddable":true,"href":"https:\/\/blogg.fumei.se\/index.php?rest_route=\/wp\/v2\/users\/1"}],"replies":[{"embeddable":true,"href":"https:\/\/blogg.fumei.se\/index.php?rest_route=%2Fwp%2Fv2%2Fcomments&post=21"}],"version-history":[{"count":2,"href":"https:\/\/blogg.fumei.se\/index.php?rest_route=\/wp\/v2\/posts\/21\/revisions"}],"predecessor-version":[{"id":341,"href":"https:\/\/blogg.fumei.se\/index.php?rest_route=\/wp\/v2\/posts\/21\/revisions\/341"}],"wp:attachment":[{"href":"https:\/\/blogg.fumei.se\/index.php?rest_route=%2Fwp%2Fv2%2Fmedia&parent=21"}],"wp:term":[{"taxonomy":"category","embeddable":true,"href":"https:\/\/blogg.fumei.se\/index.php?rest_route=%2Fwp%2Fv2%2Fcategories&post=21"},{"taxonomy":"post_tag","embeddable":true,"href":"https:\/\/blogg.fumei.se\/index.php?rest_route=%2Fwp%2Fv2%2Ftags&post=21"}],"curies":[{"name":"wp","href":"https:\/\/api.w.org\/{rel}","templated":true}]}}