{"id":2109,"date":"2012-02-22T10:31:43","date_gmt":"2012-02-22T09:31:43","guid":{"rendered":"http:\/\/blogg.fumei.se\/?p=2109"},"modified":"2012-02-22T10:31:43","modified_gmt":"2012-02-22T09:31:43","slug":"tematrio","status":"publish","type":"post","link":"https:\/\/blogg.fumei.se\/?p=2109","title":{"rendered":"Tematrio"},"content":{"rendered":"<p><a href=\"http:\/\/lyrannobel.blogspot.com\/2012\/02\/tematrio-bokreatips.html\" target=\"_blank\">Lyrans Noblesser<\/a>\u00a0tipsar om tre b\u00f6cker att k\u00f6pa p\u00e5 bokrean, och uppmanar oss andra att ge egna boktips.<br \/>\nMina tre blir:<\/p>\n<ol>\n<li><a href=\"http:\/\/www.bokia.se\/som-ett-eko-4294477\" target=\"_blank\">Som ett eko<\/a>\u00a0&#8211; Diana Gabaldon. Sjunde delen i Outlander-serien. Efterl\u00e4ngtad av mig och kommer att inf\u00f6rskaffas snarast m\u00f6jligt.<\/li>\n<li><a href=\"http:\/\/www.bokia.se\/niceville-4273245\" target=\"_blank\">Niceville <\/a>&#8211; Kathryn Stockett. Om livet i den amerikanska s\u00f6dern under 60-talet. Mest om hur det \u00e4r att vara svart och om att inte ha r\u00e4tt till sitt eget liv, men ocks\u00e5 om hur det \u00e4r att vara vit och f\u00f6rv\u00e4ntas passa in i en\u00a0f\u00f6rutbest\u00e4md mall. Recenserad av mig <a href=\"https:\/\/blogg.fumei.se\/?p=1848\" target=\"_blank\">h\u00e4r<\/a>.<\/li>\n<li><a href=\"http:\/\/www.bokia.se\/de-fattiga-i-lodz-4312019\" target=\"_blank\">De fattiga i Lodz <\/a>&#8211; Steve Sem Sandberg. Bygger p\u00e5 den sk Ghettokr\u00f6nikan. Om livet och d\u00f6den, men framf\u00f6rallt <em>liv<\/em> i det judiska ghettot i den polska staden Lodz under andra v\u00e4rldskriget. En stark bok, men v\u00e4l v\u00e4rd l\u00e4sningen. Recenserad av mig <a href=\"https:\/\/blogg.fumei.se\/?p=93\" target=\"_blank\">h\u00e4r<\/a><\/li>\n<\/ol>\n<p>Vad blir <em>dina<\/em> boktips?<\/p>\n","protected":false},"excerpt":{"rendered":"<p>Lyrans Noblesser\u00a0tipsar om tre b\u00f6cker att k\u00f6pa p\u00e5 bokrean, och uppmanar oss andra att ge egna boktips. Mina tre blir: Som ett eko\u00a0&#8211; Diana Gabaldon. Sjunde delen i Outlander-serien. Efterl\u00e4ngtad av mig och kommer att inf\u00f6rskaffas snarast m\u00f6jligt. Niceville &#8211; Kathryn Stockett. Om livet i den amerikanska s\u00f6dern under 60-talet. Mest om hur det \u00e4r&#8230;<\/p>\n","protected":false},"author":1,"featured_media":0,"comment_status":"open","ping_status":"open","sticky":false,"template":"","format":"standard","meta":{"jetpack_post_was_ever_published":false,"_jetpack_newsletter_access":"","_jetpack_dont_email_post_to_subs":false,"_jetpack_newsletter_tier_id":0,"_jetpack_memberships_contains_paywalled_content":false,"_jetpack_memberships_contains_paid_content":false,"footnotes":"","jetpack_publicize_message":"","jetpack_publicize_feature_enabled":true,"jetpack_social_post_already_shared":false,"jetpack_social_options":{"image_generator_settings":{"template":"highway","default_image_id":0,"font":"","enabled":false},"version":2}},"categories":[29],"tags":[145,146],"class_list":["post-2109","post","type-post","status-publish","format-standard","hentry","category-bocker-och-lasning","tag-bokrea","tag-tematrio"],"jetpack_publicize_connections":[],"jetpack_featured_media_url":"","jetpack_shortlink":"https:\/\/wp.me\/s3qko4-tematrio","jetpack_sharing_enabled":true,"jetpack_likes_enabled":true,"jetpack-related-posts":[{"id":20,"url":"https:\/\/blogg.fumei.se\/?p=20","url_meta":{"origin":2109,"position":0},"title":"Bokrecension: Boktjuven","author":"M :)","date":"2011-08-16","format":false,"excerpt":"\u00a0 \"Boktjuven\" av Markus Zusak N\u00e4r d\u00f6den ber\u00e4ttar en historia, m\u00e5ste du lyssna. Det \u00e4r egentligen bara en liten historia som, bland annat, handlar om: en flicka, n\u00e5gra ord, en dragspelare, n\u00e5gra fanatiska tyskar, en judisk slagsk\u00e4mpe och en hel del st\u00f6lder. Tyskland 1939. Landet h\u00e5ller andan. D\u00f6den har aldrig\u2026","rel":"","context":"I \u201dB\u00f6cker och l\u00e4sning\u201d","block_context":{"text":"B\u00f6cker och l\u00e4sning","link":"https:\/\/blogg.fumei.se\/?cat=29"},"img":{"alt_text":"","src":"https:\/\/i0.wp.com\/blogg.fumei.se\/wp-content\/uploads\/2011\/08\/boktjuven.png?resize=350%2C200","width":350,"height":200},"classes":[]},{"id":1539,"url":"https:\/\/blogg.fumei.se\/?p=1539","url_meta":{"origin":2109,"position":1},"title":"F\u00f6rresten","author":"M :)","date":"2011-09-30","format":false,"excerpt":"s\u00e5 m\u00e5ste jag ju bara s\u00e4ga att jag \u00e4lskar s\u00e5na d\u00e4r stora l\u00e5dor med b\u00f6cker som brukar st\u00e5 p\u00e5 Maxi, Coop och andra st\u00e4llen. H\u00e4romdagen hittade jag enp\u00e5 \u00d6&B,\u00a0d\u00e4r det var \"3 f\u00f6r 30\", och bara s\u00e5d\u00e4r av en h\u00e4ndelse fick det f\u00f6lja med tv\u00e5 b\u00f6cker hem. (Jo jag k\u00f6pte\u2026","rel":"","context":"I \u201dB\u00f6cker och l\u00e4sning\u201d","block_context":{"text":"B\u00f6cker och l\u00e4sning","link":"https:\/\/blogg.fumei.se\/?cat=29"},"img":{"alt_text":"","src":"","width":0,"height":0},"classes":[]},{"id":850,"url":"https:\/\/blogg.fumei.se\/?p=850","url_meta":{"origin":2109,"position":2},"title":"Bokrecension &#8211; Bl\u00e4ckhj\u00e4rta","author":"M :)","date":"2009-02-15","format":false,"excerpt":"Cornelia Funke \u00e4r en tysk f\u00f6rfattare, den tredje mest popul\u00e4ra I Tyskland efter JK Rowling (Harry Potter, duh!) och RL Stine (amerikansk f\u00f6rfattare som skriver rysare f\u00f6r barn och ungdomar). Bra s\u00e4llskap att befinna sig i. Jag l\u00e4ser mycket. M\u00e5nga b\u00f6cker har det blivit genom \u00e5ren och fler l\u00e4r det\u2026","rel":"","context":"I \u201dB\u00f6cker och l\u00e4sning\u201d","block_context":{"text":"B\u00f6cker och l\u00e4sning","link":"https:\/\/blogg.fumei.se\/?cat=29"},"img":{"alt_text":"","src":"","width":0,"height":0},"classes":[]},{"id":135,"url":"https:\/\/blogg.fumei.se\/?p=135","url_meta":{"origin":2109,"position":3},"title":"Pockettoppen 2010 according to me","author":"M :)","date":"2011-01-05","format":false,"excerpt":"Liten kul utmaning som jag hittade hos [Kerstin], som i sin tur hittat den hos [Bokbrus]. H\u00e4r \u00e4r listan \u00f6ver de mest s\u00e5lda pocketb\u00f6ckerna under 2010 fr\u00e5n Adlibris. Skriv in i er egen blogg eller i kommentarer nedan. Markera med r\u00f6tt de b\u00f6cker du l\u00e4st Markera med bl\u00e5tt de b\u00f6cker\u2026","rel":"","context":"I \u201dVardagsliv\u201d","block_context":{"text":"Vardagsliv","link":"https:\/\/blogg.fumei.se\/?cat=47"},"img":{"alt_text":"","src":"","width":0,"height":0},"classes":[]},{"id":92,"url":"https:\/\/blogg.fumei.se\/?p=92","url_meta":{"origin":2109,"position":4},"title":"Bokrecension &#8211; Bree Tanners andra liv (The Short Second Life of Bree Tanner)","author":"M :)","date":"2011-02-04","format":false,"excerpt":"\u00a0 Bree Tanner g\u00f6r ett kort \u201cg\u00e4stspel\u201d\u00a0i slutet av Eclipse, den tredje boken I Twilightsagan. Det lilla vi f\u00e5r veta om henne d\u00e4r \u00e4r at thon \u00e4r smart nog att ge upp men inte smart nog att ge sig av innan allt brakar loss. Bree har tillbringat de senaste tre\u2026","rel":"","context":"I \u201dB\u00f6cker och l\u00e4sning\u201d","block_context":{"text":"B\u00f6cker och l\u00e4sning","link":"https:\/\/blogg.fumei.se\/?cat=29"},"img":{"alt_text":"","src":"","width":0,"height":0},"classes":[]},{"id":961,"url":"https:\/\/blogg.fumei.se\/?p=961","url_meta":{"origin":2109,"position":5},"title":"Kulturfyran &#8211; om l\u00e4sning","author":"M :)","date":"2009-05-03","format":false,"excerpt":"L\u00e4sning \u00e4r ju n\u00e5got jag \u00e4gnar mycket tid \u00e5t, s\u00e5 det k\u00e4nns p\u00e5 n\u00e5got s\u00e4tt helt naturligt att anta Kulturfyrans lista. 1. Vilka b\u00f6cker planerar du att l\u00e4sa i sommar? M\u00e5nga. Dels de som ligger i att-l\u00e4sa-h\u00f6gen (se bilden) dels Elizabeth Georges nya \"Str\u00e5k av r\u00f6tt\" och\u00a0Stephenie Meyers \"The Host\".\u2026","rel":"","context":"I \u201dVardagsliv\u201d","block_context":{"text":"Vardagsliv","link":"https:\/\/blogg.fumei.se\/?cat=47"},"img":{"alt_text":"","src":"","width":0,"height":0},"classes":[]}],"_links":{"self":[{"href":"https:\/\/blogg.fumei.se\/index.php?rest_route=\/wp\/v2\/posts\/2109","targetHints":{"allow":["GET"]}}],"collection":[{"href":"https:\/\/blogg.fumei.se\/index.php?rest_route=\/wp\/v2\/posts"}],"about":[{"href":"https:\/\/blogg.fumei.se\/index.php?rest_route=\/wp\/v2\/types\/post"}],"author":[{"embeddable":true,"href":"https:\/\/blogg.fumei.se\/index.php?rest_route=\/wp\/v2\/users\/1"}],"replies":[{"embeddable":true,"href":"https:\/\/blogg.fumei.se\/index.php?rest_route=%2Fwp%2Fv2%2Fcomments&post=2109"}],"version-history":[{"count":1,"href":"https:\/\/blogg.fumei.se\/index.php?rest_route=\/wp\/v2\/posts\/2109\/revisions"}],"predecessor-version":[{"id":2111,"href":"https:\/\/blogg.fumei.se\/index.php?rest_route=\/wp\/v2\/posts\/2109\/revisions\/2111"}],"wp:attachment":[{"href":"https:\/\/blogg.fumei.se\/index.php?rest_route=%2Fwp%2Fv2%2Fmedia&parent=2109"}],"wp:term":[{"taxonomy":"category","embeddable":true,"href":"https:\/\/blogg.fumei.se\/index.php?rest_route=%2Fwp%2Fv2%2Fcategories&post=2109"},{"taxonomy":"post_tag","embeddable":true,"href":"https:\/\/blogg.fumei.se\/index.php?rest_route=%2Fwp%2Fv2%2Ftags&post=2109"}],"curies":[{"name":"wp","href":"https:\/\/api.w.org\/{rel}","templated":true}]}}