{"id":211,"date":"2010-06-23T21:37:00","date_gmt":"2010-06-23T21:37:00","guid":{"rendered":"\/Blogg\/post\/So-much-to-do-so-little-time.aspx"},"modified":"2010-06-23T21:37:00","modified_gmt":"2010-06-23T21:37:00","slug":"so-much-to-do-so-little-time","status":"publish","type":"post","link":"https:\/\/blogg.fumei.se\/?p=211","title":{"rendered":"So much to do, so little time&#8230;"},"content":{"rendered":"<p>Nu n&auml;r det &auml;r klart med uppeh&aring;llstillst&aring;nd m&aring;ste jag:<\/p>\n<ul>\n<li>ringa KF och meddela att jag ska bli sambo, och att de m&aring;ste g&ouml;ra en omr&auml;kning tills vidare.<\/li>\n<li>ringa kommunen och h&ouml;ra hur man g&aring;r tillv&auml;ga med integrationsprojektet.<\/li>\n<li>kolla med Transportstyrelsen vilka regler som g&auml;ller f&ouml;r k&ouml;rkort fr&aring;n CR.<\/li>\n<li>skaffa en draperivajer s&aring; jag kan f&aring; upp draperierna i vardagsrummet!<\/li>\n<li>stuva om lite i sk&aring;p och l&aring;dor h&auml;r hemma, s&aring; det blir lite plats &aring;t hans saker.<\/li>\n<\/ul>\n<div>Ska bara inv&auml;nta besked om exakt datum han landar. Blir sv&aring;rt att ordna s&aring;nt n&auml;r han &auml;r p&aring; djungeltripp med en grupp turister f&ouml;r tillf&auml;llet.<\/div>\n","protected":false},"excerpt":{"rendered":"<p>Nu n&auml;r det &auml;r klart med uppeh&aring;llstillst&aring;nd m&aring;ste jag: ringa KF och meddela att jag ska bli sambo, och att de m&aring;ste g&ouml;ra en omr&auml;kning tills vidare. ringa kommunen och h&ouml;ra hur man g&aring;r tillv&auml;ga med integrationsprojektet. kolla med Transportstyrelsen vilka regler som g&auml;ller f&ouml;r k&ouml;rkort fr&aring;n CR. skaffa en draperivajer s&aring; jag kan f&aring;&#8230;<\/p>\n","protected":false},"author":1,"featured_media":0,"comment_status":"open","ping_status":"open","sticky":false,"template":"","format":"standard","meta":{"jetpack_post_was_ever_published":false,"_jetpack_newsletter_access":"","_jetpack_dont_email_post_to_subs":false,"_jetpack_newsletter_tier_id":0,"_jetpack_memberships_contains_paywalled_content":false,"_jetpack_memberships_contains_paid_content":false,"footnotes":"","jetpack_publicize_message":"","jetpack_publicize_feature_enabled":true,"jetpack_social_post_already_shared":false,"jetpack_social_options":{"image_generator_settings":{"template":"highway","default_image_id":0,"font":"","enabled":false},"version":2}},"categories":[47],"tags":[],"class_list":["post-211","post","type-post","status-publish","format-standard","hentry","category-vardagsliv"],"jetpack_publicize_connections":[],"jetpack_featured_media_url":"","jetpack_shortlink":"https:\/\/wp.me\/p3qko4-3p","jetpack_sharing_enabled":true,"jetpack_likes_enabled":true,"jetpack-related-posts":[{"id":3689,"url":"https:\/\/blogg.fumei.se\/?p=3689","url_meta":{"origin":211,"position":0},"title":"Det \u00e4r inte l\u00e4tt n\u00e4r det \u00e4r sv\u00e5rt&#8230;","author":"M :)","date":"2015-06-24","format":false,"excerpt":"Urs\u00e4kta om jag verkar lite gn\u00e4llig och grinig, men hur j\u00e4vla sv\u00e5rt kan det vara?? Fick en lapp i brevl\u00e5dan om att f\u00f6nstren skulle m\u00e5las i b\u00f6rjan av juni. Sen kom en lapp fr\u00e5n m\u00e5laren med exakt dag. N\u00e4r dagen kom hade jag gjort allt som de bett om, dvs\u2026","rel":"","context":"I \u201dVardagsliv\u201d","block_context":{"text":"Vardagsliv","link":"https:\/\/blogg.fumei.se\/?cat=47"},"img":{"alt_text":"","src":"","width":0,"height":0},"classes":[]},{"id":2966,"url":"https:\/\/blogg.fumei.se\/?p=2966","url_meta":{"origin":211,"position":1},"title":"Och h\u00f6r sen!","author":"M :)","date":"2013-05-29","format":false,"excerpt":"Om du l\u00e4ser den h\u00e4r bloggen n\u00e4r det skrivs n\u00e5got h\u00e4r, s\u00e5 vet du att jag fick en kallelse ttill h\u00f6rcentralen. Jag var d\u00e4r, och audionomen sa att det var solklart att jag h\u00f6r mycket s\u00e4mre p\u00e5 v\u00e4nster \u00f6ra \u00e4n p\u00e5 h\u00f6ger. Tyv\u00e4rr kunde hon inte g\u00f6ra n\u00e5got mer d\u00e4r,\u2026","rel":"","context":"I \u201dVardagsliv\u201d","block_context":{"text":"Vardagsliv","link":"https:\/\/blogg.fumei.se\/?cat=47"},"img":{"alt_text":"","src":"","width":0,"height":0},"classes":[]},{"id":240,"url":"https:\/\/blogg.fumei.se\/?p=240","url_meta":{"origin":211,"position":2},"title":"Lillel\u00f6rdag","author":"EmEff","date":"2010-05-05","format":false,"excerpt":"Ja, onsdag, allts\u00e5. Inte f\u00f6r att det spelar mig n\u00e5gon roll, f\u00f6r jag ska ju jobba imorgon s\u00e5 det blir inget partajande f\u00f6r min del. Idag har jag varit p\u00e5 utbildningsdag. Det var nyttigt, givande och trevligt. Lite nya saker att l\u00e4ra sig (v\u00e5rd av sjuka barn p\u00e5 BB), lite\u2026","rel":"","context":"I \u201dVardagsliv\u201d","block_context":{"text":"Vardagsliv","link":"https:\/\/blogg.fumei.se\/?cat=47"},"img":{"alt_text":"","src":"","width":0,"height":0},"classes":[]},{"id":1179,"url":"https:\/\/blogg.fumei.se\/?p=1179","url_meta":{"origin":211,"position":3},"title":"Cursed be thy name","author":"M :)","date":"2009-10-01","format":false,"excerpt":"Idag bjuder jag p\u00e5 \u00e4nnu en liten solskenshistoria d\u00e4r SJ har huvudrollen. Det b\u00f6rjade som vanligt med att jag skule ta t\u00e5get hem kl 17.07 fr\u00e5n Gbg. Det t\u00e5g jag kliver p\u00e5 skulle fr\u00e5n b\u00f6rjan ha g\u00e5tt till Stenungsund och Uddevalla, men de bytte om p\u00e5 de tv\u00e5 t\u00e5gen och\u2026","rel":"","context":"I \u201dVardagsliv\u201d","block_context":{"text":"Vardagsliv","link":"https:\/\/blogg.fumei.se\/?cat=47"},"img":{"alt_text":"","src":"","width":0,"height":0},"classes":[]},{"id":968,"url":"https:\/\/blogg.fumei.se\/?p=968","url_meta":{"origin":211,"position":4},"title":"N\u00e5ja","author":"M :)","date":"2009-06-28","format":false,"excerpt":"jag \u00e4r ju svinbra p\u00e5 att skjuta upp saker till en annan dag, s\u00e5 att jag f\u00e5tt gjort n\u00e5gra av sakerna p\u00e5 dagens lista m\u00e5ste v\u00e4l \u00e4nd\u00e5 ses om bra jobbat?!? Jag har dammsugning, dammtorkning och \u00e5tervinningen \u00e4r kvar. Och samtalet till syster yster, men det kan jag ta imorgon\u2026","rel":"","context":"I \u201dVardagsliv\u201d","block_context":{"text":"Vardagsliv","link":"https:\/\/blogg.fumei.se\/?cat=47"},"img":{"alt_text":"","src":"","width":0,"height":0},"classes":[]},{"id":2764,"url":"https:\/\/blogg.fumei.se\/?p=2764","url_meta":{"origin":211,"position":5},"title":"Sorgens f\u00e5gel","author":"M :)","date":"2012-09-25","format":false,"excerpt":"Det har g\u00e5tt n\u00e4stan tv\u00e5 veckor sedan min v\u00e4n (och kollega) Lena gick bort i cancer. Jag har fortfarande sv\u00e5rt att f\u00f6rst\u00e5 det. Hon var s\u00e5 glad, livfull och k\u00e4rleksfull, hade alltid n\u00e5got gott att s\u00e4ga om alla, t\u00e4nkte s\u00e4llan p\u00e5 sig sj\u00e4lv, \u00e4ven under dessa sista m\u00e5nader n\u00e4r hon\u2026","rel":"","context":"I \u201dVardagsliv\u201d","block_context":{"text":"Vardagsliv","link":"https:\/\/blogg.fumei.se\/?cat=47"},"img":{"alt_text":"","src":"https:\/\/i0.wp.com\/blogg.fumei.se\/wp-content\/uploads\/2012\/09\/LenaN.png?resize=350%2C200","width":350,"height":200},"classes":[]}],"_links":{"self":[{"href":"https:\/\/blogg.fumei.se\/index.php?rest_route=\/wp\/v2\/posts\/211","targetHints":{"allow":["GET"]}}],"collection":[{"href":"https:\/\/blogg.fumei.se\/index.php?rest_route=\/wp\/v2\/posts"}],"about":[{"href":"https:\/\/blogg.fumei.se\/index.php?rest_route=\/wp\/v2\/types\/post"}],"author":[{"embeddable":true,"href":"https:\/\/blogg.fumei.se\/index.php?rest_route=\/wp\/v2\/users\/1"}],"replies":[{"embeddable":true,"href":"https:\/\/blogg.fumei.se\/index.php?rest_route=%2Fwp%2Fv2%2Fcomments&post=211"}],"version-history":[{"count":0,"href":"https:\/\/blogg.fumei.se\/index.php?rest_route=\/wp\/v2\/posts\/211\/revisions"}],"wp:attachment":[{"href":"https:\/\/blogg.fumei.se\/index.php?rest_route=%2Fwp%2Fv2%2Fmedia&parent=211"}],"wp:term":[{"taxonomy":"category","embeddable":true,"href":"https:\/\/blogg.fumei.se\/index.php?rest_route=%2Fwp%2Fv2%2Fcategories&post=211"},{"taxonomy":"post_tag","embeddable":true,"href":"https:\/\/blogg.fumei.se\/index.php?rest_route=%2Fwp%2Fv2%2Ftags&post=211"}],"curies":[{"name":"wp","href":"https:\/\/api.w.org\/{rel}","templated":true}]}}