{"id":212,"date":"2010-06-21T21:16:00","date_gmt":"2010-06-21T21:16:00","guid":{"rendered":"\/Blogg\/post\/Surprise-surprise!.aspx"},"modified":"2010-06-21T21:16:00","modified_gmt":"2010-06-21T21:16:00","slug":"surprise-surprise","status":"publish","type":"post","link":"https:\/\/blogg.fumei.se\/?p=212","title":{"rendered":"Surprise, surprise!"},"content":{"rendered":"<p>I torsdags fick jag ju ganska s&aring; nedsl&aring;ende besked av handl&auml;ggaren p&aring; MV. Idag n&auml;r jag kom hem l&aring;g ett brev fr&aring;n MV och v&auml;ntade. Eftersom han sa som han gjorde i torsdags s&aring; fick jag lite ont i magen och jag ville egentligen inte &ouml;ppna brevet, men till slut gjorde jag det &auml;nd&aring;.<br \/>Det h&auml;r var den delen som var intressant:<\/p>\n<p>&nbsp;<img decoding=\"async\" src=\"\/blogg\/image.axd?picture=2010%2f6%2fbeslut.jpg\" alt=\"\" \/><\/p>\n<p>Jag blev glatt &ouml;verraskad eftersom allt handl&auml;ggaren sa i torsdags tydde p&aring; att beslutet skulle bli negativt! Men nu ser det allts&aring; ut som om jag ska bli sambo. Snart. Fast f&ouml;rst m&aring;ste jag f&aring; tag i mannen i fr&aring;ga. han befinner sig just nu p&aring; resande fot med en grupp turister och har ingen tillg&aring;ng till internet och f&ouml;rmodligen r&auml;tt kass mobilt&auml;ckning.<br \/>Men &auml;nd&aring;, woohoo!!!!!<\/p>\n<p>&nbsp;<\/p>\n","protected":false},"excerpt":{"rendered":"<p>I torsdags fick jag ju ganska s&aring; nedsl&aring;ende besked av handl&auml;ggaren p&aring; MV. Idag n&auml;r jag kom hem l&aring;g ett brev fr&aring;n MV och v&auml;ntade. Eftersom han sa som han gjorde i torsdags s&aring; fick jag lite ont i magen och jag ville egentligen inte &ouml;ppna brevet, men till slut gjorde jag det &auml;nd&aring;.Det h&auml;r&#8230;<\/p>\n","protected":false},"author":1,"featured_media":0,"comment_status":"open","ping_status":"open","sticky":false,"template":"","format":"standard","meta":{"jetpack_post_was_ever_published":false,"_jetpack_newsletter_access":"","_jetpack_dont_email_post_to_subs":false,"_jetpack_newsletter_tier_id":0,"_jetpack_memberships_contains_paywalled_content":false,"_jetpack_memberships_contains_paid_content":false,"footnotes":"","jetpack_publicize_message":"","jetpack_publicize_feature_enabled":true,"jetpack_social_post_already_shared":false,"jetpack_social_options":{"image_generator_settings":{"template":"highway","default_image_id":0,"font":"","enabled":false},"version":2}},"categories":[47],"tags":[],"class_list":["post-212","post","type-post","status-publish","format-standard","hentry","category-vardagsliv"],"jetpack_publicize_connections":[],"jetpack_featured_media_url":"","jetpack_shortlink":"https:\/\/wp.me\/p3qko4-3q","jetpack_sharing_enabled":true,"jetpack_likes_enabled":true,"jetpack-related-posts":[{"id":240,"url":"https:\/\/blogg.fumei.se\/?p=240","url_meta":{"origin":212,"position":0},"title":"Lillel\u00f6rdag","author":"EmEff","date":"2010-05-05","format":false,"excerpt":"Ja, onsdag, allts\u00e5. Inte f\u00f6r att det spelar mig n\u00e5gon roll, f\u00f6r jag ska ju jobba imorgon s\u00e5 det blir inget partajande f\u00f6r min del. Idag har jag varit p\u00e5 utbildningsdag. Det var nyttigt, givande och trevligt. Lite nya saker att l\u00e4ra sig (v\u00e5rd av sjuka barn p\u00e5 BB), lite\u2026","rel":"","context":"I \u201dVardagsliv\u201d","block_context":{"text":"Vardagsliv","link":"https:\/\/blogg.fumei.se\/?cat=47"},"img":{"alt_text":"","src":"","width":0,"height":0},"classes":[]},{"id":1725,"url":"https:\/\/blogg.fumei.se\/?p=1725","url_meta":{"origin":212,"position":1},"title":"Livstecken","author":"M :)","date":"2011-11-11","format":false,"excerpt":"Mina n\u00e4ra och k\u00e4ra (och n\u00e5gra till) vet att J bara fick tillf\u00e4lligt uppeh\u00e5llstillst\u00e5nd n\u00e4r han flyttade hit. Den 16 Juni i \u00e5r var sista dagen p\u00e5 det tillst\u00e5ndet, s\u00e5 i b\u00f6rjan av Maj skickade han in ans\u00f6kan om f\u00f6rl\u00e4ngning av uppeh\u00e5llstillst\u00e5nd till migrationsverket. Enligt dem kan det ta upp\u2026","rel":"","context":"I \u201dFamiljen\u201d","block_context":{"text":"Familjen","link":"https:\/\/blogg.fumei.se\/?cat=34"},"img":{"alt_text":"","src":"https:\/\/i0.wp.com\/blogg.fumei.se\/wp-content\/uploads\/2011\/11\/kallelesintervju-650x473.jpg?resize=350%2C200","width":350,"height":200,"srcset":"https:\/\/i0.wp.com\/blogg.fumei.se\/wp-content\/uploads\/2011\/11\/kallelesintervju-650x473.jpg?resize=350%2C200 1x, https:\/\/i0.wp.com\/blogg.fumei.se\/wp-content\/uploads\/2011\/11\/kallelesintervju-650x473.jpg?resize=525%2C300 1.5x"},"classes":[]},{"id":215,"url":"https:\/\/blogg.fumei.se\/?p=215","url_meta":{"origin":212,"position":2},"title":"Senaste nytt","author":"EmEff","date":"2010-06-15","format":false,"excerpt":"F\u00f6rra g\u00e5ngen jag pratade med handl\u00e4ggaren p\u00e5 MV sa han ju att jag skulle \u00e5terkomma om en m\u00e5nad och d\u00e5 skulle han kunna ha ett n\u00e4rmare besked \u00e5t mig. Efter att ha f\u00f6rs\u00f6kt komma \u00e5t en telefon under sj\u00e4lva telefontiden (en timme mellan 8.30 och 9.30)\u00a0och, de g\u00e5nger jag lyckats\u2026","rel":"","context":"I \u201dVardagsliv\u201d","block_context":{"text":"Vardagsliv","link":"https:\/\/blogg.fumei.se\/?cat=47"},"img":{"alt_text":"","src":"","width":0,"height":0},"classes":[]},{"id":239,"url":"https:\/\/blogg.fumei.se\/?p=239","url_meta":{"origin":212,"position":3},"title":"F\u00f6ljetongen &#8221;K\u00e4rlek p\u00e5 distans&#8221;, del 417 (eller n\u00e5t)","author":"M :)","date":"2010-05-07","format":false,"excerpt":"Det b\u00f6rjar k\u00e4nnas som en tr\u00e5kig s\u00e5pa. Samma sak dag in och dag ut - inga brev och inga svar. Den h\u00e4r veckan har jag varit lite mer aktiv i att f\u00f6rs\u00f6ka f\u00e5 reda p\u00e5 hur det g\u00e5r med v\u00e5rt \u00e4rende. I tisdags ringde jag den handl\u00e4ggare som skickade brev\u2026","rel":"","context":"I \u201dVardagsliv\u201d","block_context":{"text":"Vardagsliv","link":"https:\/\/blogg.fumei.se\/?cat=47"},"img":{"alt_text":"","src":"","width":0,"height":0},"classes":[]},{"id":145,"url":"https:\/\/blogg.fumei.se\/?p=145","url_meta":{"origin":212,"position":4},"title":"Jul, jul, str\u00e5lande jul&#8230;","author":"M :)","date":"2010-12-27","format":false,"excerpt":"Julen har b\u00e5de kommit och g\u00e5tt, och jag har varit urd\u00e5lig p\u00e5 att blogga den senaste tiden, s\u00e5 nu blir det ett s\u00e5nt d\u00e4r komprimerande inl\u00e4gg igen.Jag har som vanligt jobbat en massa, och knappt gjort n\u00e5got annat. N\u00e5got s\u00e4rskilt julpyntande eller fixande har jag inte beh\u00f6vt \u00e4gna mig \u00e5t,\u2026","rel":"","context":"I \u201dVardagsliv\u201d","block_context":{"text":"Vardagsliv","link":"https:\/\/blogg.fumei.se\/?cat=47"},"img":{"alt_text":"","src":"","width":0,"height":0},"classes":[]},{"id":214,"url":"https:\/\/blogg.fumei.se\/?p=214","url_meta":{"origin":212,"position":5},"title":"Om man sk\u00e4r sig \u00e4r man emo","author":"EmEff","date":"2010-06-18","format":false,"excerpt":"S\u00e5 s\u00e4ger i alla fall Robin. Inte f\u00f6r att jag k\u00e4nner mig s\u00e4rskilt mycket emo, men skurit mig har jag \u00e4nd\u00e5 gjort, dock inte speciellt frivilligt. I s\u00f6ndags skulle jag sk\u00e4ra gr\u00f6nsaker p\u00e5 jobbet och hade lite f\u00f6r br\u00e5ttom, s\u00e5 jag drog kniven genom fingertoppen p\u00e5 v\u00e4nster tumme. Ont som\u2026","rel":"","context":"I \u201dVardagsliv\u201d","block_context":{"text":"Vardagsliv","link":"https:\/\/blogg.fumei.se\/?cat=47"},"img":{"alt_text":"","src":"","width":0,"height":0},"classes":[]}],"_links":{"self":[{"href":"https:\/\/blogg.fumei.se\/index.php?rest_route=\/wp\/v2\/posts\/212","targetHints":{"allow":["GET"]}}],"collection":[{"href":"https:\/\/blogg.fumei.se\/index.php?rest_route=\/wp\/v2\/posts"}],"about":[{"href":"https:\/\/blogg.fumei.se\/index.php?rest_route=\/wp\/v2\/types\/post"}],"author":[{"embeddable":true,"href":"https:\/\/blogg.fumei.se\/index.php?rest_route=\/wp\/v2\/users\/1"}],"replies":[{"embeddable":true,"href":"https:\/\/blogg.fumei.se\/index.php?rest_route=%2Fwp%2Fv2%2Fcomments&post=212"}],"version-history":[{"count":0,"href":"https:\/\/blogg.fumei.se\/index.php?rest_route=\/wp\/v2\/posts\/212\/revisions"}],"wp:attachment":[{"href":"https:\/\/blogg.fumei.se\/index.php?rest_route=%2Fwp%2Fv2%2Fmedia&parent=212"}],"wp:term":[{"taxonomy":"category","embeddable":true,"href":"https:\/\/blogg.fumei.se\/index.php?rest_route=%2Fwp%2Fv2%2Fcategories&post=212"},{"taxonomy":"post_tag","embeddable":true,"href":"https:\/\/blogg.fumei.se\/index.php?rest_route=%2Fwp%2Fv2%2Ftags&post=212"}],"curies":[{"name":"wp","href":"https:\/\/api.w.org\/{rel}","templated":true}]}}