{"id":2134,"date":"2012-02-28T23:03:40","date_gmt":"2012-02-28T22:03:40","guid":{"rendered":"http:\/\/blogg.fumei.se\/?p=2134"},"modified":"2012-02-28T23:09:58","modified_gmt":"2012-02-28T22:09:58","slug":"semesterfeeling","status":"publish","type":"post","link":"https:\/\/blogg.fumei.se\/?p=2134","title":{"rendered":"Slag i saken"},"content":{"rendered":"<p>Ni vet alla de d\u00e4r extra arbetspassen jag gjort den senaste tiden? I Januari gjorde jag s\u00e5 m\u00e5nga att det jag fick ut i l\u00f6n\u00a0ig\u00e5r motsvarar 1 l\u00f6n + 2\/3 av en normal m\u00e5nadsl\u00f6n! Sansl\u00f6st!!<br \/>\nS\u00e5 f\u00f6r att fira det best\u00e4mde vi (J och jag) oss f\u00f6r att \u00e5ka iv\u00e4g n\u00e5gonstans i sommar.<\/p>\n<p>Sj\u00e4lvklart hade det varit roligt att \u00e5ka n\u00e5gonstans med b\u00e5da barnen, men eftersom Fia f\u00f6rmodligen ska jobba hela sommaren, och den veckan hon \u00e4r ledig ska hon till 99% \u00e5ka med pojkv\u00e4nnen och hans familj till Spanien, s\u00e5 valde vi att vara r\u00e4ttvisa mot b\u00e5da barnen och \u00e5ker den veckan som Robin \u00e4r hos deras far. L\u00e4t det kr\u00e5ngligt? Eller or\u00e4ttvist \u00e4nd\u00e5? Ingen fara, vi kommer att g\u00f6ra andra utflykter med dem, i Sverige.<br \/>\nTill saken h\u00f6r att jag velat \u00e5ka till Rom sedan jag var ungef\u00e4r 2 \u00e4pplen h\u00f6g, och ett tag i min barndom trodde jag att jag skulle f\u00e5 komma dit, men varje sommar n\u00e4r vi bilade ner till Italien, s\u00e5 hamnade vi hemma hos farmor och bodde d\u00e4r medan vi gjorde dagsutflykter, mestadels till sl\u00e4ktingar och gamla v\u00e4nner till ma &amp; pa.<br \/>\nSen har det liksom inte blivit av, dels pga brist p\u00e5 reses\u00e4llskap (eller s\u00e4llskap har v\u00e4l funnits, men inte som velat resa p\u00e5 samma villkor som jag) eller pengar. Mest det sista, faktiskt. Men nu fanns det allts\u00e5 n\u00e5gra extra korv\u00f6ren att g\u00f6ra n\u00e5got kul f\u00f6r.<\/p>\n<p>Ang\u00e5ende v\u00e5r resa d\u00e5, s\u00e5 \u00e5ker vi under min f\u00f6rsta semestervecka. Det blir ingen l\u00e5ngvarig tripp, bara 5 dagar\/4 n\u00e4tter, men jag tror \u00e4nd\u00e5 vi kommer att hinna med en del. det mesta i sightseeing-v\u00e4g ligger ju inom g\u00e5ngavst\u00e5nd, och det mesta kan man nog hinna med under en dag, bara man struntar i att ta sovmorgon.<br \/>\nN\u00e5gra saker \u00e4r j r\u00e4tt givna, tex Peterskyrkan, Sixtinska kapellet, pantheon, Collosseum (som jag faktiskt tror att jag n\u00f6jer mig med att se fr\u00e5n utsidan), Fontana di Trevi och Forum Romanum, men vi har ocks\u00e5 t\u00e4nkt ta en tur i katakomberna, se dockteater p\u00e5 Janiculum, \u00e5ka b\u00e5t p\u00e5 Tibern, \u00e4ta cremolata och hinna med en dagstur till Pompeji.<br \/>\nHur mycket vi faktiskt hinner med \u00e5terst\u00e5r att se.<\/p>\n<p>Flyget \u00e4r bokat, hotellet \u00e4r bokat &#8211; nu v\u00e4ntar vi bara p\u00e5 sommaren och semestern!<\/p>\n<p><a href=\"https:\/\/blogg.fumei.se\/?attachment_id=2135\" rel=\"attachment wp-att-2135\"><img data-recalc-dims=\"1\" loading=\"lazy\" decoding=\"async\" data-attachment-id=\"2135\" data-permalink=\"https:\/\/blogg.fumei.se\/?attachment_id=2135\" data-orig-file=\"https:\/\/i0.wp.com\/blogg.fumei.se\/wp-content\/uploads\/2012\/02\/seirom.jpg?fit=400%2C600&amp;ssl=1\" data-orig-size=\"400,600\" data-comments-opened=\"1\" data-image-meta=\"{&quot;aperture&quot;:&quot;0&quot;,&quot;credit&quot;:&quot;&quot;,&quot;camera&quot;:&quot;&quot;,&quot;caption&quot;:&quot;&quot;,&quot;created_timestamp&quot;:&quot;0&quot;,&quot;copyright&quot;:&quot;&quot;,&quot;focal_length&quot;:&quot;0&quot;,&quot;iso&quot;:&quot;0&quot;,&quot;shutter_speed&quot;:&quot;0&quot;,&quot;title&quot;:&quot;&quot;}\" data-image-title=\"seirom\" data-image-description=\"\" data-image-caption=\"\" data-large-file=\"https:\/\/i0.wp.com\/blogg.fumei.se\/wp-content\/uploads\/2012\/02\/seirom.jpg?fit=400%2C600&amp;ssl=1\" class=\"aligncenter size-full wp-image-2135\" title=\"seirom\" src=\"https:\/\/i0.wp.com\/blogg.fumei.se\/wp-content\/uploads\/2012\/02\/seirom.jpg?resize=400%2C600&#038;ssl=1\" alt=\"\" width=\"400\" height=\"600\" srcset=\"https:\/\/i0.wp.com\/blogg.fumei.se\/wp-content\/uploads\/2012\/02\/seirom.jpg?w=400&amp;ssl=1 400w, https:\/\/i0.wp.com\/blogg.fumei.se\/wp-content\/uploads\/2012\/02\/seirom.jpg?resize=200%2C300&amp;ssl=1 200w\" sizes=\"auto, (max-width: 400px) 100vw, 400px\" \/><\/a><\/p>\n","protected":false},"excerpt":{"rendered":"<p>Ni vet alla de d\u00e4r extra arbetspassen jag gjort den senaste tiden? I Januari gjorde jag s\u00e5 m\u00e5nga att det jag fick ut i l\u00f6n\u00a0ig\u00e5r motsvarar 1 l\u00f6n + 2\/3 av en normal m\u00e5nadsl\u00f6n! Sansl\u00f6st!! S\u00e5 f\u00f6r att fira det best\u00e4mde vi (J och jag) oss f\u00f6r att \u00e5ka iv\u00e4g n\u00e5gonstans i sommar. Sj\u00e4lvklart hade&#8230;<\/p>\n","protected":false},"author":1,"featured_media":0,"comment_status":"open","ping_status":"open","sticky":false,"template":"","format":"standard","meta":{"jetpack_post_was_ever_published":false,"_jetpack_newsletter_access":"","_jetpack_dont_email_post_to_subs":false,"_jetpack_newsletter_tier_id":0,"_jetpack_memberships_contains_paywalled_content":false,"_jetpack_memberships_contains_paid_content":false,"footnotes":"","jetpack_publicize_message":"","jetpack_publicize_feature_enabled":true,"jetpack_social_post_already_shared":false,"jetpack_social_options":{"image_generator_settings":{"template":"highway","default_image_id":0,"font":"","enabled":false},"version":2}},"categories":[47],"tags":[149,150,148],"class_list":["post-2134","post","type-post","status-publish","format-standard","hentry","category-vardagsliv","tag-resa","tag-rom","tag-semester"],"jetpack_publicize_connections":[],"jetpack_featured_media_url":"","jetpack_shortlink":"https:\/\/wp.me\/p3qko4-yq","jetpack_sharing_enabled":true,"jetpack_likes_enabled":true,"jetpack-related-posts":[{"id":2458,"url":"https:\/\/blogg.fumei.se\/?p=2458","url_meta":{"origin":2134,"position":0},"title":"S E M E S T E R!!","author":"M :)","date":"2012-07-22","format":false,"excerpt":"\u00c4NTLIGEN! Som jag har l\u00e4ngtat efter semestern i \u00e5r! Inte bara f\u00f6r att jag ska \u00e5ka till Rom, utan f\u00f6r att det varit ett sjuhelsikes tungt \u00e5r jobbm\u00e4ssigt, och f\u00f6r att det ju var r\u00e4tt l\u00e5ng tid sen f\u00f6rra semestern eftersom jag hade v\u00e4ldigt tidig semester f\u00f6rra \u00e5ret. Ig\u00e5r gjorde\u2026","rel":"","context":"I \u201dVardagsliv\u201d","block_context":{"text":"Vardagsliv","link":"https:\/\/blogg.fumei.se\/?cat=47"},"img":{"alt_text":"","src":"","width":0,"height":0},"classes":[]},{"id":1108,"url":"https:\/\/blogg.fumei.se\/?p=1108","url_meta":{"origin":2134,"position":1},"title":"Tjejsnack vecka 38","author":"M :)","date":"2009-09-14","format":false,"excerpt":"Vill du ocks\u00e5 vara med? Du hittar Tjejsnack h\u00e4r. Br\u00f6llop 1. Vill du gifta dig\/\u00e4r du gift, varf\u00f6r?, om inte av vilken anledning?Jag \u00e4r inte gift, har inte varit gift heller. D\u00e4remot kan jag mycket v\u00e4l t\u00e4nka mig att gifta mig. F\u00f6rutsatt naturligtvis att jag har en man i mitt\u2026","rel":"","context":"I \u201dVardagsliv\u201d","block_context":{"text":"Vardagsliv","link":"https:\/\/blogg.fumei.se\/?cat=47"},"img":{"alt_text":"","src":"","width":0,"height":0},"classes":[]},{"id":277,"url":"https:\/\/blogg.fumei.se\/?p=277","url_meta":{"origin":2134,"position":2},"title":"S\u00e5d\u00e4r d\u00e5","author":"M :)","date":"2010-03-07","format":false,"excerpt":"D\u00e5 var det slut p\u00e5 \u00e4nnu en vecka. Den h\u00e4r veckan har jag klarat av att arbeta sex arbetspass fast\u00e4n jag bara hade\u00a0tre pass inlagda i schemat, inte illa pinkat av en gammal h\u00e4st. Hoppas det visar sig positivt i kassan n\u00e4r l\u00f6nen kommer ocks\u00e5. Allts\u00e5 n\u00e4sta m\u00e5nads l\u00f6n, f\u00f6r\u2026","rel":"","context":"I \u201dVardagsliv\u201d","block_context":{"text":"Vardagsliv","link":"https:\/\/blogg.fumei.se\/?cat=47"},"img":{"alt_text":"","src":"","width":0,"height":0},"classes":[]},{"id":2024,"url":"https:\/\/blogg.fumei.se\/?p=2024","url_meta":{"origin":2134,"position":3},"title":"Hinklista","author":"M :)","date":"2012-01-07","format":false,"excerpt":"eng. Bucket list. A list of things to do before you die. Comes from the term \"kicked the bucket\". Nej nej nej! Jag ska inte d\u00f6! Lugn och fin...jag ska bara lista n\u00e5gra saker jag skulle vilja g\u00f6ra innan jag trillar av pinnen. Jag radar upp en massa saker h\u00e4r,\u2026","rel":"","context":"I \u201dVardagsliv\u201d","block_context":{"text":"Vardagsliv","link":"https:\/\/blogg.fumei.se\/?cat=47"},"img":{"alt_text":"","src":"","width":0,"height":0},"classes":[]},{"id":2988,"url":"https:\/\/blogg.fumei.se\/?p=2988","url_meta":{"origin":2134,"position":4},"title":"En lite b\u00e4ttre dag","author":"M :)","date":"2013-07-01","format":false,"excerpt":"Hej. Det \u00e4r jag igen.\u00a0Du vet, hon som skriver i den h\u00e4r bloggen n\u00e4r lust och vilja kommer \u00f6ver mig. P\u00e5 sista tiden har det inte blivit s\u00e5 mycket skrivande av. Det har helt enkelt inte funnits s\u00e5 mycket att skriva om. F\u00f6r sanningen \u00e4r ju att det inte \u00e4r\u2026","rel":"","context":"I \u201dVardagsliv\u201d","block_context":{"text":"Vardagsliv","link":"https:\/\/blogg.fumei.se\/?cat=47"},"img":{"alt_text":"","src":"","width":0,"height":0},"classes":[]},{"id":5137,"url":"https:\/\/blogg.fumei.se\/?p=5137","url_meta":{"origin":2134,"position":5},"title":"Semester med komplikationer del 1","author":"M :)","date":"2023-08-13","format":false,"excerpt":"\u00c4ntligen semester! Fyra veckor ledigt, utan att beh\u00f6va st\u00e4lla klockan p\u00e5 morgonen (typ\u2026) och inte stressa, t\u00e4nkte jag. Riktigt s\u00e5 blev det ju inte. Jag rivstartade semestern med att vi \u00e5kte gokart. Det var roligt! Jag hade aldrig gjort det innan, men hade sagt flera g\u00e5nger till Mikael att jag\u2026","rel":"","context":"I \u201dResor\u201d","block_context":{"text":"Resor","link":"https:\/\/blogg.fumei.se\/?cat=478"},"img":{"alt_text":"","src":"https:\/\/i0.wp.com\/blogg.fumei.se\/wp-content\/uploads\/2023\/08\/58A254DF-D811-42DF-B640-0EDB2BF78AEF.jpg?resize=350%2C200","width":350,"height":200,"srcset":"https:\/\/i0.wp.com\/blogg.fumei.se\/wp-content\/uploads\/2023\/08\/58A254DF-D811-42DF-B640-0EDB2BF78AEF.jpg?resize=350%2C200 1x, https:\/\/i0.wp.com\/blogg.fumei.se\/wp-content\/uploads\/2023\/08\/58A254DF-D811-42DF-B640-0EDB2BF78AEF.jpg?resize=525%2C300 1.5x, https:\/\/i0.wp.com\/blogg.fumei.se\/wp-content\/uploads\/2023\/08\/58A254DF-D811-42DF-B640-0EDB2BF78AEF.jpg?resize=700%2C400 2x, https:\/\/i0.wp.com\/blogg.fumei.se\/wp-content\/uploads\/2023\/08\/58A254DF-D811-42DF-B640-0EDB2BF78AEF.jpg?resize=1050%2C600 3x, https:\/\/i0.wp.com\/blogg.fumei.se\/wp-content\/uploads\/2023\/08\/58A254DF-D811-42DF-B640-0EDB2BF78AEF.jpg?resize=1400%2C800 4x"},"classes":[]}],"_links":{"self":[{"href":"https:\/\/blogg.fumei.se\/index.php?rest_route=\/wp\/v2\/posts\/2134","targetHints":{"allow":["GET"]}}],"collection":[{"href":"https:\/\/blogg.fumei.se\/index.php?rest_route=\/wp\/v2\/posts"}],"about":[{"href":"https:\/\/blogg.fumei.se\/index.php?rest_route=\/wp\/v2\/types\/post"}],"author":[{"embeddable":true,"href":"https:\/\/blogg.fumei.se\/index.php?rest_route=\/wp\/v2\/users\/1"}],"replies":[{"embeddable":true,"href":"https:\/\/blogg.fumei.se\/index.php?rest_route=%2Fwp%2Fv2%2Fcomments&post=2134"}],"version-history":[{"count":9,"href":"https:\/\/blogg.fumei.se\/index.php?rest_route=\/wp\/v2\/posts\/2134\/revisions"}],"predecessor-version":[{"id":2144,"href":"https:\/\/blogg.fumei.se\/index.php?rest_route=\/wp\/v2\/posts\/2134\/revisions\/2144"}],"wp:attachment":[{"href":"https:\/\/blogg.fumei.se\/index.php?rest_route=%2Fwp%2Fv2%2Fmedia&parent=2134"}],"wp:term":[{"taxonomy":"category","embeddable":true,"href":"https:\/\/blogg.fumei.se\/index.php?rest_route=%2Fwp%2Fv2%2Fcategories&post=2134"},{"taxonomy":"post_tag","embeddable":true,"href":"https:\/\/blogg.fumei.se\/index.php?rest_route=%2Fwp%2Fv2%2Ftags&post=2134"}],"curies":[{"name":"wp","href":"https:\/\/api.w.org\/{rel}","templated":true}]}}