{"id":2145,"date":"2012-03-11T11:24:45","date_gmt":"2012-03-11T10:24:45","guid":{"rendered":"http:\/\/blogg.fumei.se\/?p=2145"},"modified":"2012-03-11T11:24:45","modified_gmt":"2012-03-11T10:24:45","slug":"fyndlordag","status":"publish","type":"post","link":"https:\/\/blogg.fumei.se\/?p=2145","title":{"rendered":"Fyndl\u00f6rdag"},"content":{"rendered":"<p>Har ledig helg, och d\u00e5 t\u00e4nkte J och jag \u00e5ka iv\u00e4g och uppt\u00e4cka en ny stad i v\u00e5r omgivning. En liten grej vi b\u00f6rjade med f\u00f6rra sommaren och som J fortsatt med d\u00e5 och d\u00e5. (Sj\u00e4lv jobbar jag ju r\u00e4tt mycket n\u00e4r han \u00e4r ledig, s\u00e5 det blir inte s\u00e5 mycket uppt\u00e4ckande, mest f\u00f6rs\u00f6k till avkoppling innan n\u00e4sta arbetspass.)<br \/>\nVi har ju v\u00e5ra <a href=\"http:\/\/www.vasttrafik.se\/Priser--Produkter\/Fardbevis-och-priser\/omradesladdningar\/Regionen-runt--30-dagar\/\" target=\"_blank\">regionskort<\/a>, s\u00e5 vi beh\u00f6ver ju inte betala f\u00f6r resorna, bara f\u00f6r eventuellt fika\/mat (man kan ju ta med eget om man vill).<br \/>\nDen h\u00e4r veckan best\u00e4mde vi oss f\u00f6r Lidk\u00f6ping. Vi var d\u00e4r en s\u00f6ndag i slutet av f\u00f6rra sommaren men det var ju liksom v\u00e4ldigt st\u00e4ngt \u00f6verallt d\u00e5, s\u00e5 vi s\u00e5g inte s\u00e5 mycket mer \u00e4n ett par gamla vackra hus och sen \u00e5kte vi hem igen. Nu blev det inte riktigt en s\u00e5n utflykt vi hade t\u00e4nkt fr\u00e5n b\u00f6rjan, men dagen blev v\u00e4ldigt bra \u00e4nd\u00e5.<\/p>\n<p>Vi hade t\u00e4nkt ta t\u00e5get eller bussen till Lidk\u00f6ping, strosa p\u00e5 stan en stund och sen leka turister en stund, \u00e4ta n\u00e5t gott och sen \u00e5ka hem igen, men t\u00e5get och bussen skulle ta oss n\u00e4stan 3 timmar (!) s\u00e5 det blev en liten \u00e4ndring i programmet.<br \/>\nI Lidk\u00f6ping finns Fr\u00e4lsningsarm\u00e9ns second hand-butik; FA-fyndet, och b\u00e5de jag och f\u00f6r\u00e4ldrarna har l\u00e4nge t\u00e4nkt \u00e5ka dit, s\u00e5 vi gjorde helt enkelt s\u00e5 att vi inledde dagen med att \u00e5ka med dem dit. Det f\u00f6rkortade ju restiden med n\u00e4stan 2 timmar! Och jag hittade lite &#8221;nya&#8221; kl\u00e4der och lite annat sm\u00e5tt och gott, s\u00e5 det gjorde ju inget. Mor och far k\u00f6pte sig en ny Billy till alla b\u00f6cker som f\u00f6rut stod i den gamla bokhyllan som vi skickade till Pingstkyrkans loppis tillsammans med min gamla soffa.<\/p>\n<p>Sen for vi in till centrum och fikade p\u00e5 ett gammalt hederligt konditori; Garstr\u00f6ms. De hade en s\u00e5n d\u00e4r gammaldags disk med allt ifr\u00e5n sockerbullar och smaskiga r\u00e4ckmackor till polagrisk\u00e4ppar och kolor, och en b\u00e4nk d\u00e4r man sj\u00e4lv tog sitt kaffe och p\u00e5t\u00e5r. Inte s\u00e5 himla billigt, men v\u00e4ldigt gott!<\/p>\n<p>Efter fikat \u00e5kte mor och far hem igen, och J och jag gick in mot torget, d\u00e4r det var torgmarknad. Vi hittade en ryggkliare \u00e5t J och ett par skor till mig, och sen var det dags att fylla p\u00e5 med kontanter. En sv\u00e4ng f\u00f6rbi bankomaten och sen Pingstkyrkans loppis blev det allts\u00e5, innan vi styrde stegen mot <a href=\"http:\/\/www.lidkoping.se\/naringslivocharbete\/lokalerochmark\/sockerbruket\/omsockerbruket.4.d62f0912738006cfc8000409452.html\" target=\"_blank\">Sockerbruket<\/a>, f\u00f6r mor hade sagt att d\u00e4r fanns en massa aff\u00e4rer och &#8221;grejer&#8221;. Inte s\u00e5 mycket aff\u00e4rrer, men v\u00e4l en gigantisk lokal med massor av b\u00e5s d\u00e4r folk s\u00e5lde det mesta fr\u00e5n gamla t\u00e4ndsticksaskar\u00a0till rullstolar. D\u00e4r hittade jag dagens b\u00e4sta fynd: en komplett upps\u00e4ttning av (v\u00e4lv\u00e5rdade) Harry Potter-b\u00f6cker f\u00f6r 200 kronor! Sen var jag r\u00e4tt n\u00f6jd, kan jag v\u00e4l s\u00e4ga.<\/p>\n<p>N\u00e4r vi hade g\u00e5tt igenom hela lokalen gick vi tv\u00e4rs \u00f6ver j\u00e4rnv\u00e4gssp\u00e5ret och tog bussen till Sk\u00f6vde. D\u00e4r provianterade vi p\u00e5 Willys innan vi for hem\u00e5t med t\u00e5get.<br \/>\nKv\u00e4llen bj\u00f6d p\u00e5 lasagne, bubbel och melodifestivalfinal. (Och f\u00f6r min del var det inte r\u00e4tt l\u00e5t som vann, men whatever&#8230;)<\/p>\n<div data-carousel-extra='{&quot;blog_id&quot;:1,&quot;permalink&quot;:&quot;https:\/\/blogg.fumei.se\/?p=2145&quot;}' id='gallery-1' class='gallery galleryid-2145 gallery-columns-2 gallery-size-thumbnail'><figure class='gallery-item'>\n\t\t\t<div class='gallery-icon landscape'>\n\t\t\t\t<a href=\"https:\/\/i0.wp.com\/blogg.fumei.se\/wp-content\/uploads\/2012\/03\/2012-03-11-10.06.46.jpg?ssl=1\"><img loading=\"lazy\" decoding=\"async\" width=\"180\" height=\"180\" src=\"https:\/\/i0.wp.com\/blogg.fumei.se\/wp-content\/uploads\/2012\/03\/2012-03-11-10.06.46.jpg?resize=180%2C180&amp;ssl=1\" class=\"attachment-thumbnail size-thumbnail\" alt=\"\" srcset=\"https:\/\/i0.wp.com\/blogg.fumei.se\/wp-content\/uploads\/2012\/03\/2012-03-11-10.06.46.jpg?resize=180%2C180&amp;ssl=1 180w, https:\/\/i0.wp.com\/blogg.fumei.se\/wp-content\/uploads\/2012\/03\/2012-03-11-10.06.46.jpg?zoom=2&amp;resize=180%2C180&amp;ssl=1 360w, https:\/\/i0.wp.com\/blogg.fumei.se\/wp-content\/uploads\/2012\/03\/2012-03-11-10.06.46.jpg?zoom=3&amp;resize=180%2C180&amp;ssl=1 540w\" sizes=\"auto, (max-width: 180px) 100vw, 180px\" data-attachment-id=\"2159\" data-permalink=\"https:\/\/blogg.fumei.se\/?attachment_id=2159\" data-orig-file=\"https:\/\/i0.wp.com\/blogg.fumei.se\/wp-content\/uploads\/2012\/03\/2012-03-11-10.06.46.jpg?fit=1765%2C1323&amp;ssl=1\" data-orig-size=\"1765,1323\" data-comments-opened=\"1\" data-image-meta=\"{&quot;aperture&quot;:&quot;2.6&quot;,&quot;credit&quot;:&quot;&quot;,&quot;camera&quot;:&quot;GT-S5570&quot;,&quot;caption&quot;:&quot;&quot;,&quot;created_timestamp&quot;:&quot;1331460405&quot;,&quot;copyright&quot;:&quot;&quot;,&quot;focal_length&quot;:&quot;2.78&quot;,&quot;iso&quot;:&quot;100&quot;,&quot;shutter_speed&quot;:&quot;0.030303030303&quot;,&quot;title&quot;:&quot;&quot;}\" data-image-title=\"2012-03-11 10.06.46\" data-image-description=\"\" data-image-caption=\"\" data-large-file=\"https:\/\/i0.wp.com\/blogg.fumei.se\/wp-content\/uploads\/2012\/03\/2012-03-11-10.06.46.jpg?fit=640%2C480&amp;ssl=1\" \/><\/a>\n\t\t\t<\/div><\/figure><figure class='gallery-item'>\n\t\t\t<div class='gallery-icon landscape'>\n\t\t\t\t<a href=\"https:\/\/i0.wp.com\/blogg.fumei.se\/wp-content\/uploads\/2012\/03\/2012-03-10-11.54.26.jpg?ssl=1\"><img loading=\"lazy\" decoding=\"async\" width=\"180\" height=\"180\" src=\"https:\/\/i0.wp.com\/blogg.fumei.se\/wp-content\/uploads\/2012\/03\/2012-03-10-11.54.26.jpg?resize=180%2C180&amp;ssl=1\" class=\"attachment-thumbnail size-thumbnail\" alt=\"\" srcset=\"https:\/\/i0.wp.com\/blogg.fumei.se\/wp-content\/uploads\/2012\/03\/2012-03-10-11.54.26.jpg?resize=180%2C180&amp;ssl=1 180w, https:\/\/i0.wp.com\/blogg.fumei.se\/wp-content\/uploads\/2012\/03\/2012-03-10-11.54.26.jpg?zoom=2&amp;resize=180%2C180&amp;ssl=1 360w, https:\/\/i0.wp.com\/blogg.fumei.se\/wp-content\/uploads\/2012\/03\/2012-03-10-11.54.26.jpg?zoom=3&amp;resize=180%2C180&amp;ssl=1 540w\" sizes=\"auto, (max-width: 180px) 100vw, 180px\" data-attachment-id=\"2158\" data-permalink=\"https:\/\/blogg.fumei.se\/?attachment_id=2158\" data-orig-file=\"https:\/\/i0.wp.com\/blogg.fumei.se\/wp-content\/uploads\/2012\/03\/2012-03-10-11.54.26.jpg?fit=1843%2C1383&amp;ssl=1\" data-orig-size=\"1843,1383\" data-comments-opened=\"1\" data-image-meta=\"{&quot;aperture&quot;:&quot;2.6&quot;,&quot;credit&quot;:&quot;&quot;,&quot;camera&quot;:&quot;GT-S5570&quot;,&quot;caption&quot;:&quot;&quot;,&quot;created_timestamp&quot;:&quot;1331380465&quot;,&quot;copyright&quot;:&quot;&quot;,&quot;focal_length&quot;:&quot;2.78&quot;,&quot;iso&quot;:&quot;50&quot;,&quot;shutter_speed&quot;:&quot;0.030303030303&quot;,&quot;title&quot;:&quot;&quot;}\" data-image-title=\"2012-03-10 11.54.26\" data-image-description=\"\" data-image-caption=\"\" data-large-file=\"https:\/\/i0.wp.com\/blogg.fumei.se\/wp-content\/uploads\/2012\/03\/2012-03-10-11.54.26.jpg?fit=640%2C480&amp;ssl=1\" \/><\/a>\n\t\t\t<\/div><\/figure>\n\t\t<\/div>\n\n","protected":false},"excerpt":{"rendered":"<p>Har ledig helg, och d\u00e5 t\u00e4nkte J och jag \u00e5ka iv\u00e4g och uppt\u00e4cka en ny stad i v\u00e5r omgivning. En liten grej vi b\u00f6rjade med f\u00f6rra sommaren och som J fortsatt med d\u00e5 och d\u00e5. (Sj\u00e4lv jobbar jag ju r\u00e4tt mycket n\u00e4r han \u00e4r ledig, s\u00e5 det blir inte s\u00e5 mycket uppt\u00e4ckande, mest f\u00f6rs\u00f6k till&#8230;<\/p>\n","protected":false},"author":1,"featured_media":0,"comment_status":"open","ping_status":"open","sticky":false,"template":"","format":"standard","meta":{"jetpack_post_was_ever_published":false,"_jetpack_newsletter_access":"","_jetpack_dont_email_post_to_subs":false,"_jetpack_newsletter_tier_id":0,"_jetpack_memberships_contains_paywalled_content":false,"_jetpack_memberships_contains_paid_content":false,"footnotes":"","jetpack_publicize_message":"","jetpack_publicize_feature_enabled":true,"jetpack_social_post_already_shared":false,"jetpack_social_options":{"image_generator_settings":{"template":"highway","default_image_id":0,"font":"","enabled":false},"version":2}},"categories":[47],"tags":[152,153,151],"class_list":["post-2145","post","type-post","status-publish","format-standard","hentry","category-vardagsliv","tag-lidkoping","tag-sockerbruket","tag-utflykter"],"jetpack_publicize_connections":[],"jetpack_featured_media_url":"","jetpack_shortlink":"https:\/\/wp.me\/p3qko4-yB","jetpack_sharing_enabled":true,"jetpack_likes_enabled":true,"jetpack-related-posts":[{"id":29,"url":"https:\/\/blogg.fumei.se\/?p=29","url_meta":{"origin":2145,"position":0},"title":"Kliar s\u00e5 jag blir tokig!!","author":"M :)","date":"2011-06-20","format":false,"excerpt":"Jag har f\u00e5tt en massa myggbett! Jag brukar aldrig f\u00e5 myggbett annars, men i \u00e5r har jag lyckats f\u00e5 flera stycken redan, och jag har knappt varit utomhus! Tror jag river ihj\u00e4l mig, men det kliar ju bara mer d\u00e5 s\u00e5 f\u00f6rs\u00f6ker l\u00e5ta bli, men det \u00e4r ju l\u00e4ttare sagt\u2026","rel":"","context":"I \u201dVardagsliv\u201d","block_context":{"text":"Vardagsliv","link":"https:\/\/blogg.fumei.se\/?cat=47"},"img":{"alt_text":"","src":"","width":0,"height":0},"classes":[]},{"id":2134,"url":"https:\/\/blogg.fumei.se\/?p=2134","url_meta":{"origin":2145,"position":1},"title":"Slag i saken","author":"M :)","date":"2012-02-28","format":false,"excerpt":"Ni vet alla de d\u00e4r extra arbetspassen jag gjort den senaste tiden? I Januari gjorde jag s\u00e5 m\u00e5nga att det jag fick ut i l\u00f6n\u00a0ig\u00e5r motsvarar 1 l\u00f6n + 2\/3 av en normal m\u00e5nadsl\u00f6n! Sansl\u00f6st!! S\u00e5 f\u00f6r att fira det best\u00e4mde vi (J och jag) oss f\u00f6r att \u00e5ka iv\u00e4g\u2026","rel":"","context":"I \u201dVardagsliv\u201d","block_context":{"text":"Vardagsliv","link":"https:\/\/blogg.fumei.se\/?cat=47"},"img":{"alt_text":"","src":"https:\/\/i0.wp.com\/blogg.fumei.se\/wp-content\/uploads\/2012\/02\/seirom.jpg?resize=350%2C200","width":350,"height":200},"classes":[]},{"id":2988,"url":"https:\/\/blogg.fumei.se\/?p=2988","url_meta":{"origin":2145,"position":2},"title":"En lite b\u00e4ttre dag","author":"M :)","date":"2013-07-01","format":false,"excerpt":"Hej. Det \u00e4r jag igen.\u00a0Du vet, hon som skriver i den h\u00e4r bloggen n\u00e4r lust och vilja kommer \u00f6ver mig. P\u00e5 sista tiden har det inte blivit s\u00e5 mycket skrivande av. Det har helt enkelt inte funnits s\u00e5 mycket att skriva om. F\u00f6r sanningen \u00e4r ju att det inte \u00e4r\u2026","rel":"","context":"I \u201dVardagsliv\u201d","block_context":{"text":"Vardagsliv","link":"https:\/\/blogg.fumei.se\/?cat=47"},"img":{"alt_text":"","src":"","width":0,"height":0},"classes":[]},{"id":5107,"url":"https:\/\/blogg.fumei.se\/?p=5107","url_meta":{"origin":2145,"position":3},"title":"\u2665\ufe0e Min mamma \u2665\ufe0e","author":"M :)","date":"2022-03-16","format":false,"excerpt":"Min mamma, Lis Fumei, f\u00f6ddes 15 April 1937 i Herning i Danmark. Hon var nummer sju av tolv barn till Ingeborg Elisabeth L\u00f8vstad och Aage Christian L\u00f8vstad.Pappa Aage var snickare vid j\u00e4rnv\u00e4gen och mamma Ingeborg var hemmafru med allt vad det innebar, med alla barnen och ett hush\u00e5ll att ta\u2026","rel":"","context":"I \u201dFamiljen\u201d","block_context":{"text":"Familjen","link":"https:\/\/blogg.fumei.se\/?cat=34"},"img":{"alt_text":"","src":"https:\/\/i0.wp.com\/blogg.fumei.se\/wp-content\/uploads\/2022\/11\/BEFDDF98-BDCB-4E63-B088-B3B56E759D0C_1_201_a.jpeg?resize=350%2C200&ssl=1","width":350,"height":200,"srcset":"https:\/\/i0.wp.com\/blogg.fumei.se\/wp-content\/uploads\/2022\/11\/BEFDDF98-BDCB-4E63-B088-B3B56E759D0C_1_201_a.jpeg?resize=350%2C200&ssl=1 1x, https:\/\/i0.wp.com\/blogg.fumei.se\/wp-content\/uploads\/2022\/11\/BEFDDF98-BDCB-4E63-B088-B3B56E759D0C_1_201_a.jpeg?resize=525%2C300&ssl=1 1.5x, https:\/\/i0.wp.com\/blogg.fumei.se\/wp-content\/uploads\/2022\/11\/BEFDDF98-BDCB-4E63-B088-B3B56E759D0C_1_201_a.jpeg?resize=700%2C400&ssl=1 2x"},"classes":[]},{"id":2458,"url":"https:\/\/blogg.fumei.se\/?p=2458","url_meta":{"origin":2145,"position":4},"title":"S E M E S T E R!!","author":"M :)","date":"2012-07-22","format":false,"excerpt":"\u00c4NTLIGEN! Som jag har l\u00e4ngtat efter semestern i \u00e5r! Inte bara f\u00f6r att jag ska \u00e5ka till Rom, utan f\u00f6r att det varit ett sjuhelsikes tungt \u00e5r jobbm\u00e4ssigt, och f\u00f6r att det ju var r\u00e4tt l\u00e5ng tid sen f\u00f6rra semestern eftersom jag hade v\u00e4ldigt tidig semester f\u00f6rra \u00e5ret. Ig\u00e5r gjorde\u2026","rel":"","context":"I \u201dVardagsliv\u201d","block_context":{"text":"Vardagsliv","link":"https:\/\/blogg.fumei.se\/?cat=47"},"img":{"alt_text":"","src":"","width":0,"height":0},"classes":[]},{"id":1725,"url":"https:\/\/blogg.fumei.se\/?p=1725","url_meta":{"origin":2145,"position":5},"title":"Livstecken","author":"M :)","date":"2011-11-11","format":false,"excerpt":"Mina n\u00e4ra och k\u00e4ra (och n\u00e5gra till) vet att J bara fick tillf\u00e4lligt uppeh\u00e5llstillst\u00e5nd n\u00e4r han flyttade hit. Den 16 Juni i \u00e5r var sista dagen p\u00e5 det tillst\u00e5ndet, s\u00e5 i b\u00f6rjan av Maj skickade han in ans\u00f6kan om f\u00f6rl\u00e4ngning av uppeh\u00e5llstillst\u00e5nd till migrationsverket. Enligt dem kan det ta upp\u2026","rel":"","context":"I \u201dFamiljen\u201d","block_context":{"text":"Familjen","link":"https:\/\/blogg.fumei.se\/?cat=34"},"img":{"alt_text":"","src":"https:\/\/i0.wp.com\/blogg.fumei.se\/wp-content\/uploads\/2011\/11\/kallelesintervju-650x473.jpg?resize=350%2C200","width":350,"height":200,"srcset":"https:\/\/i0.wp.com\/blogg.fumei.se\/wp-content\/uploads\/2011\/11\/kallelesintervju-650x473.jpg?resize=350%2C200 1x, https:\/\/i0.wp.com\/blogg.fumei.se\/wp-content\/uploads\/2011\/11\/kallelesintervju-650x473.jpg?resize=525%2C300 1.5x"},"classes":[]}],"_links":{"self":[{"href":"https:\/\/blogg.fumei.se\/index.php?rest_route=\/wp\/v2\/posts\/2145","targetHints":{"allow":["GET"]}}],"collection":[{"href":"https:\/\/blogg.fumei.se\/index.php?rest_route=\/wp\/v2\/posts"}],"about":[{"href":"https:\/\/blogg.fumei.se\/index.php?rest_route=\/wp\/v2\/types\/post"}],"author":[{"embeddable":true,"href":"https:\/\/blogg.fumei.se\/index.php?rest_route=\/wp\/v2\/users\/1"}],"replies":[{"embeddable":true,"href":"https:\/\/blogg.fumei.se\/index.php?rest_route=%2Fwp%2Fv2%2Fcomments&post=2145"}],"version-history":[{"count":1,"href":"https:\/\/blogg.fumei.se\/index.php?rest_route=\/wp\/v2\/posts\/2145\/revisions"}],"predecessor-version":[{"id":2165,"href":"https:\/\/blogg.fumei.se\/index.php?rest_route=\/wp\/v2\/posts\/2145\/revisions\/2165"}],"wp:attachment":[{"href":"https:\/\/blogg.fumei.se\/index.php?rest_route=%2Fwp%2Fv2%2Fmedia&parent=2145"}],"wp:term":[{"taxonomy":"category","embeddable":true,"href":"https:\/\/blogg.fumei.se\/index.php?rest_route=%2Fwp%2Fv2%2Fcategories&post=2145"},{"taxonomy":"post_tag","embeddable":true,"href":"https:\/\/blogg.fumei.se\/index.php?rest_route=%2Fwp%2Fv2%2Ftags&post=2145"}],"curies":[{"name":"wp","href":"https:\/\/api.w.org\/{rel}","templated":true}]}}