{"id":22,"date":"2011-08-12T09:14:00","date_gmt":"2011-08-12T09:14:00","guid":{"rendered":"\/Blogg\/post\/Det-ar-skillnad-pa-folk-och-folk.aspx"},"modified":"2024-03-31T11:26:25","modified_gmt":"2024-03-31T09:26:25","slug":"det-ar-skillnad-pa-folk-och-folk","status":"publish","type":"post","link":"https:\/\/blogg.fumei.se\/?p=22","title":{"rendered":"Det \u00e4r skillnad p\u00e5 folk och folk&#8230;"},"content":{"rendered":"<p>J har varit i Sverige i ett \u00e5r den 18:e Augusti. I Sverige f\u00e5r man bara k\u00f6ra p\u00e5 sitt utl\u00e4ndska k\u00f6rkort i ett \u00e5r, sedan m\u00e5ste man byta till ett svenskt k\u00f6rkort f\u00f6r att f\u00e5 lov att k\u00f6ra bil lagligt.<br \/>\nMen nu kommer vi till det som skiljer vissa m\u00e4nniskor fr\u00e5n andra; n\u00e4mligen att den som kommer fr\u00e5n ett EES-land (samt personer fr\u00e5n Japan eller Schweiz) kan forts\u00e4tta k\u00f6ra p\u00e5 sitt k\u00f6rkort fr\u00e5n hemlandet oavsett hur l\u00e4nge den personen varit i Sverige, bara kortet \u00e4r giltigt i hemlandet. Eller s\u00e5 kan den h\u00e4r personen v\u00e4lja att byta ut sitt k\u00f6rkort mot ett svenskt, mot en administrationskostnad, f\u00f6rst\u00e5s. Man f\u00e5r inte gl\u00f6mma administrationskostnaderna i Sverige!<\/p>\n<p>Men, en person som kommer fr\u00e5n ett annat land, som iinte ing\u00e5r i EES, f\u00e5r allts\u00e5 bara k\u00f6ra i 12 m\u00e5nader p\u00e5 sitt utl\u00e4ndska k\u00f6rkort, sedan m\u00e5ste han\/hon byta till ett svenskt. <em>Byta<\/em> \u00e4r i det h\u00e4r fallet helt fel ord, f\u00f6r den h\u00e4r personen (i det h\u00e4r fallet J), m\u00e5ste g\u00e5 till en trafikskola och skriva in sig och han m\u00e5ste g\u00f6ra b\u00e5de riskettan och risktv\u00e5an, teoriprov och f\u00f6rarprov. Allts\u00e5 v\u00e4sentligt dyrare \u00e4n administrationskostnaden som EES-medlemmar f\u00e5r betala.<\/p>\n<p>Man undrar ju lite hur de har resonerat fram till det h\u00e4r beslutet? Det kan inte vara att de t\u00e4nker att k\u00f6rkortsproven \u00e4r likartade i EES-l\u00e4nderna, f\u00f6r jag tror knappast att man k\u00f6r likadant i Sverige som i Storbritannien, p\u00e5 Malta eller Cypern. B\u00e5de v\u00e4g- och v\u00e4der\/klimatf\u00f6rh\u00e5llandena \u00e4r olika mot de i Sverige.<br \/>\nJag kan f\u00f6rst\u00e5 att J beh\u00f6ver g\u00f6ra halkbanetest, det \u00e4r ju inte s\u00e5 himla mycket sn\u00f6 och is i Costa Rica, men resten tycker jag borde vara lika f\u00f6r alla som kommer hit och ska k\u00f6ra bil. Vad \u00e4r det som s\u00e4ger att bara f\u00f6r att du kommer fr\u00e5n ett EES-land s\u00e5 \u00e4r du en b\u00e4ttre bilf\u00f6rare \u00e4n en fr\u00e5n ett icke-EES-land? F\u00f6r det \u00e4r ju i princip det de s\u00e4ger.<\/p>\n<p>Det pratas s\u00e5 mycket om j\u00e4mst\u00e4lldhet och att alla \u00e4r lika mycket v\u00e4rda och man ska behandla alla likadant, men blaha blaha, det funkar inte i praktiken. I varje fall inte f\u00f6r svenska myndigheter.<br \/>\nS\u00e5 nu f\u00e5r J sn\u00e4llt punga ut med en massa sk\u00f6na tusenlappar f\u00f6r att bevisa att han kan k\u00f6ra bil, medan Jochen fr\u00e5n Nederl\u00e4nderna bara beh\u00f6ver betala 750 kr. Jippii.<\/p>\n","protected":false},"excerpt":{"rendered":"<p>J har varit i Sverige i ett \u00e5r den 18:e Augusti. I Sverige f\u00e5r man bara k\u00f6ra p\u00e5 sitt utl\u00e4ndska k\u00f6rkort i ett \u00e5r, sedan m\u00e5ste man byta till ett svenskt k\u00f6rkort f\u00f6r att f\u00e5 lov att k\u00f6ra bil lagligt. Men nu kommer vi till det som skiljer vissa m\u00e4nniskor fr\u00e5n andra; n\u00e4mligen att den&#8230;<\/p>\n","protected":false},"author":1,"featured_media":0,"comment_status":"open","ping_status":"open","sticky":false,"template":"","format":"standard","meta":{"jetpack_post_was_ever_published":false,"_jetpack_newsletter_access":"","_jetpack_dont_email_post_to_subs":false,"_jetpack_newsletter_tier_id":0,"_jetpack_memberships_contains_paywalled_content":false,"_jetpack_memberships_contains_paid_content":false,"footnotes":"","jetpack_publicize_message":"","jetpack_publicize_feature_enabled":true,"jetpack_social_post_already_shared":false,"jetpack_social_options":{"image_generator_settings":{"template":"highway","default_image_id":0,"font":"","enabled":false},"version":2}},"categories":[47],"tags":[],"class_list":["post-22","post","type-post","status-publish","format-standard","hentry","category-vardagsliv"],"jetpack_publicize_connections":[],"jetpack_featured_media_url":"","jetpack_shortlink":"https:\/\/wp.me\/p3qko4-m","jetpack_sharing_enabled":true,"jetpack_likes_enabled":true,"jetpack-related-posts":[{"id":1223,"url":"https:\/\/blogg.fumei.se\/?p=1223","url_meta":{"origin":22,"position":0},"title":"Tala \u00e4r silver, tiga \u00e4r guld?","author":"M :)","date":"2009-12-09","format":false,"excerpt":"Jag \u00e4r ingen butter m\u00e4nniska. Jag \u00e4r nog tv\u00e4rtom en ganska glad person, tycker inte om att folk tjurar och surar utan anledning, och f\u00f6rs\u00f6ker g\u00e4rna muntra upp de omkring mig som inte \u00e4r s\u00e5 glada.Men ibland blir \u00e4ven jag less. Inte bara p\u00e5 min ekonomiska situation, eller p\u00e5 allt\u2026","rel":"","context":"I \u201dVardagsliv\u201d","block_context":{"text":"Vardagsliv","link":"https:\/\/blogg.fumei.se\/?cat=47"},"img":{"alt_text":"","src":"","width":0,"height":0},"classes":[]},{"id":29,"url":"https:\/\/blogg.fumei.se\/?p=29","url_meta":{"origin":22,"position":1},"title":"Kliar s\u00e5 jag blir tokig!!","author":"M :)","date":"2011-06-20","format":false,"excerpt":"Jag har f\u00e5tt en massa myggbett! Jag brukar aldrig f\u00e5 myggbett annars, men i \u00e5r har jag lyckats f\u00e5 flera stycken redan, och jag har knappt varit utomhus! Tror jag river ihj\u00e4l mig, men det kliar ju bara mer d\u00e5 s\u00e5 f\u00f6rs\u00f6ker l\u00e5ta bli, men det \u00e4r ju l\u00e4ttare sagt\u2026","rel":"","context":"I \u201dVardagsliv\u201d","block_context":{"text":"Vardagsliv","link":"https:\/\/blogg.fumei.se\/?cat=47"},"img":{"alt_text":"","src":"","width":0,"height":0},"classes":[]},{"id":2680,"url":"https:\/\/blogg.fumei.se\/?p=2680","url_meta":{"origin":22,"position":2},"title":"Jag blir bara s\u00e5 tr\u00f6tt&#8230;","author":"M :)","date":"2012-08-16","format":false,"excerpt":"I v\u00e5ras skrev jag ett inl\u00e4gg om hur fel och dumt det blir n\u00e4r felaktiga fakta cirkulerar p\u00e5 bla Facebook. Nu finns det \u00e4nnu en s\u00e5n d\u00e4r idiotgrej, som yttrar sig i att folk delar den h\u00e4r bilden: klicka p\u00e5 bilden om du vill se den i st\u00f6rre format S\u00e5\u2026","rel":"","context":"I \u201dVardagsliv\u201d","block_context":{"text":"Vardagsliv","link":"https:\/\/blogg.fumei.se\/?cat=47"},"img":{"alt_text":"","src":"https:\/\/i0.wp.com\/blogg.fumei.se\/wp-content\/uploads\/2012\/08\/578788_4423456672838_1255093414_n-300x287.jpg?resize=350%2C200","width":350,"height":200},"classes":[]},{"id":300,"url":"https:\/\/blogg.fumei.se\/?p=300","url_meta":{"origin":22,"position":3},"title":"Tjej&#038;Killsnack vecka 7","author":"M :)","date":"2010-02-14","format":false,"excerpt":"\u00a0Vill du ocks\u00e5 vara med? Du hittar Tjejsnack h\u00e4r. Livet 1. Vem skulle du vilja byta liv med f\u00f6r en dag?Nja, trots allt gn\u00e4ll s\u00e5 skulle jag nog inte vilja byta live med n\u00e5gon. I varje fall inte vad jag kan komma p\u00e5 nu. F\u00f6r vad \u00e4r det som s\u00e4ger\u2026","rel":"","context":"I \u201dVardagsliv\u201d","block_context":{"text":"Vardagsliv","link":"https:\/\/blogg.fumei.se\/?cat=47"},"img":{"alt_text":"","src":"","width":0,"height":0},"classes":[]},{"id":211,"url":"https:\/\/blogg.fumei.se\/?p=211","url_meta":{"origin":22,"position":4},"title":"So much to do, so little time&#8230;","author":"M :)","date":"2010-06-23","format":false,"excerpt":"Nu n\u00e4r det \u00e4r klart med uppeh\u00e5llstillst\u00e5nd m\u00e5ste jag: ringa KF och meddela att jag ska bli sambo, och att de m\u00e5ste g\u00f6ra en omr\u00e4kning tills vidare. ringa kommunen och h\u00f6ra hur man g\u00e5r tillv\u00e4ga med integrationsprojektet. kolla med Transportstyrelsen vilka regler som g\u00e4ller f\u00f6r k\u00f6rkort fr\u00e5n CR. skaffa en\u2026","rel":"","context":"I \u201dVardagsliv\u201d","block_context":{"text":"Vardagsliv","link":"https:\/\/blogg.fumei.se\/?cat=47"},"img":{"alt_text":"","src":"","width":0,"height":0},"classes":[]},{"id":2024,"url":"https:\/\/blogg.fumei.se\/?p=2024","url_meta":{"origin":22,"position":5},"title":"Hinklista","author":"M :)","date":"2012-01-07","format":false,"excerpt":"eng. Bucket list. A list of things to do before you die. Comes from the term \"kicked the bucket\". Nej nej nej! Jag ska inte d\u00f6! Lugn och fin...jag ska bara lista n\u00e5gra saker jag skulle vilja g\u00f6ra innan jag trillar av pinnen. Jag radar upp en massa saker h\u00e4r,\u2026","rel":"","context":"I \u201dVardagsliv\u201d","block_context":{"text":"Vardagsliv","link":"https:\/\/blogg.fumei.se\/?cat=47"},"img":{"alt_text":"","src":"","width":0,"height":0},"classes":[]}],"_links":{"self":[{"href":"https:\/\/blogg.fumei.se\/index.php?rest_route=\/wp\/v2\/posts\/22","targetHints":{"allow":["GET"]}}],"collection":[{"href":"https:\/\/blogg.fumei.se\/index.php?rest_route=\/wp\/v2\/posts"}],"about":[{"href":"https:\/\/blogg.fumei.se\/index.php?rest_route=\/wp\/v2\/types\/post"}],"author":[{"embeddable":true,"href":"https:\/\/blogg.fumei.se\/index.php?rest_route=\/wp\/v2\/users\/1"}],"replies":[{"embeddable":true,"href":"https:\/\/blogg.fumei.se\/index.php?rest_route=%2Fwp%2Fv2%2Fcomments&post=22"}],"version-history":[{"count":2,"href":"https:\/\/blogg.fumei.se\/index.php?rest_route=\/wp\/v2\/posts\/22\/revisions"}],"predecessor-version":[{"id":6766,"href":"https:\/\/blogg.fumei.se\/index.php?rest_route=\/wp\/v2\/posts\/22\/revisions\/6766"}],"wp:attachment":[{"href":"https:\/\/blogg.fumei.se\/index.php?rest_route=%2Fwp%2Fv2%2Fmedia&parent=22"}],"wp:term":[{"taxonomy":"category","embeddable":true,"href":"https:\/\/blogg.fumei.se\/index.php?rest_route=%2Fwp%2Fv2%2Fcategories&post=22"},{"taxonomy":"post_tag","embeddable":true,"href":"https:\/\/blogg.fumei.se\/index.php?rest_route=%2Fwp%2Fv2%2Ftags&post=22"}],"curies":[{"name":"wp","href":"https:\/\/api.w.org\/{rel}","templated":true}]}}