{"id":227,"date":"2010-05-19T19:58:00","date_gmt":"2010-05-19T19:58:00","guid":{"rendered":"\/Blogg\/post\/Felia-var-god-droj.aspx"},"modified":"2010-05-19T19:58:00","modified_gmt":"2010-05-19T19:58:00","slug":"felia-var-god-droj","status":"publish","type":"post","link":"https:\/\/blogg.fumei.se\/?p=227","title":{"rendered":"Felia, var god dr\u00f6j&#8230;"},"content":{"rendered":"<p style=\"text-align: left;\">Jag &auml;r relativt n&ouml;jd med dem &auml;nd&aring;. Men ibland g&ouml;r de ju riktiga grodor. Som nu, med mitt digital-tv-abbonemang. Som jag ju sade upp i Oktober.<br \/>I December slutade vi s&aring; kunna se tv via dekodern, s&aring; vi plockade undan den och ser nu bara de kanaler som ing&aring;r i hyran h&auml;r. Frid och fr&ouml;jd, pengar sparade. Eller nej. Tydligen inte, f&ouml;r h&auml;romdagen n&auml;r den nya r&auml;kningen f&ouml;r bredbandet damp ner i brevl&aring;dan, d&aring; fanns d&auml;r &auml;ven en kortavgift f&ouml;r digital-tv!<br \/>Jag ringde Telia och f&ouml;rklarade hur det ligger till, och hon som ja talade med sa att det uppenbarligen blivit n&aring;got fel och att hon skulle plocka bort den avgiften enast. Tack sa jag.<\/p>\n<p>Idag kom det ett nytt brev fr&aring;n Telia. D&auml;r st&aring;r:<br \/>&#8221;Vi har tagit emot din beg&auml;ran om upps&auml;gning av Telia Digital-TV. Upps&auml;gningstiden f&ouml;r TDTV &auml;r tre m&aring;nader. Det inneb&auml;r att vi kommer att st&auml;nga abbonemanget tre m&aring;nader efter att vi tagit mot din beg&auml;ran om upps&auml;gning, om du inte &ouml;nskat ett senare datum.<br \/>Bla bla bla bla bla&#8230;..<br \/>Om du har n&aring;gra fr&aring;gor &auml;r du v&auml;lkommen att kontakta kundtj&auml;nst per telefon.&#8221;<\/p>\n<p>Eh? Det var ju det jag gjorde. Jag <em>vill inte<\/em> betala f&ouml;r Telia Digital-TV i tre m&aring;nader! Jag kan ju inte ens se kanalerna l&auml;ngre, och jag har inte kunnat det under de senaste sex m&aring;naderna. <strong>Vad &auml;r det som &auml;r s&aring; sv&aring;rt att f&ouml;rst&aring;??<\/strong><\/p>\n<p style=\"text-align: center;\"><img decoding=\"async\" src=\"\/blogg\/image.axd?picture=2010%2f5%2ffelia.jpg\" alt=\"\" \/><\/p>\n","protected":false},"excerpt":{"rendered":"<p>Jag &auml;r relativt n&ouml;jd med dem &auml;nd&aring;. Men ibland g&ouml;r de ju riktiga grodor. Som nu, med mitt digital-tv-abbonemang. Som jag ju sade upp i Oktober.I December slutade vi s&aring; kunna se tv via dekodern, s&aring; vi plockade undan den och ser nu bara de kanaler som ing&aring;r i hyran h&auml;r. Frid och fr&ouml;jd, pengar&#8230;<\/p>\n","protected":false},"author":1,"featured_media":0,"comment_status":"open","ping_status":"open","sticky":false,"template":"","format":"standard","meta":{"jetpack_post_was_ever_published":false,"_jetpack_newsletter_access":"","_jetpack_dont_email_post_to_subs":false,"_jetpack_newsletter_tier_id":0,"_jetpack_memberships_contains_paywalled_content":false,"_jetpack_memberships_contains_paid_content":false,"footnotes":"","jetpack_publicize_message":"","jetpack_publicize_feature_enabled":true,"jetpack_social_post_already_shared":false,"jetpack_social_options":{"image_generator_settings":{"template":"highway","default_image_id":0,"font":"","enabled":false},"version":2}},"categories":[47],"tags":[],"class_list":["post-227","post","type-post","status-publish","format-standard","hentry","category-vardagsliv"],"jetpack_publicize_connections":[],"jetpack_featured_media_url":"","jetpack_shortlink":"https:\/\/wp.me\/p3qko4-3F","jetpack_sharing_enabled":true,"jetpack_likes_enabled":true,"jetpack-related-posts":[{"id":901,"url":"https:\/\/blogg.fumei.se\/?p=901","url_meta":{"origin":227,"position":0},"title":"Tjejsnack vecka 2, 2009","author":"M :)","date":"2009-04-19","format":false,"excerpt":"Milo har startat upp Tjejsnack igen! J J\u00e4ttekul! Jag hade t\u00e4nkt vara med fr\u00e5n b\u00f6rjan, men av n\u00e5gon anledning kom det hela tiden n\u00e5got annt emellan n\u00e4r jag skulle skriva mina svar p\u00e5 f\u00f6rra veckans fr\u00e5gor, s\u00e5 jag g\u00f6r ett seri\u00f6st f\u00f6rs\u00f6k den h\u00e4r veckan ist\u00e4llet. Here goes: 1. Vad\u2026","rel":"","context":"I \u201dVardagsliv\u201d","block_context":{"text":"Vardagsliv","link":"https:\/\/blogg.fumei.se\/?cat=47"},"img":{"alt_text":"","src":"","width":0,"height":0},"classes":[]},{"id":660,"url":"https:\/\/blogg.fumei.se\/?p=660","url_meta":{"origin":227,"position":1},"title":"TV-kr\u00e5ngel","author":"M :)","date":"2008-11-18","format":false,"excerpt":"Av n\u00e5gon outgrundlig anledning slutade min digitaltv-anslutning att fungera ig\u00e5r kv\u00e4ll. Jag gjorde en omstar av box och aalt s\u00e5nt d\u00e4r som de s\u00e4ger att man ska g\u00f6ra, men \u00e4nd\u00e5 funkade det inte. Gjorde en ny omstart i morse, och fortfarande svart. S\u00e5 nu ringde jag nyss till Telia f\u00f6r\u2026","rel":"","context":"I \u201dVardagsliv\u201d","block_context":{"text":"Vardagsliv","link":"https:\/\/blogg.fumei.se\/?cat=47"},"img":{"alt_text":"","src":"","width":0,"height":0},"classes":[]},{"id":986,"url":"https:\/\/blogg.fumei.se\/?p=986","url_meta":{"origin":227,"position":2},"title":"Tjejsnack vecka 25","author":"M :)","date":"2009-06-14","format":false,"excerpt":"Och s\u00e5 var vi \u00e4ntligen framme vid det aktuella Tjejsnacket!Vill du ocks\u00e5 vara med? Du hittar fr\u00e5gorna h\u00e4r.Telefon1. Vad har du f\u00f6r operat\u00f6r p\u00e5 din hemtelefon\/mobil, om du har b\u00e5da?Jag har Telia till b\u00e5de hemtelefonen och mobilen.2. Vad pratade du om i ditt senaste telefonsamtal?Att jag ville att barnen skulle\u2026","rel":"","context":"I \u201dVardagsliv\u201d","block_context":{"text":"Vardagsliv","link":"https:\/\/blogg.fumei.se\/?cat=47"},"img":{"alt_text":"","src":"","width":0,"height":0},"classes":[]},{"id":637,"url":"https:\/\/blogg.fumei.se\/?p=637","url_meta":{"origin":227,"position":3},"title":"Imorgon","author":"M :)","date":"2008-11-30","format":false,"excerpt":"har jag tre saker att g\u00f6ra. F\u00f6rutom att jobba, d\u00e5. Jag ska: ringa telias internetsupport och f\u00e5 dem att hj\u00e4lpa mig f\u00e5 ig\u00e5ng router-skiten igen. (Fattar inte varf\u00f6r det ska kr\u00e5ngla, n\u00e4r det funkade s\u00e5 bra innan?) kolla upp distansutbildningar f\u00f6r Ma A & B samt Samh\u00e4llskunskap. (Jag beh\u00f6ver det\u2026","rel":"","context":"I \u201dVardagsliv\u201d","block_context":{"text":"Vardagsliv","link":"https:\/\/blogg.fumei.se\/?cat=47"},"img":{"alt_text":"","src":"","width":0,"height":0},"classes":[]},{"id":2396,"url":"https:\/\/blogg.fumei.se\/?p=2396","url_meta":{"origin":227,"position":4},"title":"Shiny toys","author":"M :)","date":"2012-06-06","format":false,"excerpt":"Jag har k\u00f6pt en ny mobil. Hade ju en bra en; Samsung Galaxy Mini, men tanten b\u00f6rjar bli gammal och ser inte lika bra som f\u00f6rr. (Ja nu har jag ju haft glas\u00f6gon sen runt 1980 eller s\u00e5, men \u00e4nd\u00e5...) S\u00e5 jag ville ju g\u00e4rna uppgradera till en lite st\u00f6rre\u2026","rel":"","context":"I \u201dVardagsliv\u201d","block_context":{"text":"Vardagsliv","link":"https:\/\/blogg.fumei.se\/?cat=47"},"img":{"alt_text":"","src":"","width":0,"height":0},"classes":[]},{"id":952,"url":"https:\/\/blogg.fumei.se\/?p=952","url_meta":{"origin":227,"position":5},"title":"Inte nu igen&#8230;","author":"M :)","date":"2009-05-10","format":false,"excerpt":"Vaknar, g\u00e5r upp, fixar kaffe och s\u00e5 s\u00e4tter jag mig vid datorn f\u00f6r att ha en liten stund f\u00f6r mig sj\u00e4lv innan ton\u00e5ringarna b\u00f6rjar komma till liv.Ser att tr\u00e5dl\u00f6sa anslutningen inte kopplar upp, kollar modemet, startar om modem och router, fortfarande ingen kontakt.Fels\u00f6ker p\u00e5 Telias hemsida, f\u00e5r besked att det\u2026","rel":"","context":"I \u201dVardagsliv\u201d","block_context":{"text":"Vardagsliv","link":"https:\/\/blogg.fumei.se\/?cat=47"},"img":{"alt_text":"","src":"","width":0,"height":0},"classes":[]}],"_links":{"self":[{"href":"https:\/\/blogg.fumei.se\/index.php?rest_route=\/wp\/v2\/posts\/227","targetHints":{"allow":["GET"]}}],"collection":[{"href":"https:\/\/blogg.fumei.se\/index.php?rest_route=\/wp\/v2\/posts"}],"about":[{"href":"https:\/\/blogg.fumei.se\/index.php?rest_route=\/wp\/v2\/types\/post"}],"author":[{"embeddable":true,"href":"https:\/\/blogg.fumei.se\/index.php?rest_route=\/wp\/v2\/users\/1"}],"replies":[{"embeddable":true,"href":"https:\/\/blogg.fumei.se\/index.php?rest_route=%2Fwp%2Fv2%2Fcomments&post=227"}],"version-history":[{"count":0,"href":"https:\/\/blogg.fumei.se\/index.php?rest_route=\/wp\/v2\/posts\/227\/revisions"}],"wp:attachment":[{"href":"https:\/\/blogg.fumei.se\/index.php?rest_route=%2Fwp%2Fv2%2Fmedia&parent=227"}],"wp:term":[{"taxonomy":"category","embeddable":true,"href":"https:\/\/blogg.fumei.se\/index.php?rest_route=%2Fwp%2Fv2%2Fcategories&post=227"},{"taxonomy":"post_tag","embeddable":true,"href":"https:\/\/blogg.fumei.se\/index.php?rest_route=%2Fwp%2Fv2%2Ftags&post=227"}],"curies":[{"name":"wp","href":"https:\/\/api.w.org\/{rel}","templated":true}]}}