{"id":2324,"date":"2012-05-09T06:55:58","date_gmt":"2012-05-09T04:55:58","guid":{"rendered":"http:\/\/blogg.fumei.se\/?p=2324"},"modified":"2012-05-09T06:55:58","modified_gmt":"2012-05-09T04:55:58","slug":"bokrecension-alias-grace","status":"publish","type":"post","link":"https:\/\/blogg.fumei.se\/?p=2324","title":{"rendered":"Bokrecension: Alias Grace"},"content":{"rendered":"<p><strong>Alias Grace &#8211; Margaret Atwood<\/strong><br \/>\nBaksidestext:<br \/>\n<em>Var Grace Marks en dj\u00e4vul i kvinnoskepnad, en femme fatale, den verkliga m\u00f6rdaren? Eller var hon en svag, naiv och dum flicka som l\u00e4t sig utnyttjas? Doktor Simon Jordan, en spirande ber\u00f6mdhet inom sinnessjukv\u00e5rden och dessutom expert p\u00e5 minnesf\u00f6rlust skall finna sanningen om Grace. &#8211; Om hur sex, v\u00e5ld och klass pr\u00e4glar ett samh\u00e4lle.<\/em><\/p>\n<p>Min f\u00f6rsta Atwood. Jag hade h\u00f6rt mycket gott om henne fr\u00e5n andra, s\u00e5 jag var v\u00e4ldigt sp\u00e4nd p\u00e5 den h\u00e4r boken, speciellt som den har en historisk inriktning.<br \/>\nAlias Grace \u00e4r en fiktiv ber\u00e4ttelse som grundar sig p\u00e5 en sann h\u00e4ndelse.<\/p>\n<p>Grace Marks var en 16-\u00e5rig flicka som immigrerat till Canada fr\u00e5n Irland, och som jobbade som hembitr\u00e4de. 1843 blev Grace d\u00f6md f\u00f6r mord p\u00e5 sin arbetsgivare Thomas Kinnear och hans \u00e4lskarinna Nancy Montgomery. Grace och hennes f\u00f6rmodade medbrottsling, James McDermott, som ocks\u00e5 arbetade f\u00f6r Kinnear, d\u00f6mdes b\u00e5da till d\u00f6den genom h\u00e4ngning, men Grace dom blev ist\u00e4llet omvandlad till f\u00e4ngelse pga hennes \u00e5lder och pga att man inte riktigt kunde enas om att hon verkligen beg\u00e5tt ett brott.<br \/>\nMan skickade Grace till ett sinnessjukhus (d\u00e5rhus, p\u00e5 ren svenska), och tillbringade de f\u00f6ljande 30 \u00e5ren p\u00e5 olika institutioner och f\u00e4ngelser.<\/p>\n<p>I boken ber\u00e4ttar Grace sin historia f\u00f6r Simon Jordan, en ung l\u00e4kare som forskar i mental h\u00e4lsa, och som f\u00f6rs\u00f6ker hj\u00e4lpa Grace genom samtal f\u00f6r att f\u00e5 veta vad som h\u00e4nde, eftersom Grace vid r\u00e4tteg\u00e5ngen l\u00e4mnade flera olika redog\u00f6relser. .Man f\u00e5r aldrig veta om Grace var skyldig eller inte, om hon deltog i morden med eller mot sin vilja. Men allteftersom ber\u00e4ttelsen forts\u00e4tter b\u00f6rjar man tycka mer om Grace n\u00e4r hon ber\u00e4ttar om sitt liv och hur hon hamnat d\u00e4r hon \u00e4r. Men n\u00e4r hon kommer till morden f\u00e5r man inga riktigta svar, f\u00f6r det Grace beskriver som sina minnen fr\u00e5n den tiden kan lika g\u00e4rna vara verkliga h\u00e4ndelser som dr\u00f6mmar.<\/p>\n<p>Efter 30 \u00e5r p\u00e5 anstalt blev Grace ben\u00e5dad som en f\u00f6ljd av gott uppf\u00f6rande och att m\u00e5nga m\u00e4nniskor fortfarande menade att hon var oskyldig, och hon flyttade till New York. Vad som h\u00e4nde henne efter det \u00e4r ok\u00e4nt, men bokens slut \u00e4r ett fint och bra &#8221;s\u00e5 kunde det ha varit&#8221;-slut. \u00c4nnu idag vet man inte om Grace var skydlig till det hon anklagades f\u00f6r.<\/p>\n<p>En fascinerande ber\u00e4ttelse; v\u00e4lskriven, m\u00e5lande och f\u00e4ngslande.<br \/>\nKapitlen \u00e4r separerade av quiltm\u00f6nster, och v\u00e4xlar melland Grace, som ber\u00e4ttar i jag-form och Simon, vars historia beskrivs i tredje person. Varje kapitel inleds med utdrag ur de verkliga r\u00e4tteg\u00e5ngsdokumenten.<\/p>\n<p>Tyv\u00e4rr finns det en del av boken som jag g\u00e4rna velat l\u00e4sa mer om: g\u00e5rdfarihandlaren Jeremiah. Man f\u00f6rst\u00e5r redan tidit att han kommer att spela en viktig roll i Grace liv, men just villken roll \u00e4r ganska sv\u00e5rt att s\u00e4tta fingret p\u00e5. Det k\u00e4nns som att just den delen av boken \u00e4r oavslutad.<\/p>\n<p><em><a href=\"http:\/\/elilaserochskriver.wordpress.com\/\" target=\"_blank\">\u00a0Eli l\u00e4ser och skriver<\/a> har ocks\u00e5 l\u00e4st Alias Grace.<\/em><\/p>\n","protected":false},"excerpt":{"rendered":"<p>Alias Grace &#8211; Margaret Atwood Baksidestext: Var Grace Marks en dj\u00e4vul i kvinnoskepnad, en femme fatale, den verkliga m\u00f6rdaren? Eller var hon en svag, naiv och dum flicka som l\u00e4t sig utnyttjas? Doktor Simon Jordan, en spirande ber\u00f6mdhet inom sinnessjukv\u00e5rden och dessutom expert p\u00e5 minnesf\u00f6rlust skall finna sanningen om Grace. &#8211; Om hur sex, v\u00e5ld&#8230;<\/p>\n","protected":false},"author":1,"featured_media":0,"comment_status":"open","ping_status":"open","sticky":false,"template":"","format":"standard","meta":{"jetpack_post_was_ever_published":false,"_jetpack_newsletter_access":"","_jetpack_dont_email_post_to_subs":false,"_jetpack_newsletter_tier_id":0,"_jetpack_memberships_contains_paywalled_content":false,"_jetpack_memberships_contains_paid_content":false,"footnotes":"","jetpack_publicize_message":"","jetpack_publicize_feature_enabled":true,"jetpack_social_post_already_shared":false,"jetpack_social_options":{"image_generator_settings":{"template":"highway","default_image_id":0,"font":"","enabled":false},"version":2}},"categories":[29],"tags":[45,37],"class_list":["post-2324","post","type-post","status-publish","format-standard","hentry","category-bocker-och-lasning","tag-bocker","tag-recension"],"jetpack_publicize_connections":[],"jetpack_featured_media_url":"","jetpack_shortlink":"https:\/\/wp.me\/p3qko4-Bu","jetpack_sharing_enabled":true,"jetpack_likes_enabled":true,"jetpack-related-posts":[{"id":20,"url":"https:\/\/blogg.fumei.se\/?p=20","url_meta":{"origin":2324,"position":0},"title":"Bokrecension: Boktjuven","author":"M :)","date":"2011-08-16","format":false,"excerpt":"\u00a0 \"Boktjuven\" av Markus Zusak N\u00e4r d\u00f6den ber\u00e4ttar en historia, m\u00e5ste du lyssna. Det \u00e4r egentligen bara en liten historia som, bland annat, handlar om: en flicka, n\u00e5gra ord, en dragspelare, n\u00e5gra fanatiska tyskar, en judisk slagsk\u00e4mpe och en hel del st\u00f6lder. Tyskland 1939. Landet h\u00e5ller andan. D\u00f6den har aldrig\u2026","rel":"","context":"I \u201dB\u00f6cker och l\u00e4sning\u201d","block_context":{"text":"B\u00f6cker och l\u00e4sning","link":"https:\/\/blogg.fumei.se\/?cat=29"},"img":{"alt_text":"","src":"https:\/\/i0.wp.com\/blogg.fumei.se\/wp-content\/uploads\/2011\/08\/boktjuven.png?resize=350%2C200","width":350,"height":200},"classes":[]},{"id":888,"url":"https:\/\/blogg.fumei.se\/?p=888","url_meta":{"origin":2324,"position":1},"title":"Bokrecension &#8221;L\u00e5t den r\u00e4tte komma in&#8221;","author":"M :)","date":"2009-04-30","format":false,"excerpt":"Bokens baksida: N\u00e4r det ofattbara kommer till Blackeberg \u00e4r det f\u00f6rst ingen som m\u00e4rker n\u00e5got. Det \u00e4r senh\u00f6st 1981 och livet i f\u00f6rorten p\u00e5g\u00e5r som vanligt. Men n\u00e4r kroppen av en ton\u00e5rig pojke, t\u00f6md p\u00e5 blod, hittas i n\u00e4rliggande V\u00e4llingby b\u00f6rjar rykten om ritualmord sprida sig, inte minst p\u00e5 l\u00f6psedlarna.\u2026","rel":"","context":"I \u201dB\u00f6cker och l\u00e4sning\u201d","block_context":{"text":"B\u00f6cker och l\u00e4sning","link":"https:\/\/blogg.fumei.se\/?cat=29"},"img":{"alt_text":"","src":"","width":0,"height":0},"classes":[]},{"id":3454,"url":"https:\/\/blogg.fumei.se\/?p=3454","url_meta":{"origin":2324,"position":2},"title":"Idag fyller vi \u00e5r!","author":"M :)","date":"2015-01-17","format":false,"excerpt":"Vi b\u00f6rjar med att hurra f\u00f6r den h\u00e4r killen: Hipp hurra f\u00f6r Victor idag p\u00e5 din 6-\u00e5rsdag! GRATTIS \u00f6nskar faster, farmor, farfar, Robin, Fia, Linus och Juliah. Och ja, det \u00e4r ju faktiskt min f\u00f6delsedag ocks\u00e5, s\u00e5 hurra och grattis till mig ocks\u00e5! N\u00e5gra andra som fyller \u00e5r idag \u00e4r\u2026","rel":"","context":"I \u201dVardagsliv\u201d","block_context":{"text":"Vardagsliv","link":"https:\/\/blogg.fumei.se\/?cat=47"},"img":{"alt_text":"Victor6-emeff2015","src":"https:\/\/i0.wp.com\/blogg.fumei.se\/wp-content\/uploads\/2015\/01\/Victor6-emeff2015.jpg?resize=350%2C200","width":350,"height":200,"srcset":"https:\/\/i0.wp.com\/blogg.fumei.se\/wp-content\/uploads\/2015\/01\/Victor6-emeff2015.jpg?resize=350%2C200 1x, https:\/\/i0.wp.com\/blogg.fumei.se\/wp-content\/uploads\/2015\/01\/Victor6-emeff2015.jpg?resize=525%2C300 1.5x"},"classes":[]},{"id":1243,"url":"https:\/\/blogg.fumei.se\/?p=1243","url_meta":{"origin":2324,"position":3},"title":"Bokrecension &#8211; Ficktjuven","author":"M :)","date":"2010-01-02","format":false,"excerpt":"Baksidestext: London 1862. Susan Trinder \u00e4r en enkel flicka fr\u00e5n en familj av sm\u00e5tjuvar och h\u00e4lare i Southwark, s\u00f6der om Themsen. Den enda mor hon haft \u00e4r Mrs Sucksby, en dam som tar emot sp\u00e4dbarn och uppfostrar dem p\u00e5 sitt eget speciella vis. En kv\u00e4ll kommer dock en v\u00e4n p\u00e5\u2026","rel":"","context":"I \u201dB\u00f6cker och l\u00e4sning\u201d","block_context":{"text":"B\u00f6cker och l\u00e4sning","link":"https:\/\/blogg.fumei.se\/?cat=29"},"img":{"alt_text":"","src":"","width":0,"height":0},"classes":[]},{"id":132,"url":"https:\/\/blogg.fumei.se\/?p=132","url_meta":{"origin":2324,"position":4},"title":"Graveyard Waltz","author":"M :)","date":"2011-01-05","format":false,"excerpt":"Dagen f\u00f6rsvann i ett nafs! B\u00f6rjade med att ta lite sovmorgon, tyckte att jag f\u00f6rtj\u00e4nade det efter att vi hade hejdl\u00f6st mycket att g\u00f6ra ig\u00e5r kv\u00e4ll p\u00e5 jobet. Sen l\u00e4ste jag ut \"Pride and prejudice and zombies\" och vinkade av J som skulle in till stan p\u00e5 m\u00f6te med Nyf\u00f6retagarcentrum.D\u00e4refter\u2026","rel":"","context":"I \u201dVardagsliv\u201d","block_context":{"text":"Vardagsliv","link":"https:\/\/blogg.fumei.se\/?cat=47"},"img":{"alt_text":"","src":"","width":0,"height":0},"classes":[]},{"id":1100,"url":"https:\/\/blogg.fumei.se\/?p=1100","url_meta":{"origin":2324,"position":5},"title":"Det f\u00e5r bli en lista","author":"M :)","date":"2009-09-20","format":false,"excerpt":"f\u00f6r att bota rastl\u00f6sheten. Allting ska b\u00f6rja p\u00e5 samma bokstav som ditt namn b\u00f6rjar p\u00e5. Here goes: Mat: Makaronil\u00e5daTecknad seriefigur: Musse (Pigg) Aff\u00e4r: Mor & Liten Stad: Malm\u00f6 M\u00e4rke: Maybelline Adjektiv: Mjuk Efternamn: Magnusson K\u00e4ndis: Marisa Tomei Verb: Mysa TV-program: Morden\u00a0i Midsomer Hemsida: MySpace.comBok: M is for MagicDisneyfilm: Micke och\u2026","rel":"","context":"I \u201dVardagsliv\u201d","block_context":{"text":"Vardagsliv","link":"https:\/\/blogg.fumei.se\/?cat=47"},"img":{"alt_text":"","src":"","width":0,"height":0},"classes":[]}],"_links":{"self":[{"href":"https:\/\/blogg.fumei.se\/index.php?rest_route=\/wp\/v2\/posts\/2324","targetHints":{"allow":["GET"]}}],"collection":[{"href":"https:\/\/blogg.fumei.se\/index.php?rest_route=\/wp\/v2\/posts"}],"about":[{"href":"https:\/\/blogg.fumei.se\/index.php?rest_route=\/wp\/v2\/types\/post"}],"author":[{"embeddable":true,"href":"https:\/\/blogg.fumei.se\/index.php?rest_route=\/wp\/v2\/users\/1"}],"replies":[{"embeddable":true,"href":"https:\/\/blogg.fumei.se\/index.php?rest_route=%2Fwp%2Fv2%2Fcomments&post=2324"}],"version-history":[{"count":8,"href":"https:\/\/blogg.fumei.se\/index.php?rest_route=\/wp\/v2\/posts\/2324\/revisions"}],"predecessor-version":[{"id":2338,"href":"https:\/\/blogg.fumei.se\/index.php?rest_route=\/wp\/v2\/posts\/2324\/revisions\/2338"}],"wp:attachment":[{"href":"https:\/\/blogg.fumei.se\/index.php?rest_route=%2Fwp%2Fv2%2Fmedia&parent=2324"}],"wp:term":[{"taxonomy":"category","embeddable":true,"href":"https:\/\/blogg.fumei.se\/index.php?rest_route=%2Fwp%2Fv2%2Fcategories&post=2324"},{"taxonomy":"post_tag","embeddable":true,"href":"https:\/\/blogg.fumei.se\/index.php?rest_route=%2Fwp%2Fv2%2Ftags&post=2324"}],"curies":[{"name":"wp","href":"https:\/\/api.w.org\/{rel}","templated":true}]}}