{"id":233,"date":"2010-05-11T18:54:00","date_gmt":"2010-05-11T18:54:00","guid":{"rendered":"\/Blogg\/post\/Vad-sa-du-sa-du.aspx"},"modified":"2010-05-11T18:54:00","modified_gmt":"2010-05-11T18:54:00","slug":"vad-sa-du-sa-du","status":"publish","type":"post","link":"https:\/\/blogg.fumei.se\/?p=233","title":{"rendered":"Vad sa du, sa du?"},"content":{"rendered":"<p>&Ouml;vertrakasserat konto, korrigerad pl&aring;t och en l&auml;ppsyl. Pedistal, interjuv, falmsk&auml;rm, hallelulja, brambil och h&auml;stift. &Auml;rligt talat, det &auml;r inte konstigt att barn och ungdomar idag inte kan prata och skriva ordentlit n&auml;r vi vuxna inte kan det. Eller f&ouml;rresten, &#8221;vi&#8221; &#8211; jag &auml;r ju lite spr&aring;kpolis, s&aring; jag s&auml;ger faktiskt inte just de h&auml;r orden p&aring; s&aring; h&auml;r. Andra kanske, men om jag &auml;r os&auml;ker s&aring; kollar jag upp det r&auml;tta uttalet. Ett v&aring;rdat spr&aring;k inneb&auml;r inte bara att man ska l&aring;ta bli att sv&auml;ra och undvika slang och ord som typ, liksom, &ouml;h eller va i var och varannan mening. (Fast det g&ouml;r jag. Ofta.)<\/p>\n<p>&Auml;nnu v&auml;rre blir det n&auml;r man l&auml;ser ins&auml;ndare eller artiklar i tidningar, d&auml;r man vet att texten har korrekturl&auml;sts innan den g&aring;tt i tryck. Har man inte korrekt svenska som grundkrav f&ouml;r att f&aring; jobb som korrekturl&auml;sare idag?<br \/>Det &auml;r helt okej att sm&aring; barn s&auml;ger fel, men n&auml;r dessa barn blir &auml;ldre borde l&auml;rare och andra vixna (som kan) r&auml;tta dem s&aring; att de l&auml;r om och l&auml;r r&auml;tt. Eller g&ouml;r man inte s&aring; vad g&auml;ller andra saker som folk har fel uppfattning om?<\/p>\n<p>Om nu n&aring;gon som l&auml;ser detta vet med sig att han\/hon s&auml;ger fel, s&aring; ta f&ouml;r all del inte detta som ett p&aring;hopp, mera som en liten fin vink. Jag ville bara beklaga mig lite.<\/p>\n<p><strong>EDIT:<\/strong> Och som Emma s&aring; sn&auml;llt (ehum)&nbsp;p&aring;pekade s&aring; &auml;r inte heller jag felfri&#8230;(&aring; andra sidan s&auml;ger jag inte &#8221;vixen&#8221;. Det var fingret som slant.)<\/p>\n","protected":false},"excerpt":{"rendered":"<p>&Ouml;vertrakasserat konto, korrigerad pl&aring;t och en l&auml;ppsyl. Pedistal, interjuv, falmsk&auml;rm, hallelulja, brambil och h&auml;stift. &Auml;rligt talat, det &auml;r inte konstigt att barn och ungdomar idag inte kan prata och skriva ordentlit n&auml;r vi vuxna inte kan det. Eller f&ouml;rresten, &#8221;vi&#8221; &#8211; jag &auml;r ju lite spr&aring;kpolis, s&aring; jag s&auml;ger faktiskt inte just de h&auml;r orden&#8230;<\/p>\n","protected":false},"author":1,"featured_media":0,"comment_status":"open","ping_status":"open","sticky":false,"template":"","format":"standard","meta":{"jetpack_post_was_ever_published":false,"_jetpack_newsletter_access":"","_jetpack_dont_email_post_to_subs":false,"_jetpack_newsletter_tier_id":0,"_jetpack_memberships_contains_paywalled_content":false,"_jetpack_memberships_contains_paid_content":false,"footnotes":"","jetpack_publicize_message":"","jetpack_publicize_feature_enabled":true,"jetpack_social_post_already_shared":false,"jetpack_social_options":{"image_generator_settings":{"template":"highway","default_image_id":0,"font":"","enabled":false},"version":2}},"categories":[47],"tags":[],"class_list":["post-233","post","type-post","status-publish","format-standard","hentry","category-vardagsliv"],"jetpack_publicize_connections":[],"jetpack_featured_media_url":"","jetpack_shortlink":"https:\/\/wp.me\/p3qko4-3L","jetpack_sharing_enabled":true,"jetpack_likes_enabled":true,"jetpack-related-posts":[{"id":810,"url":"https:\/\/blogg.fumei.se\/?p=810","url_meta":{"origin":233,"position":0},"title":"Bokrecension &#8211; Svindlande H\u00f6jder","author":"M :)","date":"2009-01-15","format":false,"excerpt":"Ja, Kerstin, nu har jag \u00e4ntligen l\u00e4st den, och nu ska jag f\u00f6rs\u00f6ka mig p\u00e5 att sammanfatta och tycka.Vet inte riktigt vad jag ska s\u00e4ga om den h\u00e4r boken egentligen. Jag b\u00f6rjade l\u00e4sa den p\u00e5 engelska, eftersom jag tycker om att l\u00e4sa engelska b\u00f6cker p\u00e5 originalspr\u00e5ket. Om jag kunde fler\u2026","rel":"","context":"I \u201dB\u00f6cker och l\u00e4sning\u201d","block_context":{"text":"B\u00f6cker och l\u00e4sning","link":"https:\/\/blogg.fumei.se\/?cat=29"},"img":{"alt_text":"","src":"","width":0,"height":0},"classes":[]},{"id":1134,"url":"https:\/\/blogg.fumei.se\/?p=1134","url_meta":{"origin":233,"position":1},"title":"Jobba, jobba, jobba&#8230;","author":"M :)","date":"2009-09-05","format":false,"excerpt":"Ja det k\u00e4nns som om jag inte g\u00f6r mycket annat \u00e4n jobbar. Men f\u00f6rhoppningsvis v\u00e4ger de extrapass jag jobbat den h\u00e4r veckan upp f\u00f6r sjukskrivningen f\u00f6rra veckan, s\u00e5 att jag inte f\u00f6rlorar alldeles f\u00f6r mycket p\u00e5 det. Nu \u00e4r jag i alla fall ledig. L\u00e5nghelg. L\u00f6rdag, S\u00f6ndag och M\u00e5ndag. Fast\u2026","rel":"","context":"I \u201dVardagsliv\u201d","block_context":{"text":"Vardagsliv","link":"https:\/\/blogg.fumei.se\/?cat=47"},"img":{"alt_text":"","src":"","width":0,"height":0},"classes":[]},{"id":426,"url":"https:\/\/blogg.fumei.se\/?p=426","url_meta":{"origin":233,"position":2},"title":"\u00c4nnu ett inl\u00e4gg i debatten","author":"M :)","date":"2008-07-24","format":false,"excerpt":"om stavning och spr\u00e5kbruk.Eftersom jag, precis som min bror\u00a0har v\u00e4ldigt sv\u00e5rt f\u00f6r folk som inte kan skriva n\u00e5gorlunda ordentlig svenska ist\u00e4llet f\u00f6r att anv\u00e4nda sig av sk MSN-spr\u00e5k, s\u00e5 f\u00f6ljer h\u00e4r ett litet utdrag ur en text jag hittat p\u00e5 n\u00e4tet:1. R\u00e4ttstavning I dagens l\u00e4ge finns faktiskt ingen urs\u00e4kt f\u00f6r\u2026","rel":"","context":"I \u201dVardagsliv\u201d","block_context":{"text":"Vardagsliv","link":"https:\/\/blogg.fumei.se\/?cat=47"},"img":{"alt_text":"","src":"","width":0,"height":0},"classes":[]},{"id":616,"url":"https:\/\/blogg.fumei.se\/?p=616","url_meta":{"origin":233,"position":3},"title":"En lista ingen beh\u00f6ver sno","author":"M :)","date":"2008-10-14","format":false,"excerpt":"Mina arbetskamrater tyckte att jag var s\u00e5 fin idag n\u00e4r jag hade mitt nya mineralpuder i ansiktet (som gjorde att jag inte s\u00e5g ut som ett sp\u00f6ke utan lite mer som om jag hade suttit ute i h\u00f6stsolen och f\u00e5tt lite f\u00e4rg p\u00e5 kinderna), s\u00e5 jag skojade lite och sa\u2026","rel":"","context":"I \u201dVardagsliv\u201d","block_context":{"text":"Vardagsliv","link":"https:\/\/blogg.fumei.se\/?cat=47"},"img":{"alt_text":"","src":"","width":0,"height":0},"classes":[]},{"id":964,"url":"https:\/\/blogg.fumei.se\/?p=964","url_meta":{"origin":233,"position":4},"title":"En kort filmrecension","author":"M :)","date":"2009-05-01","format":false,"excerpt":"Idag s\u00e5g jag \"L\u00e5t den r\u00e4tte komma in\". Filmen, allts\u00e5. Kunde inte h\u00e5lla mig l\u00e4ngre nu n\u00e4r jag har l\u00e4st boken. Men, som vanligt (h\u00f6ll jag p\u00e5 att skriva) s\u00e5 v\u00e4ljer jag boken f\u00f6re filmen. Visserligen \u00e4r filmen bra, men f\u00f6r den som har l\u00e4st boken \u00e4r det m\u00e5nga scener\u2026","rel":"","context":"I \u201dVardagsliv\u201d","block_context":{"text":"Vardagsliv","link":"https:\/\/blogg.fumei.se\/?cat=47"},"img":{"alt_text":"","src":"","width":0,"height":0},"classes":[]},{"id":3225,"url":"https:\/\/blogg.fumei.se\/?p=3225","url_meta":{"origin":233,"position":5},"title":"Stillast\u00e5ende","author":"M :)","date":"2014-02-14","format":false,"excerpt":"Badrumsrenoveringen p\u00e5g\u00e5r fortfarande, fast senaste veckan har det inte h\u00e4nt ett smack. N\u00e4r hantverkarna var h\u00e4r uppt\u00e4ckte de att det bokstavligt talat rann fukt utmed v\u00e4ggarna, s\u00e5 de sa till v\u00e4rden att de inte kunde g\u00f6ra n\u00e5got f\u00f6rr\u00e4n det hade torkat. Han tyckte att de bara skulle k\u00f6ra p\u00e5, men\u2026","rel":"","context":"I \u201dHemmet\u201d","block_context":{"text":"Hemmet","link":"https:\/\/blogg.fumei.se\/?cat=31"},"img":{"alt_text":"2014-02-14 13.17.07","src":"https:\/\/i0.wp.com\/blogg.fumei.se\/wp-content\/uploads\/2014\/02\/2014-02-14-13.17.07.jpg?resize=350%2C200","width":350,"height":200,"srcset":"https:\/\/i0.wp.com\/blogg.fumei.se\/wp-content\/uploads\/2014\/02\/2014-02-14-13.17.07.jpg?resize=350%2C200 1x, https:\/\/i0.wp.com\/blogg.fumei.se\/wp-content\/uploads\/2014\/02\/2014-02-14-13.17.07.jpg?resize=525%2C300 1.5x"},"classes":[]}],"_links":{"self":[{"href":"https:\/\/blogg.fumei.se\/index.php?rest_route=\/wp\/v2\/posts\/233","targetHints":{"allow":["GET"]}}],"collection":[{"href":"https:\/\/blogg.fumei.se\/index.php?rest_route=\/wp\/v2\/posts"}],"about":[{"href":"https:\/\/blogg.fumei.se\/index.php?rest_route=\/wp\/v2\/types\/post"}],"author":[{"embeddable":true,"href":"https:\/\/blogg.fumei.se\/index.php?rest_route=\/wp\/v2\/users\/1"}],"replies":[{"embeddable":true,"href":"https:\/\/blogg.fumei.se\/index.php?rest_route=%2Fwp%2Fv2%2Fcomments&post=233"}],"version-history":[{"count":0,"href":"https:\/\/blogg.fumei.se\/index.php?rest_route=\/wp\/v2\/posts\/233\/revisions"}],"wp:attachment":[{"href":"https:\/\/blogg.fumei.se\/index.php?rest_route=%2Fwp%2Fv2%2Fmedia&parent=233"}],"wp:term":[{"taxonomy":"category","embeddable":true,"href":"https:\/\/blogg.fumei.se\/index.php?rest_route=%2Fwp%2Fv2%2Fcategories&post=233"},{"taxonomy":"post_tag","embeddable":true,"href":"https:\/\/blogg.fumei.se\/index.php?rest_route=%2Fwp%2Fv2%2Ftags&post=233"}],"curies":[{"name":"wp","href":"https:\/\/api.w.org\/{rel}","templated":true}]}}