{"id":2339,"date":"2012-05-11T20:45:30","date_gmt":"2012-05-11T18:45:30","guid":{"rendered":"http:\/\/blogg.fumei.se\/?p=2339"},"modified":"2024-03-31T13:28:32","modified_gmt":"2024-03-31T11:28:32","slug":"rack-upp-en-hand","status":"publish","type":"post","link":"https:\/\/blogg.fumei.se\/?p=2339","title":{"rendered":"R\u00e4ck upp en hand"},"content":{"rendered":"<p>alla som n\u00e5gon g\u00e5ng sjungit svenska nationals\u00e5ngen p\u00e5 skolavslutningen!<br \/>\nUpplysningsvis kan jag s\u00e4ga att sj\u00e4lv har jag nog aldrig gjort det vad jag kan minnas, d\u00e4remot fick jag l\u00e4ra mig den i l\u00e5g- eller mellanstadiet, men p\u00e5 skolavslutningarna sj\u00f6ng vi alltid ett antal psalmer, tex Den blomstertid nu kommer, I denna ljuva sommartid och ett par andra. Det sj\u00f6ngs ocks\u00e5 en massa andra s\u00e5nger och visor p\u00e5 temat sommar; Idas sommarvisa, Sommaren \u00e4r kort och Visa vid vindens \u00e4ngar \u00e4r nog de jag minns att vi sj\u00f6ng mest. Ska v\u00e4l f\u00f6r r\u00e4ttvisans skull till\u00e4gga att jag aldrig sjungit Du gamla, du fria p\u00e5 julavslutningar heller. D\u00e5 sj\u00f6ngs Stilla natt, H\u00e4rlig \u00e4r jorden, M\u00f6ssens julafton och Hej tomtegubbar.<br \/>\nMen &#8211; jag har sjungit den p\u00e5 Svenska Flaggans Dag, som det hette innan det blev nationaldag.\u00a0 Det g\u00f6r inte svenska skolelever idag, men det beror p\u00e5 att det \u00e4r en <a href=\"http:\/\/sv.wikipedia.org\/wiki\/Sveriges_nationaldag\" target=\"_blank\" rel=\"noopener\">helgdag <\/a>och det betyder att skolorna \u00e4r st\u00e4ngda. Allts\u00e5 sjunger man inte nationals\u00e5ngen i skolorna p\u00e5 nationaldagen. Logik, v\u00e4nner. Logik.<\/p>\n<p>Anledningen till att jag tar upp detta \u00e4r att nu (och varje \u00e5r vid den h\u00e4r tiden) pratas det massor om att svenska barn inte f\u00e5r sjunga v\u00e5r svenska nationalhymn i v\u00e5ra svenska skolor, och detta bara f\u00f6r att invandrare och invandrarbarn kan ta illa vid sig. Det uppmanas i en text p\u00e5 Facebook\u00a0 att man ska dela detta meddelande p\u00e5 sin logg f\u00f6r att &#8221;sprida budskapet&#8221;:<\/p>\n<blockquote>\n<h6>UPPMANAR ALLA&#8230;&#8230;..<br \/>\nATT 6:e JUNI P\u00c5 NATIONALDAGEN KL.12.00 G\u00c5 UT \u00c5 SJUNGA V\u00c5R NATIONALS\u00c5NG P\u00c5 GATOR &amp; TORG I PROTEST MOT ATT DEN EJ F\u00c5R SJUNGAS I SKOLORNA. FATTA, V\u00c5R NATIONALS\u00c5NG \u00c4R INTE RASISTISK. V\u00c5GAR DU KOPIERA DETTA OCH VARA MED OCH K\u00c4MPA ?? \u2665<\/h6>\n<\/blockquote>\n<p>Ja, det st\u00e5r verkligen precis s\u00e5 d\u00e4r, med versaler och allt. Utom p\u00e5 det lilla e:t i datumet. N\u00e5gon \u00e4r v\u00e4ldigt angel\u00e4gen om att detta ska l\u00e4sas.<br \/>\nF\u00f6r att bekr\u00e4fta att jag inte \u00e4r helt ute i en bl\u00e5 kanot p\u00e5 V\u00e4nern n\u00e4r jag s\u00e4ger att det inte alls \u00e4r f\u00f6rbjudet i skolorna att sjung Sveriges nationals\u00e5ng citerar jag till att b\u00f6rja med fr\u00e5n Skolverkets hemsida. I\u00a0Skolverkets kursplan ang\u00e5ende musikundervisning i grundskoleniv\u00e5 st\u00e5r f\u00f6ljande:<\/p>\n<blockquote><p><em>Kursplan i musik\u00a0 f\u00f6r \u00e5rskurs 1-3:<\/em><\/p>\n<p><em>Undervisningen i \u00e4mnet musik ska syfta till att eleverna utvecklar kunskaper som g\u00f6r <\/em><br \/>\n<em>det m\u00f6jligt att delta i musikaliska sammanhang, b\u00e5de genom att sj\u00e4lva musicera och <\/em><br \/>\n<em>genom att lyssna till musik&#8230;&#8230;..<\/em><\/p>\n<p><em>&#8230;&#8230;&#8230;Musik som knyter an till elevens vardagliga och h\u00f6gtidliga sammanhang, d\u00e4ribland <\/em><br \/>\n<em>nationals\u00e5ngen och n\u00e5gra av de vanligaste psalmerna, samt inblickar i svensk och <\/em><br \/>\n<em>nordisk barnvisetradition.<\/em><\/p><\/blockquote>\n<p>P\u00e5 regeringens hemsida kan man l\u00e4sa f\u00f6ljande lilla text:<\/p>\n<blockquote>\n<h5><em>Myt 4: Barnen f\u00e5r inte sjunga nationals\u00e5ngen och skolavslutningar f\u00e5r inte h\u00e5llas i kyrkan.<\/em><\/h5>\n<p><em>Skolor f\u00e5r ha avslutningar i kyrkan vilket ocks\u00e5 sker p\u00e5 m\u00e5nga h\u00e5ll. I den nya l\u00e4roplanen f\u00f6r grundskolan som g\u00e4ller fr\u00e5n 2011 \u00e4r det till och med krav att eleverna ska l\u00e4ra sig s\u00e5v\u00e4l nationals\u00e5ngen som ett antal vanliga psalmer. Att undervisningen ska vara icke-konfessionell, det vill s\u00e4ga fri fr\u00e5n religi\u00f6sa inslag, har g\u00e4llt l\u00e4nge och har ingen koppling till invandringen. Friskolor f\u00e5r ha konfessionell inriktning, d\u00e4r deltagande i konfessionella inslag ska vara frivilligt.<\/em><\/p><\/blockquote>\n<p>S\u00e5 varf\u00f6r skulle i s\u00e5 fall invandrarna vara emot nationals\u00e5ngen, men till\u00e5ta v\u00e5ra svenska psalmer? De har ju oftast en annan religion \u00e4n kristendom, och \u00e4r de kristna tillh\u00f6r de en annan inriktning av kristendomen och borde s\u00e5ledes inte acceptera protestantiska ceremonier. Och eftersom det sjungs b\u00e5de Den blomstertid och ett antal andra psalmer, s\u00e5 tolkar jag det som att skolavslutningarna <em>inte<\/em> \u00e4r fria fr\u00e5n konfessionalism.<br \/>\nTill saken h\u00f6r att det \u00e4r rektor vid varje skola som beslutar om var man ska h\u00e5lla avslutningar, och hur ceremonierna ska l\u00e4ggas upp. <strong>Om du misst\u00e4nker att man p\u00e5 din\/ditt barns\/dina barnbarns skola utesluter eller f\u00f6rbjuder vissa traditionella eller kulturella inslag, s\u00e5 \u00e4r det skolans rektor du ska kontakta, inte skriva en l\u00e5ng artikel i Aftonbladet eller p\u00e5 Facebook.<\/strong><\/p>\n<p>Jag har f\u00f6rs\u00f6kt googla fram varifr\u00e5n denna lilla uppmaning h\u00e4rstammar, men inte hittat n\u00e5got konkret. Troligtvis \u00e4r det n\u00e5gon som h\u00f6rt n\u00e5got n\u00e5gonstans, och s\u00e5 har en liten fj\u00e4der blivit en j\u00e4kligt stor h\u00f6na. Det \u00e4r ofta s\u00e5 det brukar vara.<br \/>\nDet enda jag hittar om f\u00f6rbud mot &#8221;Du gamla&#8230;&#8221; i skolan som jag kan hitta \u00e4r <a href=\"http:\/\/www.sourze.se\/Svenska_nationals%C3%A5ngen_%C3%A4r_rasistisk_10442226.asp\" target=\"_blank\" rel=\"noopener\">den h\u00e4r artikeln<\/a> om en h\u00e4ndelse som kan vara upphovet till ryktet.<\/p>\n<p>Min slutsats av det hela \u00e4r att folk g\u00e4rna hoppar p\u00e5 s\u00e5na h\u00e4r grejer, s\u00e4rskilt om det handlar om v\u00e5rt land, v\u00e5ra traditioner och v\u00e5r kultur. D\u00e4remot \u00e4r det v\u00e4ldigt f\u00e5 m\u00e4nniskor som g\u00f6r sig besv\u00e4ret att kolla upp fakta innan de vidarebefordrar, gillar och delar \u00e4n det ena, \u00e4n det andra.<\/p>\n<p>S\u00e5. Nu har jag f\u00e5tt s\u00e4ga min mening.<\/p>\n","protected":false},"excerpt":{"rendered":"<p>alla som n\u00e5gon g\u00e5ng sjungit svenska nationals\u00e5ngen p\u00e5 skolavslutningen! Upplysningsvis kan jag s\u00e4ga att sj\u00e4lv har jag nog aldrig gjort det vad jag kan minnas, d\u00e4remot fick jag l\u00e4ra mig den i l\u00e5g- eller mellanstadiet, men p\u00e5 skolavslutningarna sj\u00f6ng vi alltid ett antal psalmer, tex Den blomstertid nu kommer, I denna ljuva sommartid och ett&#8230;<\/p>\n","protected":false},"author":1,"featured_media":0,"comment_status":"open","ping_status":"open","sticky":false,"template":"","format":"standard","meta":{"jetpack_post_was_ever_published":false,"_jetpack_newsletter_access":"","_jetpack_dont_email_post_to_subs":false,"_jetpack_newsletter_tier_id":0,"_jetpack_memberships_contains_paywalled_content":false,"_jetpack_memberships_contains_paid_content":false,"footnotes":"","jetpack_publicize_message":"","jetpack_publicize_feature_enabled":true,"jetpack_social_post_already_shared":false,"jetpack_social_options":{"image_generator_settings":{"template":"highway","default_image_id":0,"font":"","enabled":false},"version":2}},"categories":[47],"tags":[82,175,173,174],"class_list":["post-2339","post","type-post","status-publish","format-standard","hentry","category-vardagsliv","tag-facebook","tag-forbud","tag-sverige","tag-traditioner"],"jetpack_publicize_connections":[],"jetpack_featured_media_url":"","jetpack_shortlink":"https:\/\/wp.me\/p3qko4-BJ","jetpack_sharing_enabled":true,"jetpack_likes_enabled":true,"jetpack-related-posts":[{"id":2431,"url":"https:\/\/blogg.fumei.se\/?p=2431","url_meta":{"origin":2339,"position":0},"title":"Skolavslutning","author":"M :)","date":"2012-06-17","format":false,"excerpt":"I fredags var det dags f\u00f6r Robin att sluta nian. Fattar inte vart tiden tar v\u00e4gen, det \u00e4r ju inte alls l\u00e4ngesedan jag hade tv\u00e5 sm\u00e5 husmonster som sprang omkring med dockvagnar, Barbie och lego!?! Till allas gl\u00e4dje bj\u00f6d fredagen p\u00e5 sol och n\u00e4stan helt bl\u00e5 himmel dagen till \u00e4ra,\u2026","rel":"","context":"I \u201dVardagsliv\u201d","block_context":{"text":"Vardagsliv","link":"https:\/\/blogg.fumei.se\/?cat=47"},"img":{"alt_text":"","src":"https:\/\/i0.wp.com\/blogg.fumei.se\/wp-content\/uploads\/2012\/06\/1.jpg?resize=350%2C200","width":350,"height":200},"classes":[]},{"id":1194,"url":"https:\/\/blogg.fumei.se\/?p=1194","url_meta":{"origin":2339,"position":1},"title":"Tjejsnack vecka 45","author":"M :)","date":"2009-11-17","format":false,"excerpt":"Vill du ocks\u00e5 vara med? Du hittar Tjejsnack h\u00e4r. H\u00f6gtider 1. Finns det n\u00e5gon helgdag som du tycker \u00e4r helt on\u00f6dig?Nja, alla fyller de v\u00e4l n\u00e5got slags syfte, \u00e4ven om m\u00e5nga inte firar dem p\u00e5 traditionellt s\u00e4tt l\u00e4ngre. Men 1:a Maj tycker jag nog har gjort sitt. Den var ju\u2026","rel":"","context":"I \u201dVardagsliv\u201d","block_context":{"text":"Vardagsliv","link":"https:\/\/blogg.fumei.se\/?cat=47"},"img":{"alt_text":"","src":"","width":0,"height":0},"classes":[]},{"id":3668,"url":"https:\/\/blogg.fumei.se\/?p=3668","url_meta":{"origin":2339,"position":2},"title":"Sjung om studentens&#8230;","author":"M :)","date":"2015-06-11","format":false,"excerpt":"\u00a0 I fredags hade vi studentfirande h\u00e4r i huset. Eller ja, inte h\u00e4r i huset, utan i huset d\u00e4r den studentande sonen bor. F\u00f6r han bor ju numera inte h\u00e4r hos mig, utan \u00e4r inneboende hos sin mormor och morfar. Detta f\u00f6r att han inte ville byta skola n\u00e4r det\u2026","rel":"","context":"I \u201dFamiljen\u201d","block_context":{"text":"Familjen","link":"https:\/\/blogg.fumei.se\/?cat=34"},"img":{"alt_text":"","src":"https:\/\/i0.wp.com\/blogg.fumei.se\/wp-content\/uploads\/2015\/06\/2015-06-04-18.37.jpg?fit=800%2C1200&ssl=1&resize=350%2C200","width":350,"height":200,"srcset":"https:\/\/i0.wp.com\/blogg.fumei.se\/wp-content\/uploads\/2015\/06\/2015-06-04-18.37.jpg?fit=800%2C1200&ssl=1&resize=350%2C200 1x, https:\/\/i0.wp.com\/blogg.fumei.se\/wp-content\/uploads\/2015\/06\/2015-06-04-18.37.jpg?fit=800%2C1200&ssl=1&resize=525%2C300 1.5x, https:\/\/i0.wp.com\/blogg.fumei.se\/wp-content\/uploads\/2015\/06\/2015-06-04-18.37.jpg?fit=800%2C1200&ssl=1&resize=700%2C400 2x"},"classes":[]},{"id":990,"url":"https:\/\/blogg.fumei.se\/?p=990","url_meta":{"origin":2339,"position":3},"title":"En bl\u00f6t tillst\u00e4llning","author":"M :)","date":"2009-06-12","format":false,"excerpt":"Ja, det hade kunnat bli mycket bl\u00f6tt om skolavslutningarna h\u00e5llits utomhus idag! Nu hade i alla fall mina barn och deras skolkamrater s\u00e5n tur att de var inomhus. F\u00f6r regnat har det gjort idag. Vr\u00e4kt ner. S\u00e5 mycket att jag hade ett litet snack med Robin i morse om ifall\u2026","rel":"","context":"I \u201dVardagsliv\u201d","block_context":{"text":"Vardagsliv","link":"https:\/\/blogg.fumei.se\/?cat=47"},"img":{"alt_text":"","src":"https:\/\/i0.wp.com\/blogg.fumei.se\/wp-content\/uploads\/2009\/06\/39476182-CB65-48D1-A346-FD40ECD89BDC-scaled.jpeg?resize=350%2C200&ssl=1","width":350,"height":200,"srcset":"https:\/\/i0.wp.com\/blogg.fumei.se\/wp-content\/uploads\/2009\/06\/39476182-CB65-48D1-A346-FD40ECD89BDC-scaled.jpeg?resize=350%2C200&ssl=1 1x, https:\/\/i0.wp.com\/blogg.fumei.se\/wp-content\/uploads\/2009\/06\/39476182-CB65-48D1-A346-FD40ECD89BDC-scaled.jpeg?resize=525%2C300&ssl=1 1.5x, https:\/\/i0.wp.com\/blogg.fumei.se\/wp-content\/uploads\/2009\/06\/39476182-CB65-48D1-A346-FD40ECD89BDC-scaled.jpeg?resize=700%2C400&ssl=1 2x, https:\/\/i0.wp.com\/blogg.fumei.se\/wp-content\/uploads\/2009\/06\/39476182-CB65-48D1-A346-FD40ECD89BDC-scaled.jpeg?resize=1050%2C600&ssl=1 3x, https:\/\/i0.wp.com\/blogg.fumei.se\/wp-content\/uploads\/2009\/06\/39476182-CB65-48D1-A346-FD40ECD89BDC-scaled.jpeg?resize=1400%2C800&ssl=1 4x"},"classes":[]},{"id":30,"url":"https:\/\/blogg.fumei.se\/?p=30","url_meta":{"origin":2339,"position":4},"title":"Sommarlov!","author":"M :)","date":"2011-06-17","format":false,"excerpt":"Ig\u00e5r var det skolavslutning f\u00f6r Robin. I kyrkan, med fana och \"Den blomstertid...\" och tal av rektor och pr\u00e4st och allt som h\u00f6r till. (Ingen nationals\u00e5ng, men \u00e5 andra sidan har jag faktiskt aldrig h\u00f6rt den sjungas p\u00e5 skolavslutningar \u00e4nd\u00e5, s\u00e5 det spelar ingen roll.) St\u00f6rst fokus fick ju naturligtvis\u2026","rel":"","context":"I \u201dVardagsliv\u201d","block_context":{"text":"Vardagsliv","link":"https:\/\/blogg.fumei.se\/?cat=47"},"img":{"alt_text":"","src":"https:\/\/i0.wp.com\/blogg.fumei.se\/wp-content\/uploads\/2011\/06\/P1110668.jpg?resize=350%2C200","width":350,"height":200},"classes":[]},{"id":5847,"url":"https:\/\/blogg.fumei.se\/?p=5847","url_meta":{"origin":2339,"position":5},"title":"Unplugged (typ)","author":"M :)","date":"2023-05-27","format":false,"excerpt":"Vi s\u00e5g och lyssnade p\u00e5 Janne Schaffer p\u00e5 Kooperativet p\u00e5 Lindholmen ikv\u00e4ll. En legendar i svenskt musikliv. Han har spelat med i princip a l l a! Och dessutom hunnit g\u00f6ra egna skivor och turn\u00e9er dessemellan! Det bj\u00f6ds p\u00e5 allt fr\u00e5n ABBA till Ted till Taube, och s\u00e5 naturligtvis \u201dBrusa\u2026","rel":"","context":"I \u201dMusik\u201d","block_context":{"text":"Musik","link":"https:\/\/blogg.fumei.se\/?cat=48"},"img":{"alt_text":"","src":"https:\/\/i0.wp.com\/blogg.fumei.se\/wp-content\/uploads\/2024\/02\/141CE798-0531-4BD1-9BDA-15D635FAE902_1_201_a.jpeg?resize=350%2C200&ssl=1","width":350,"height":200,"srcset":"https:\/\/i0.wp.com\/blogg.fumei.se\/wp-content\/uploads\/2024\/02\/141CE798-0531-4BD1-9BDA-15D635FAE902_1_201_a.jpeg?resize=350%2C200&ssl=1 1x, https:\/\/i0.wp.com\/blogg.fumei.se\/wp-content\/uploads\/2024\/02\/141CE798-0531-4BD1-9BDA-15D635FAE902_1_201_a.jpeg?resize=525%2C300&ssl=1 1.5x, https:\/\/i0.wp.com\/blogg.fumei.se\/wp-content\/uploads\/2024\/02\/141CE798-0531-4BD1-9BDA-15D635FAE902_1_201_a.jpeg?resize=700%2C400&ssl=1 2x, https:\/\/i0.wp.com\/blogg.fumei.se\/wp-content\/uploads\/2024\/02\/141CE798-0531-4BD1-9BDA-15D635FAE902_1_201_a.jpeg?resize=1050%2C600&ssl=1 3x"},"classes":[]}],"_links":{"self":[{"href":"https:\/\/blogg.fumei.se\/index.php?rest_route=\/wp\/v2\/posts\/2339","targetHints":{"allow":["GET"]}}],"collection":[{"href":"https:\/\/blogg.fumei.se\/index.php?rest_route=\/wp\/v2\/posts"}],"about":[{"href":"https:\/\/blogg.fumei.se\/index.php?rest_route=\/wp\/v2\/types\/post"}],"author":[{"embeddable":true,"href":"https:\/\/blogg.fumei.se\/index.php?rest_route=\/wp\/v2\/users\/1"}],"replies":[{"embeddable":true,"href":"https:\/\/blogg.fumei.se\/index.php?rest_route=%2Fwp%2Fv2%2Fcomments&post=2339"}],"version-history":[{"count":21,"href":"https:\/\/blogg.fumei.se\/index.php?rest_route=\/wp\/v2\/posts\/2339\/revisions"}],"predecessor-version":[{"id":6781,"href":"https:\/\/blogg.fumei.se\/index.php?rest_route=\/wp\/v2\/posts\/2339\/revisions\/6781"}],"wp:attachment":[{"href":"https:\/\/blogg.fumei.se\/index.php?rest_route=%2Fwp%2Fv2%2Fmedia&parent=2339"}],"wp:term":[{"taxonomy":"category","embeddable":true,"href":"https:\/\/blogg.fumei.se\/index.php?rest_route=%2Fwp%2Fv2%2Fcategories&post=2339"},{"taxonomy":"post_tag","embeddable":true,"href":"https:\/\/blogg.fumei.se\/index.php?rest_route=%2Fwp%2Fv2%2Ftags&post=2339"}],"curies":[{"name":"wp","href":"https:\/\/api.w.org\/{rel}","templated":true}]}}