{"id":2364,"date":"2012-05-14T22:13:00","date_gmt":"2012-05-14T20:13:00","guid":{"rendered":"http:\/\/blogg.fumei.se\/?p=2364"},"modified":"2012-05-15T05:14:14","modified_gmt":"2012-05-15T03:14:14","slug":"en-svensk-klassiker","status":"publish","type":"post","link":"https:\/\/blogg.fumei.se\/?p=2364","title":{"rendered":"En svensk klassiker"},"content":{"rendered":"<p>Nix nej jag ska inte varken cykla, simma eller springa. Det handlar om radioklassiker. N\u00e4rmare best\u00e4mt Svensktoppen.<br \/>\nEtt program som jag, och m\u00e5nga med mig, v\u00e4xte upp med p\u00e5 radion vid frukostbordet p\u00e5 s\u00f6ndagarna.<br \/>\nH\u00e4romdagen damp detta kort ner i brevl\u00e5dan:<\/p>\n<figure style=\"width: 500px\" class=\"wp-caption aligncenter\"><img data-recalc-dims=\"1\" decoding=\"async\" title=\"Lightbox_1337028636527.jpeg\" class=\"aligncenter\" alt=\"image\" src=\"https:\/\/i0.wp.com\/blogg.fumei.se\/wp-content\/uploads\/2012\/05\/wpid-Lightbox_1337028636527.jpeg?w=640&#038;ssl=1\" \/><figcaption class=\"wp-caption-text\">F&#246;lj mig p&#229; Instagram @marfu3<\/figcaption><\/figure>\n<p>och eftersom det \u00e4r lite nostalgivarning p\u00e5 den, och alltid \u00e4r kul att f\u00e5 vara med och p\u00e5verka, s\u00e5 har jag nu r\u00f6stat p\u00e5 de tre bidrag jag tyckte var b\u00e4st. Fast jag fick skarva lite, f\u00f6r egentligen var det bara en jag gillade ordentligt. Eller tv\u00e5, men den ena var &#8221;gammal&#8221; nu&#8230;<\/p>\n","protected":false},"excerpt":{"rendered":"<p>Nix nej jag ska inte varken cykla, simma eller springa. Det handlar om radioklassiker. N\u00e4rmare best\u00e4mt Svensktoppen. Ett program som jag, och m\u00e5nga med mig, v\u00e4xte upp med p\u00e5 radion vid frukostbordet p\u00e5 s\u00f6ndagarna. H\u00e4romdagen damp detta kort ner i brevl\u00e5dan: och eftersom det \u00e4r lite nostalgivarning p\u00e5 den, och alltid \u00e4r kul att f\u00e5&#8230;<\/p>\n","protected":false},"author":1,"featured_media":0,"comment_status":"open","ping_status":"open","sticky":false,"template":"","format":"standard","meta":{"jetpack_post_was_ever_published":false,"_jetpack_newsletter_access":"","_jetpack_dont_email_post_to_subs":false,"_jetpack_newsletter_tier_id":0,"_jetpack_memberships_contains_paywalled_content":false,"_jetpack_memberships_contains_paid_content":false,"footnotes":"","jetpack_publicize_message":"","jetpack_publicize_feature_enabled":true,"jetpack_social_post_already_shared":false,"jetpack_social_options":{"image_generator_settings":{"template":"highway","default_image_id":0,"font":"","enabled":false},"version":2}},"categories":[47],"tags":[181,179,180,178],"class_list":["post-2364","post","type-post","status-publish","format-standard","hentry","category-vardagsliv","tag-kul-att","tag-radio","tag-rosta","tag-svensktoppen"],"jetpack_publicize_connections":[],"jetpack_featured_media_url":"","jetpack_shortlink":"https:\/\/wp.me\/p3qko4-C8","jetpack_sharing_enabled":true,"jetpack_likes_enabled":true,"jetpack-related-posts":[{"id":71,"url":"https:\/\/blogg.fumei.se\/?p=71","url_meta":{"origin":2364,"position":0},"title":"Hundliv","author":"M :)","date":"2011-02-19","format":false,"excerpt":"Idag har vi blivit hund\u00e4gare. F\u00f6r den som inte h\u00e4nger med i sv\u00e4ngarna, s\u00e5 har vi ju tagit \u00f6ver mors och fars hund - Stella - f\u00f6r de orkar inte sj\u00e4lva att g\u00e5 ut med henne flera g\u00e5nger och l\u00e5nga promenader varje g\u00e5ng. S\u00e5 ist\u00e4llet f\u00f6r att s\u00e4lja henne och\u2026","rel":"","context":"I \u201dVardagsliv\u201d","block_context":{"text":"Vardagsliv","link":"https:\/\/blogg.fumei.se\/?cat=47"},"img":{"alt_text":"","src":"https:\/\/i0.wp.com\/blogg.fumei.se\/wp-content\/uploads\/2011\/02\/P1110171.png?resize=350%2C200","width":350,"height":200},"classes":[]},{"id":7039,"url":"https:\/\/blogg.fumei.se\/?p=7039","url_meta":{"origin":2364,"position":1},"title":"Gl\u00f6m inte att r\u00f6sta!","author":"M :)","date":"2024-06-09","format":false,"excerpt":"Vare sig det \u00e4r till riksdag, kommun, landsting eller en folkomr\u00f6stning, eller som idag, till EU-parlamentet. Det \u00e4r din medborgerliga r\u00e4ttighet, men ocks\u00e5 din skyldighet, som medborgare i ditt land, att r\u00f6sta.Runt om i v\u00e4rlden d\u00f6r m\u00e4nniskor varje dag f\u00f6r r\u00e4tten att f\u00e5 r\u00f6sta och r\u00e4tten till demokrati; n\u00e5got som\u2026","rel":"","context":"I \u201dVardagsliv\u201d","block_context":{"text":"Vardagsliv","link":"https:\/\/blogg.fumei.se\/?cat=47"},"img":{"alt_text":"","src":"https:\/\/i0.wp.com\/blogg.fumei.se\/wp-content\/uploads\/2024\/06\/39D1D5C8-B84D-4C01-AA74-06C1A39BC3D8.jpeg?resize=350%2C200&ssl=1","width":350,"height":200,"srcset":"https:\/\/i0.wp.com\/blogg.fumei.se\/wp-content\/uploads\/2024\/06\/39D1D5C8-B84D-4C01-AA74-06C1A39BC3D8.jpeg?resize=350%2C200&ssl=1 1x, https:\/\/i0.wp.com\/blogg.fumei.se\/wp-content\/uploads\/2024\/06\/39D1D5C8-B84D-4C01-AA74-06C1A39BC3D8.jpeg?resize=525%2C300&ssl=1 1.5x, https:\/\/i0.wp.com\/blogg.fumei.se\/wp-content\/uploads\/2024\/06\/39D1D5C8-B84D-4C01-AA74-06C1A39BC3D8.jpeg?resize=700%2C400&ssl=1 2x, https:\/\/i0.wp.com\/blogg.fumei.se\/wp-content\/uploads\/2024\/06\/39D1D5C8-B84D-4C01-AA74-06C1A39BC3D8.jpeg?resize=1050%2C600&ssl=1 3x, https:\/\/i0.wp.com\/blogg.fumei.se\/wp-content\/uploads\/2024\/06\/39D1D5C8-B84D-4C01-AA74-06C1A39BC3D8.jpeg?resize=1400%2C800&ssl=1 4x"},"classes":[]},{"id":7001,"url":"https:\/\/blogg.fumei.se\/?p=7001","url_meta":{"origin":2364,"position":2},"title":"Gl\u00f6m inte att r\u00f6sta!","author":"M :)","date":"2014-09-14","format":false,"excerpt":"Vare sig det, som idag, \u00e4r till riksdag, kommun, landsting eller en folkomr\u00f6stning. Det \u00e4r din medborgerliga r\u00e4ttighet, men ocks\u00e5 din skyldighet, som medborgare i ditt land, att r\u00f6sta. Runt om i v\u00e4rlden d\u00f6r m\u00e4nniskor varje dag f\u00f6r r\u00e4tten att f\u00e5 r\u00f6sta och r\u00e4tten till demokrati; n\u00e5got som vi tar\u2026","rel":"","context":"I \u201dVardagsliv\u201d","block_context":{"text":"Vardagsliv","link":"https:\/\/blogg.fumei.se\/?cat=47"},"img":{"alt_text":"","src":"","width":0,"height":0},"classes":[]},{"id":5030,"url":"https:\/\/blogg.fumei.se\/?p=5030","url_meta":{"origin":2364,"position":3},"title":"Val idag!","author":"M :)","date":"2018-09-09","format":false,"excerpt":"Du gl\u00f6mmer v\u00e4l inte att r\u00f6sta?! Vare sig det, som idag, \u00e4r till riksdag, kommun, landsting eller en folkomr\u00f6stning. Det \u00e4r din medborgerliga r\u00e4ttighet, men ocks\u00e5 din skyldighet, som medborgare i ditt land, att r\u00f6sta. Runt om i v\u00e4rlden d\u00f6r m\u00e4nniskor varje dag f\u00f6r r\u00e4tten att f\u00e5 r\u00f6sta och r\u00e4tten\u2026","rel":"","context":"I \u201dVardagsliv\u201d","block_context":{"text":"Vardagsliv","link":"https:\/\/blogg.fumei.se\/?cat=47"},"img":{"alt_text":"","src":"https:\/\/i0.wp.com\/blogg.fumei.se\/wp-content\/uploads\/2022\/10\/Ska%CC%88rmavbild-2022-10-30-kl.-13.35.04.png?resize=350%2C200&ssl=1","width":350,"height":200,"srcset":"https:\/\/i0.wp.com\/blogg.fumei.se\/wp-content\/uploads\/2022\/10\/Ska%CC%88rmavbild-2022-10-30-kl.-13.35.04.png?resize=350%2C200&ssl=1 1x, https:\/\/i0.wp.com\/blogg.fumei.se\/wp-content\/uploads\/2022\/10\/Ska%CC%88rmavbild-2022-10-30-kl.-13.35.04.png?resize=525%2C300&ssl=1 1.5x, https:\/\/i0.wp.com\/blogg.fumei.se\/wp-content\/uploads\/2022\/10\/Ska%CC%88rmavbild-2022-10-30-kl.-13.35.04.png?resize=700%2C400&ssl=1 2x, https:\/\/i0.wp.com\/blogg.fumei.se\/wp-content\/uploads\/2022\/10\/Ska%CC%88rmavbild-2022-10-30-kl.-13.35.04.png?resize=1050%2C600&ssl=1 3x, https:\/\/i0.wp.com\/blogg.fumei.se\/wp-content\/uploads\/2022\/10\/Ska%CC%88rmavbild-2022-10-30-kl.-13.35.04.png?resize=1400%2C800&ssl=1 4x"},"classes":[]},{"id":118,"url":"https:\/\/blogg.fumei.se\/?p=118","url_meta":{"origin":2364,"position":4},"title":"Ombyte f\u00f6rn\u00f6jer","author":"M :)","date":"2011-01-16","format":false,"excerpt":"Jag funderar p\u00e5 att byta namn. P\u00e5 bloggen, allts\u00e5. Fr\u00e4mst f\u00f6r att jag \u00e4r lite tr\u00f6tt p\u00e5 EmEff. Det \u00e4r liksom intets\u00e4gande, och dessutom fattar folk inte varf\u00f6r bloggen heter det. Att det \u00e4r ett ord som uppst\u00e5tt ur bokst\u00e4verna M (emm) och F (eff) - som ju \u00e4r mina\u2026","rel":"","context":"I \u201dVardagsliv\u201d","block_context":{"text":"Vardagsliv","link":"https:\/\/blogg.fumei.se\/?cat=47"},"img":{"alt_text":"","src":"","width":0,"height":0},"classes":[]},{"id":3138,"url":"https:\/\/blogg.fumei.se\/?p=3138","url_meta":{"origin":2364,"position":5},"title":"Happy happy JOY joy!","author":"M :)","date":"2013-10-27","format":false,"excerpt":"Det var en helt vanlig s\u00f6ndagseftermiddag, jag satt med en kopp kaffe och kikade p\u00e5 Facebook, och i \u00f6gonvr\u00e5n blinkade det till n\u00e5got rosa. Jag kikade, och det var en annons om en t\u00e4vling. Jag brukar inte klicka p\u00e5 annonser p\u00e5 FB, men nu gjorde jag det, och d\u00e4r l\u00e4ste\u2026","rel":"","context":"I \u201dVardagsliv\u201d","block_context":{"text":"Vardagsliv","link":"https:\/\/blogg.fumei.se\/?cat=47"},"img":{"alt_text":"joy1","src":"https:\/\/i0.wp.com\/blogg.fumei.se\/wp-content\/uploads\/2013\/10\/joy1-300x159.jpg?resize=350%2C200","width":350,"height":200},"classes":[]}],"_links":{"self":[{"href":"https:\/\/blogg.fumei.se\/index.php?rest_route=\/wp\/v2\/posts\/2364","targetHints":{"allow":["GET"]}}],"collection":[{"href":"https:\/\/blogg.fumei.se\/index.php?rest_route=\/wp\/v2\/posts"}],"about":[{"href":"https:\/\/blogg.fumei.se\/index.php?rest_route=\/wp\/v2\/types\/post"}],"author":[{"embeddable":true,"href":"https:\/\/blogg.fumei.se\/index.php?rest_route=\/wp\/v2\/users\/1"}],"replies":[{"embeddable":true,"href":"https:\/\/blogg.fumei.se\/index.php?rest_route=%2Fwp%2Fv2%2Fcomments&post=2364"}],"version-history":[{"count":1,"href":"https:\/\/blogg.fumei.se\/index.php?rest_route=\/wp\/v2\/posts\/2364\/revisions"}],"predecessor-version":[{"id":2365,"href":"https:\/\/blogg.fumei.se\/index.php?rest_route=\/wp\/v2\/posts\/2364\/revisions\/2365"}],"wp:attachment":[{"href":"https:\/\/blogg.fumei.se\/index.php?rest_route=%2Fwp%2Fv2%2Fmedia&parent=2364"}],"wp:term":[{"taxonomy":"category","embeddable":true,"href":"https:\/\/blogg.fumei.se\/index.php?rest_route=%2Fwp%2Fv2%2Fcategories&post=2364"},{"taxonomy":"post_tag","embeddable":true,"href":"https:\/\/blogg.fumei.se\/index.php?rest_route=%2Fwp%2Fv2%2Ftags&post=2364"}],"curies":[{"name":"wp","href":"https:\/\/api.w.org\/{rel}","templated":true}]}}