{"id":2368,"date":"2012-04-25T09:14:50","date_gmt":"2012-04-25T07:14:50","guid":{"rendered":"http:\/\/blogg.fumei.se\/?p=2368"},"modified":"2012-05-19T09:17:13","modified_gmt":"2012-05-19T07:17:13","slug":"hurra-for-robin-idag","status":"publish","type":"post","link":"https:\/\/blogg.fumei.se\/?p=2368","title":{"rendered":"Hurra f\u00f6r Robin idag!!"},"content":{"rendered":"<p><img data-recalc-dims=\"1\" loading=\"lazy\" decoding=\"async\" data-attachment-id=\"2369\" data-permalink=\"https:\/\/blogg.fumei.se\/?attachment_id=2369\" data-orig-file=\"https:\/\/i0.wp.com\/blogg.fumei.se\/wp-content\/uploads\/2012\/05\/Robin16%C3%A5r-emeff20121.png?fit=1660%2C1277&amp;ssl=1\" data-orig-size=\"1660,1277\" data-comments-opened=\"1\" data-image-meta=\"{&quot;aperture&quot;:&quot;0&quot;,&quot;credit&quot;:&quot;&quot;,&quot;camera&quot;:&quot;&quot;,&quot;caption&quot;:&quot;&quot;,&quot;created_timestamp&quot;:&quot;0&quot;,&quot;copyright&quot;:&quot;&quot;,&quot;focal_length&quot;:&quot;0&quot;,&quot;iso&quot;:&quot;0&quot;,&quot;shutter_speed&quot;:&quot;0&quot;,&quot;title&quot;:&quot;&quot;}\" data-image-title=\"Robin16\u00e5r-emeff2012\" data-image-description=\"\" data-image-caption=\"\" data-large-file=\"https:\/\/i0.wp.com\/blogg.fumei.se\/wp-content\/uploads\/2012\/05\/Robin16%C3%A5r-emeff20121.png?fit=640%2C492&amp;ssl=1\" class=\"aligncenter size-medium wp-image-2369\" title=\"Robin16\u00e5r-emeff2012\" src=\"https:\/\/i0.wp.com\/blogg.fumei.se\/wp-content\/uploads\/2012\/05\/Robin16%C3%A5r-emeff20121-300x230.png?resize=300%2C230&#038;ssl=1\" alt=\"\" width=\"300\" height=\"230\" srcset=\"https:\/\/i0.wp.com\/blogg.fumei.se\/wp-content\/uploads\/2012\/05\/Robin16%C3%A5r-emeff20121.png?resize=300%2C230&amp;ssl=1 300w, https:\/\/i0.wp.com\/blogg.fumei.se\/wp-content\/uploads\/2012\/05\/Robin16%C3%A5r-emeff20121.png?resize=650%2C500&amp;ssl=1 650w, https:\/\/i0.wp.com\/blogg.fumei.se\/wp-content\/uploads\/2012\/05\/Robin16%C3%A5r-emeff20121.png?w=1660&amp;ssl=1 1660w, https:\/\/i0.wp.com\/blogg.fumei.se\/wp-content\/uploads\/2012\/05\/Robin16%C3%A5r-emeff20121.png?w=1280&amp;ssl=1 1280w\" sizes=\"auto, (max-width: 300px) 100vw, 300px\" \/><\/p>\n<p style=\"text-align: center;\"><em>Klicka p\u00e5 bilden f\u00f6r att se den st\u00f6rre<\/em><\/p>\n","protected":false},"excerpt":{"rendered":"<p>Klicka p\u00e5 bilden f\u00f6r att se den st\u00f6rre<\/p>\n","protected":false},"author":1,"featured_media":0,"comment_status":"open","ping_status":"open","sticky":false,"template":"","format":"standard","meta":{"jetpack_post_was_ever_published":false,"_jetpack_newsletter_access":"","_jetpack_dont_email_post_to_subs":false,"_jetpack_newsletter_tier_id":0,"_jetpack_memberships_contains_paywalled_content":false,"_jetpack_memberships_contains_paid_content":false,"footnotes":"","jetpack_publicize_message":"","jetpack_publicize_feature_enabled":true,"jetpack_social_post_already_shared":false,"jetpack_social_options":{"image_generator_settings":{"template":"highway","default_image_id":0,"font":"","enabled":false},"version":2}},"categories":[47],"tags":[],"class_list":["post-2368","post","type-post","status-publish","format-standard","hentry","category-vardagsliv"],"jetpack_publicize_connections":[],"jetpack_featured_media_url":"","jetpack_shortlink":"https:\/\/wp.me\/p3qko4-Cc","jetpack_sharing_enabled":true,"jetpack_likes_enabled":true,"jetpack-related-posts":[{"id":2372,"url":"https:\/\/blogg.fumei.se\/?p=2372","url_meta":{"origin":2368,"position":0},"title":"Herrej\u00f6sses vad tiden g\u00e5r!","author":"M :)","date":"2012-05-23","format":false,"excerpt":"Idag \u00e4r det redan 5 \u00e5r sedan mosters myra s\u00e5g dagens ljus! GRATTIS \u00f6nskar moster, Fia, Robin och Jorge. Och Stella. man kan klicka p\u00e5 bilden s\u00e5 den blir st\u00f6rre","rel":"","context":"I \u201dVardagsliv\u201d","block_context":{"text":"Vardagsliv","link":"https:\/\/blogg.fumei.se\/?cat=47"},"img":{"alt_text":"","src":"https:\/\/i0.wp.com\/blogg.fumei.se\/wp-content\/uploads\/2012\/05\/Tyra5-emeff2012-300x300.jpg?resize=350%2C200","width":350,"height":200},"classes":[]},{"id":57,"url":"https:\/\/blogg.fumei.se\/?p=57","url_meta":{"origin":2368,"position":1},"title":"Saker man kan g\u00f6ra ist\u00e4llet f\u00f6r alla m\u00e5sten, del 3872","author":"M :)","date":"2011-03-20","format":false,"excerpt":"Idag har jag \"bara\" varit ute med hunden och vikt tv\u00e4tt. Sedan ignorerade jag dammet p\u00e5 sk\u00e5p och hyllor och dammsugaren som st\u00e5r s\u00e5 fint p\u00e5 hallgolvet och satte mig ist\u00e4llet och kn\u00e5pade ihop en header till [Emmas blogg]. Nu f\u00e5r jag bara hoppas att den faller i smaken, s\u00e5\u2026","rel":"","context":"I \u201dVardagsliv\u201d","block_context":{"text":"Vardagsliv","link":"https:\/\/blogg.fumei.se\/?cat=47"},"img":{"alt_text":"","src":"https:\/\/i0.wp.com\/blogg.fumei.se\/wp-content\/uploads\/2011\/03\/HallonHeader-emeff2011-150x150.png?resize=350%2C200","width":350,"height":200},"classes":[]},{"id":3454,"url":"https:\/\/blogg.fumei.se\/?p=3454","url_meta":{"origin":2368,"position":2},"title":"Idag fyller vi \u00e5r!","author":"M :)","date":"2015-01-17","format":false,"excerpt":"Vi b\u00f6rjar med att hurra f\u00f6r den h\u00e4r killen: Hipp hurra f\u00f6r Victor idag p\u00e5 din 6-\u00e5rsdag! GRATTIS \u00f6nskar faster, farmor, farfar, Robin, Fia, Linus och Juliah. Och ja, det \u00e4r ju faktiskt min f\u00f6delsedag ocks\u00e5, s\u00e5 hurra och grattis till mig ocks\u00e5! N\u00e5gra andra som fyller \u00e5r idag \u00e4r\u2026","rel":"","context":"I \u201dVardagsliv\u201d","block_context":{"text":"Vardagsliv","link":"https:\/\/blogg.fumei.se\/?cat=47"},"img":{"alt_text":"Victor6-emeff2015","src":"https:\/\/i0.wp.com\/blogg.fumei.se\/wp-content\/uploads\/2015\/01\/Victor6-emeff2015.jpg?resize=350%2C200","width":350,"height":200,"srcset":"https:\/\/i0.wp.com\/blogg.fumei.se\/wp-content\/uploads\/2015\/01\/Victor6-emeff2015.jpg?resize=350%2C200 1x, https:\/\/i0.wp.com\/blogg.fumei.se\/wp-content\/uploads\/2015\/01\/Victor6-emeff2015.jpg?resize=525%2C300 1.5x"},"classes":[]},{"id":4288,"url":"https:\/\/blogg.fumei.se\/?p=4288","url_meta":{"origin":2368,"position":3},"title":"Tjugoett","author":"M :)","date":"2017-04-25","format":false,"excerpt":"Hurra hurra hurra hurra f\u00f6r Robin idag! GRATTIS \u00f6nskar mamma \u2665\u00a0\u2665","rel":"","context":"I \u201dFamiljen\u201d","block_context":{"text":"Familjen","link":"https:\/\/blogg.fumei.se\/?cat=34"},"img":{"alt_text":"","src":"https:\/\/i0.wp.com\/blogg.fumei.se\/wp-content\/uploads\/2017\/04\/Robin21-Emeff2017.png?resize=350%2C200","width":350,"height":200,"srcset":"https:\/\/i0.wp.com\/blogg.fumei.se\/wp-content\/uploads\/2017\/04\/Robin21-Emeff2017.png?resize=350%2C200 1x, https:\/\/i0.wp.com\/blogg.fumei.se\/wp-content\/uploads\/2017\/04\/Robin21-Emeff2017.png?resize=525%2C300 1.5x"},"classes":[]},{"id":49,"url":"https:\/\/blogg.fumei.se\/?p=49","url_meta":{"origin":2368,"position":4},"title":"Det \u00e4r Robins dag idag","author":"M :)","date":"2011-04-25","format":false,"excerpt":"Idag fyller min \"lilla\" kille 15 \u00e5r! Han har best\u00e4llt fl\u00e4skfil\u00e8 med klyftpotatis och b\u00e8arnaises\u00e5s till middag och rullt\u00e5rta ist\u00e4llet f\u00f6r vanlig t\u00e5rta. Grattis och hurra! \u00a0","rel":"","context":"I \u201dVardagsliv\u201d","block_context":{"text":"Vardagsliv","link":"https:\/\/blogg.fumei.se\/?cat=47"},"img":{"alt_text":"","src":"https:\/\/i0.wp.com\/blogg.fumei.se\/wp-content\/uploads\/2011\/04\/Robin15%C3%A5r-emeff2011.png?resize=350%2C200","width":350,"height":200,"srcset":"https:\/\/i0.wp.com\/blogg.fumei.se\/wp-content\/uploads\/2011\/04\/Robin15%C3%A5r-emeff2011.png?resize=350%2C200 1x, https:\/\/i0.wp.com\/blogg.fumei.se\/wp-content\/uploads\/2011\/04\/Robin15%C3%A5r-emeff2011.png?resize=525%2C300 1.5x"},"classes":[]},{"id":2908,"url":"https:\/\/blogg.fumei.se\/?p=2908","url_meta":{"origin":2368,"position":5},"title":"Vi hurrar","author":"M :)","date":"2013-01-17","format":false,"excerpt":"f\u00f6r Victor idag! Stort GRATTIS \u00f6nskar faster, Fia, Robin och Jorge","rel":"","context":"I \u201dVardagsliv\u201d","block_context":{"text":"Vardagsliv","link":"https:\/\/blogg.fumei.se\/?cat=47"},"img":{"alt_text":"Victor4-emeff2013","src":"https:\/\/i0.wp.com\/blogg.fumei.se\/wp-content\/uploads\/2013\/01\/Victor4-emeff2013.png?resize=350%2C200","width":350,"height":200,"srcset":"https:\/\/i0.wp.com\/blogg.fumei.se\/wp-content\/uploads\/2013\/01\/Victor4-emeff2013.png?resize=350%2C200 1x, https:\/\/i0.wp.com\/blogg.fumei.se\/wp-content\/uploads\/2013\/01\/Victor4-emeff2013.png?resize=525%2C300 1.5x"},"classes":[]}],"_links":{"self":[{"href":"https:\/\/blogg.fumei.se\/index.php?rest_route=\/wp\/v2\/posts\/2368","targetHints":{"allow":["GET"]}}],"collection":[{"href":"https:\/\/blogg.fumei.se\/index.php?rest_route=\/wp\/v2\/posts"}],"about":[{"href":"https:\/\/blogg.fumei.se\/index.php?rest_route=\/wp\/v2\/types\/post"}],"author":[{"embeddable":true,"href":"https:\/\/blogg.fumei.se\/index.php?rest_route=\/wp\/v2\/users\/1"}],"replies":[{"embeddable":true,"href":"https:\/\/blogg.fumei.se\/index.php?rest_route=%2Fwp%2Fv2%2Fcomments&post=2368"}],"version-history":[{"count":1,"href":"https:\/\/blogg.fumei.se\/index.php?rest_route=\/wp\/v2\/posts\/2368\/revisions"}],"predecessor-version":[{"id":2370,"href":"https:\/\/blogg.fumei.se\/index.php?rest_route=\/wp\/v2\/posts\/2368\/revisions\/2370"}],"wp:attachment":[{"href":"https:\/\/blogg.fumei.se\/index.php?rest_route=%2Fwp%2Fv2%2Fmedia&parent=2368"}],"wp:term":[{"taxonomy":"category","embeddable":true,"href":"https:\/\/blogg.fumei.se\/index.php?rest_route=%2Fwp%2Fv2%2Fcategories&post=2368"},{"taxonomy":"post_tag","embeddable":true,"href":"https:\/\/blogg.fumei.se\/index.php?rest_route=%2Fwp%2Fv2%2Ftags&post=2368"}],"curies":[{"name":"wp","href":"https:\/\/api.w.org\/{rel}","templated":true}]}}