{"id":237,"date":"2010-05-09T12:44:00","date_gmt":"2010-05-09T12:44:00","guid":{"rendered":"\/Blogg\/post\/En-liten-filmrecension-30-Days-of-night.aspx"},"modified":"2010-05-09T12:44:00","modified_gmt":"2010-05-09T12:44:00","slug":"en-liten-filmrecension-30-days-of-night","status":"publish","type":"post","link":"https:\/\/blogg.fumei.se\/?p=237","title":{"rendered":"En liten filmrecension: &#8221;30 Days of night&#8221;"},"content":{"rendered":"<p>Egentligen gillar jag ju inte skr&auml;ckfilmer. Men den senaste tiden har det blivit en del s&aring;dana n&auml;r mina barn f&aring;tt v&auml;lja film h&auml;r hemma, och s&aring; var det ju det d&auml;r med vampyrer. Jag kan inte l&aring;ta bli att se en film om vampyrer. S&auml;rskilt inte som den har f&aring;tt lovord fr&aring;n v&auml;nner och bekanta. S&aring; jag lade till den i min lista p&aring; LoveFilm och ig&aring;r var det dags.<\/p>\n<p>I Barrow i Alaska &auml;r det varje &aring;r en period d&aring; solen inte g&aring;r upp p&aring; 30 dagar. De flesta av inv&aring;narna klarar inte av att leva s&aring; l&aring;ng tid utan solljus, s&aring; de packar ihop och l&auml;mnar staden, vilket inneb&auml;r att endast en liten grupp m&auml;nniskor blir kvar f&ouml;r att driva stadens generator,&nbsp;lanthandel, mats&auml;lle och pipelinen. Tom den lokala radiostationen st&auml;nger ner.<span id=\"result_box\" class=\"medium_text medium_text long_text\"><span><br \/>Just d&aring; best&auml;mmer sig en grupp vampyrer f&ouml;r att det h&auml;r &auml;r ett idealiskt st&auml;lle f&ouml;r att fylla p&aring; matf&ouml;rr&aring;det. <\/span><\/span><\/p>\n<p><span class=\"medium_text medium_text long_text\"><span>Det f&ouml;rsta som slog mig var att vampyrerna inte ser ut som vi &auml;r vana att se dem i filmer. Om jag s&auml;ger vampyrer, vad t&auml;nker du d&aring;? L&aring;ngt h&aring;r, kr&aring;sskjorta, sammet och sl&auml;ngkappa? Vackra m&auml;n som lockar kvinnor att falla f&ouml;r dem? Visst &auml;r det s&aring; du ser dem framf&ouml;r dig?<br \/>Men i den h&auml;r filmen finns det inget av Anne Rices Lestat eller av Twilightvampyrerna. De h&auml;r vampyrerna &auml;r inte vackra. De &auml;r inte f&ouml;rf&ouml;riska. De &auml;r ist&auml;llet brutala, fula, elaka och grymma, och de &auml;r outtr&ouml;ttliga i sin jakt p&aring; bytet som de d&ouml;dar p&aring; ett bestialiskt s&auml;tt. De h&auml;r vampyrerna &auml;r bleka (enda likheten med andra vampyrer &#8211; f&ouml;rutom blodsugandet), har l&aring;nga kloliknande naglar och t&auml;nder som p&aring;minner om en hajs. De talar ett spr&aring;k som inte liknar n&aring;got annat, mera som ett urtida spr&aring;k &#8211; fast i sj&auml;lva verket &auml;r det bara ledaren man h&ouml;r prata, de andra &#8221;kommunicerar&#8221; genom skrik som faktiskt inte l&aring;ter helt olikt fladderm&ouml;ssens l&auml;te.<br \/>Det &auml;r egentligen en standardskr&auml;ckis. Folk som &auml;r inst&auml;ngda,&nbsp;massor av skrik och skjutande och blod som flyter. Sj&auml;lvklart finns det en hj&auml;lte och en liten grupp m&auml;nniskor som f&ouml;ljer honom, och lika sj&auml;lvklart slutar det lyckligt (p&aring; s&auml;tt och vis) med att det goda segrar &ouml;ver det onda.<br \/>&Auml;nd&aring; satt jag med den d&auml;r k&auml;nslan i magen hela tiden; den som g&ouml;r att man vill spola fram s&aring; att man slipper se det hemska. <\/span><\/span><\/p>\n<p><span class=\"medium_text medium_text long_text\"><span>&#8221;30 Days of night&#8221; &auml;r regisserad av David Slade och producerad av Sam Raimi. Slade, som tidigare mest har gjort musikvideos, bla &#8221;Hyper Music&#8221;, &#8221;Feeling Good&#8221;,&nbsp;&#8221;Bliss&#8221;&nbsp;och &#8221;New Born&#8221;&nbsp;f&ouml;r Muse, har just regisserat &#8221;Eclipse&#8221;, den tredje filmen i Twilightsagan, s&aring; jag hoppas ju p&aring; &auml;nnu en f&ouml;rb&auml;ttring vad g&auml;ller de filmerna. Sam Raimi har tidigare gjort filmer som &#8221;Evil Dead&#8221;, &#8221;Spiderman&#8221;-filmerna, &#8221;The Grudge&#8221; och &#8221;Drag me to hell&#8221;.<\/span><\/span><\/p>\n","protected":false},"excerpt":{"rendered":"<p>Egentligen gillar jag ju inte skr&auml;ckfilmer. Men den senaste tiden har det blivit en del s&aring;dana n&auml;r mina barn f&aring;tt v&auml;lja film h&auml;r hemma, och s&aring; var det ju det d&auml;r med vampyrer. Jag kan inte l&aring;ta bli att se en film om vampyrer. S&auml;rskilt inte som den har f&aring;tt lovord fr&aring;n v&auml;nner och bekanta&#8230;.<\/p>\n","protected":false},"author":1,"featured_media":0,"comment_status":"open","ping_status":"open","sticky":false,"template":"","format":"standard","meta":{"jetpack_post_was_ever_published":false,"_jetpack_newsletter_access":"","_jetpack_dont_email_post_to_subs":false,"_jetpack_newsletter_tier_id":0,"_jetpack_memberships_contains_paywalled_content":false,"_jetpack_memberships_contains_paid_content":false,"footnotes":"","jetpack_publicize_message":"","jetpack_publicize_feature_enabled":true,"jetpack_social_post_already_shared":false,"jetpack_social_options":{"image_generator_settings":{"template":"highway","default_image_id":0,"font":"","enabled":false},"version":2}},"categories":[47],"tags":[],"class_list":["post-237","post","type-post","status-publish","format-standard","hentry","category-vardagsliv"],"jetpack_publicize_connections":[],"jetpack_featured_media_url":"","jetpack_shortlink":"https:\/\/wp.me\/p3qko4-3P","jetpack_sharing_enabled":true,"jetpack_likes_enabled":true,"jetpack-related-posts":[{"id":194,"url":"https:\/\/blogg.fumei.se\/?p=194","url_meta":{"origin":237,"position":0},"title":"Filmrecension: Dracula: The Dark Prince","author":"EmEff","date":"2010-07-30","format":false,"excerpt":"Filmen beskrivs som: I gr\u00e4nslandet mellan \"Braveheart\" och \"Dracula\" utspelar sig den sanna historien om Vlad P\u00e5lspetsaren, den rum\u00e4nske prins som gett upphov till legenden om Dracula. Rum\u00e4niens unge prins Vlad Dracula och hans yngre bror Radu blir bortf\u00f6rda och f\u00e4ngslas av den turkiske sultanen Mehmet. Deras far blir levande\u2026","rel":"","context":"I \u201dFilmer och TV\u201d","block_context":{"text":"Filmer och TV","link":"https:\/\/blogg.fumei.se\/?cat=43"},"img":{"alt_text":"","src":"https:\/\/i0.wp.com\/blogg.fumei.se\/wp-content\/uploads\/2010\/07\/MV5BMjE1ODc1NjcwMF5BMl5BanBnXkFtZTcwMTM2MzcxMQ%40%40._V1_.jpg?resize=350%2C200","width":350,"height":200},"classes":[]},{"id":2215,"url":"https:\/\/blogg.fumei.se\/?p=2215","url_meta":{"origin":237,"position":1},"title":"Filmrecension: Breaking Dawn, del 1","author":"M :)","date":"2012-03-20","format":false,"excerpt":"\u00c4ntligen har jag f\u00e5tt tummen ur och sett Breaking Dawn! Det tog ju \"bara\" 4 m\u00e5nader, men b\u00e4ttre sent \u00e4n aldrig. Jag s\u00e5g den i alla fall innan del 2 kommer. Nu n\u00e4r jag sett den s\u00e5 t\u00e4nkte jag g\u00f6ra som jag gjort med de andra filmerna i Twilight-serien: recensera\u2026","rel":"","context":"I \u201dVardagsliv\u201d","block_context":{"text":"Vardagsliv","link":"https:\/\/blogg.fumei.se\/?cat=47"},"img":{"alt_text":"","src":"","width":0,"height":0},"classes":[]},{"id":893,"url":"https:\/\/blogg.fumei.se\/?p=893","url_meta":{"origin":237,"position":2},"title":"S\u00f6ndag igen","author":"M :)","date":"2009-04-26","format":false,"excerpt":"och inte fullt s\u00e5 vackert v\u00e4der som alla v\u00e4derleksrapporterna utlovat, men spela roll...jag f\u00e5r gjort mer h\u00e4r hemma p\u00e5 det s\u00e4ttet. Jag ska st\u00e4da lite (det tar inte fullt s\u00e5 l\u00e5ng tid l\u00e4ngre att f\u00e5 rent i v\u00e5rt hem) och sen blir det en tur i skogen.Har sparkat ig\u00e5ng Spotify\u2026","rel":"","context":"I \u201dVardagsliv\u201d","block_context":{"text":"Vardagsliv","link":"https:\/\/blogg.fumei.se\/?cat=47"},"img":{"alt_text":"","src":"","width":0,"height":0},"classes":[]},{"id":201,"url":"https:\/\/blogg.fumei.se\/?p=201","url_meta":{"origin":237,"position":3},"title":"Eclipse &#8211; recension. Eller n\u00e5t.","author":"M :)","date":"2010-07-10","format":false,"excerpt":"Ni vet v\u00e4l redan vad jag tycker om den h\u00e4r serien.\u00a0F\u00f6r den som\u00a0inte vet, s\u00e5 kan jag meddela att jag \u00e4lskar b\u00f6ckerna, men \u00e4r lite mer kyligt inst\u00e4lld till filmerna. Den f\u00f6rsta var okej att se, men absolut inte den h\u00f6jdarfilm som m\u00e5nga s\u00e4ger, medan film nummer tv\u00e5 var n\u00e5gra\u2026","rel":"","context":"I \u201dFilmer och TV\u201d","block_context":{"text":"Filmer och TV","link":"https:\/\/blogg.fumei.se\/?cat=43"},"img":{"alt_text":"","src":"","width":0,"height":0},"classes":[]},{"id":240,"url":"https:\/\/blogg.fumei.se\/?p=240","url_meta":{"origin":237,"position":4},"title":"Lillel\u00f6rdag","author":"EmEff","date":"2010-05-05","format":false,"excerpt":"Ja, onsdag, allts\u00e5. Inte f\u00f6r att det spelar mig n\u00e5gon roll, f\u00f6r jag ska ju jobba imorgon s\u00e5 det blir inget partajande f\u00f6r min del. Idag har jag varit p\u00e5 utbildningsdag. Det var nyttigt, givande och trevligt. Lite nya saker att l\u00e4ra sig (v\u00e5rd av sjuka barn p\u00e5 BB), lite\u2026","rel":"","context":"I \u201dVardagsliv\u201d","block_context":{"text":"Vardagsliv","link":"https:\/\/blogg.fumei.se\/?cat=47"},"img":{"alt_text":"","src":"","width":0,"height":0},"classes":[]},{"id":996,"url":"https:\/\/blogg.fumei.se\/?p=996","url_meta":{"origin":237,"position":5},"title":"Sk\u00f6na s\u00f6ndag","author":"M :)","date":"2009-06-07","format":false,"excerpt":"Dagen har varit ganska okej. Visserligen har mesta delen av den g\u00e5tt \u00e5t till att st\u00e4da h\u00e4r hemma - grundligt! - men jag har \u00e4nd\u00e5 tagit det ganska lugnt. Vid lunchtid hade jag ganska ont i ryggen, men t\u00e4nkte att det var nog f\u00f6r att jag lyfte och b\u00f6jde mig\u2026","rel":"","context":"I \u201dVardagsliv\u201d","block_context":{"text":"Vardagsliv","link":"https:\/\/blogg.fumei.se\/?cat=47"},"img":{"alt_text":"","src":"","width":0,"height":0},"classes":[]}],"_links":{"self":[{"href":"https:\/\/blogg.fumei.se\/index.php?rest_route=\/wp\/v2\/posts\/237","targetHints":{"allow":["GET"]}}],"collection":[{"href":"https:\/\/blogg.fumei.se\/index.php?rest_route=\/wp\/v2\/posts"}],"about":[{"href":"https:\/\/blogg.fumei.se\/index.php?rest_route=\/wp\/v2\/types\/post"}],"author":[{"embeddable":true,"href":"https:\/\/blogg.fumei.se\/index.php?rest_route=\/wp\/v2\/users\/1"}],"replies":[{"embeddable":true,"href":"https:\/\/blogg.fumei.se\/index.php?rest_route=%2Fwp%2Fv2%2Fcomments&post=237"}],"version-history":[{"count":0,"href":"https:\/\/blogg.fumei.se\/index.php?rest_route=\/wp\/v2\/posts\/237\/revisions"}],"wp:attachment":[{"href":"https:\/\/blogg.fumei.se\/index.php?rest_route=%2Fwp%2Fv2%2Fmedia&parent=237"}],"wp:term":[{"taxonomy":"category","embeddable":true,"href":"https:\/\/blogg.fumei.se\/index.php?rest_route=%2Fwp%2Fv2%2Fcategories&post=237"},{"taxonomy":"post_tag","embeddable":true,"href":"https:\/\/blogg.fumei.se\/index.php?rest_route=%2Fwp%2Fv2%2Ftags&post=237"}],"curies":[{"name":"wp","href":"https:\/\/api.w.org\/{rel}","templated":true}]}}