{"id":2376,"date":"2012-05-21T12:42:08","date_gmt":"2012-05-21T10:42:08","guid":{"rendered":"http:\/\/blogg.fumei.se\/?p=2376"},"modified":"2012-05-24T19:00:20","modified_gmt":"2012-05-24T17:00:20","slug":"det-ar-fias-dag-idag","status":"publish","type":"post","link":"https:\/\/blogg.fumei.se\/?p=2376","title":{"rendered":"Det \u00e4r Fias dag idag!"},"content":{"rendered":"<h1 style=\"text-align: center;\"><span style=\"color: #800080;\">Grattis<\/span><\/h1>\n<p style=\"text-align: center;\">min stora lilla grodprinsessa!!<\/p>\n<p><a href=\"https:\/\/i0.wp.com\/blogg.fumei.se\/wp-content\/uploads\/2012\/05\/Fia19-emeff20121.png?ssl=1\"><img data-recalc-dims=\"1\" loading=\"lazy\" decoding=\"async\" data-attachment-id=\"2378\" data-permalink=\"https:\/\/blogg.fumei.se\/?attachment_id=2378\" data-orig-file=\"https:\/\/i0.wp.com\/blogg.fumei.se\/wp-content\/uploads\/2012\/05\/Fia19-emeff20121.png?fit=1800%2C1376&amp;ssl=1\" data-orig-size=\"1800,1376\" data-comments-opened=\"1\" data-image-meta=\"{&quot;aperture&quot;:&quot;0&quot;,&quot;credit&quot;:&quot;&quot;,&quot;camera&quot;:&quot;&quot;,&quot;caption&quot;:&quot;&quot;,&quot;created_timestamp&quot;:&quot;0&quot;,&quot;copyright&quot;:&quot;&quot;,&quot;focal_length&quot;:&quot;0&quot;,&quot;iso&quot;:&quot;0&quot;,&quot;shutter_speed&quot;:&quot;0&quot;,&quot;title&quot;:&quot;&quot;}\" data-image-title=\"Fia19-emeff2012\" data-image-description=\"\" data-image-caption=\"\" data-large-file=\"https:\/\/i0.wp.com\/blogg.fumei.se\/wp-content\/uploads\/2012\/05\/Fia19-emeff20121.png?fit=640%2C488&amp;ssl=1\" class=\"wp-image-2378 aligncenter\" title=\"Fia19-emeff2012\" src=\"https:\/\/i0.wp.com\/blogg.fumei.se\/wp-content\/uploads\/2012\/05\/Fia19-emeff20121-300x229.png?resize=300%2C229&#038;ssl=1\" alt=\"\" width=\"300\" height=\"229\" srcset=\"https:\/\/i0.wp.com\/blogg.fumei.se\/wp-content\/uploads\/2012\/05\/Fia19-emeff20121.png?resize=300%2C229&amp;ssl=1 300w, https:\/\/i0.wp.com\/blogg.fumei.se\/wp-content\/uploads\/2012\/05\/Fia19-emeff20121.png?resize=650%2C496&amp;ssl=1 650w, https:\/\/i0.wp.com\/blogg.fumei.se\/wp-content\/uploads\/2012\/05\/Fia19-emeff20121.png?w=1800&amp;ssl=1 1800w, https:\/\/i0.wp.com\/blogg.fumei.se\/wp-content\/uploads\/2012\/05\/Fia19-emeff20121.png?w=1280&amp;ssl=1 1280w\" sizes=\"auto, (max-width: 300px) 100vw, 300px\" \/><\/a><\/p>\n","protected":false},"excerpt":{"rendered":"<p>Grattis min stora lilla grodprinsessa!!<\/p>\n","protected":false},"author":1,"featured_media":0,"comment_status":"open","ping_status":"open","sticky":false,"template":"","format":"standard","meta":{"jetpack_post_was_ever_published":false,"_jetpack_newsletter_access":"","_jetpack_dont_email_post_to_subs":false,"_jetpack_newsletter_tier_id":0,"_jetpack_memberships_contains_paywalled_content":false,"_jetpack_memberships_contains_paid_content":false,"footnotes":"","jetpack_publicize_message":"","jetpack_publicize_feature_enabled":true,"jetpack_social_post_already_shared":false,"jetpack_social_options":{"image_generator_settings":{"template":"highway","default_image_id":0,"font":"","enabled":false},"version":2}},"categories":[47],"tags":[185,184,106,183],"class_list":["post-2376","post","type-post","status-publish","format-standard","hentry","category-vardagsliv","tag-dotter","tag-fia","tag-fodelsedag","tag-sophia"],"jetpack_publicize_connections":[],"jetpack_featured_media_url":"","jetpack_shortlink":"https:\/\/wp.me\/p3qko4-Ck","jetpack_sharing_enabled":true,"jetpack_likes_enabled":true,"jetpack-related-posts":[{"id":5857,"url":"https:\/\/blogg.fumei.se\/?p=5857","url_meta":{"origin":2376,"position":0},"title":"Sophia 30 \u00e5r!","author":"M :)","date":"2023-05-21","format":false,"excerpt":"Liten blir stor! Idag f\u00f6r 30 \u00e5r sedan kom en liten flicka till v\u00e4rlden som f\u00f6r alltid f\u00f6r\u00e4ndrade mitt liv. Nu \u00e4r den lilla flickan vuxen och har sin egen lilla familj, men du kommer alltid att vara min lilla grodprinsessa! \u2764\ufe0f \u2764\ufe0f Grattis p\u00e5 f\u00f6delsedagen, \u00e4lskade unge!! \u2764\ufe0f","rel":"","context":"I \u201dFamiljen\u201d","block_context":{"text":"Familjen","link":"https:\/\/blogg.fumei.se\/?cat=34"},"img":{"alt_text":"","src":"https:\/\/i0.wp.com\/blogg.fumei.se\/wp-content\/uploads\/2024\/02\/8D2C49B5-D1DA-4E53-B51A-5310608CE236_4_5005_c-e1707663988725.jpeg?resize=350%2C200","width":350,"height":200},"classes":[]},{"id":224,"url":"https:\/\/blogg.fumei.se\/?p=224","url_meta":{"origin":2376,"position":1},"title":"Hurra hurra hurra hurra!","author":"M :)","date":"2010-05-21","format":false,"excerpt":"Idag fyller min \u00e4lskade lilla stora s\u00f6ta obstinata vr\u00e5nga gosiga spralliga h\u00e4rliga underbara dotter 17 \u00e5r. GRATTIS p\u00e5 f\u00f6delsedagen Sophia","rel":"","context":"I \u201dVardagsliv\u201d","block_context":{"text":"Vardagsliv","link":"https:\/\/blogg.fumei.se\/?cat=47"},"img":{"alt_text":"","src":"","width":0,"height":0},"classes":[]},{"id":41,"url":"https:\/\/blogg.fumei.se\/?p=41","url_meta":{"origin":2376,"position":2},"title":"Proudly presents&#8230;","author":"M :)","date":"2011-05-21","format":false,"excerpt":"dagens f\u00f6delsedagsbarn: Det \u00e4r lite sv\u00e5rt att fatta, men f\u00f6r 18 \u00e5r sedan l\u00e5g jag p\u00e5 BB N\u00c4L med den allra underbaraste lilla bebisflicka i famnen! Genom \u00e5ren har det inte alltid varit lika underbart, men hon kommer alltid att vara min \u00e4lskade, s\u00f6taste dotter! GRATTIS P\u00c5 F\u00d6DELSEDAGEN SOPHIA!","rel":"","context":"I \u201dFamiljen\u201d","block_context":{"text":"Familjen","link":"https:\/\/blogg.fumei.se\/?cat=34"},"img":{"alt_text":"","src":"https:\/\/i0.wp.com\/blogg.fumei.se\/wp-content\/uploads\/2011\/05\/fia18scrap-emeff2011-1024x1024.png?resize=350%2C200","width":350,"height":200,"srcset":"https:\/\/i0.wp.com\/blogg.fumei.se\/wp-content\/uploads\/2011\/05\/fia18scrap-emeff2011-1024x1024.png?resize=350%2C200 1x, https:\/\/i0.wp.com\/blogg.fumei.se\/wp-content\/uploads\/2011\/05\/fia18scrap-emeff2011-1024x1024.png?resize=525%2C300 1.5x"},"classes":[]},{"id":40,"url":"https:\/\/blogg.fumei.se\/?p=40","url_meta":{"origin":2376,"position":3},"title":"Kalasdax","author":"M :)","date":"2011-05-21","format":false,"excerpt":"Idag firade vi Fias intr\u00e4de i vuxenv\u00e4rlden. Det \u00e4r inte varje dag man fyller 18, s\u00e5 jag ville g\u00e4rna g\u00f6ra det lite extra f\u00f6r henne, men fr\u00f6ken hade gjort upp egna planer, s\u00e5 det fick bli som det blev av det hela. En sak lyckades vi f\u00e5 med i alla\u2026","rel":"","context":"I \u201dVardagsliv\u201d","block_context":{"text":"Vardagsliv","link":"https:\/\/blogg.fumei.se\/?cat=47"},"img":{"alt_text":"","src":"https:\/\/i0.wp.com\/blogg.fumei.se\/wp-content\/uploads\/2011\/05\/P1110400.jpg?resize=350%2C200","width":350,"height":200},"classes":[]},{"id":3304,"url":"https:\/\/blogg.fumei.se\/?p=3304","url_meta":{"origin":2376,"position":4},"title":"Min vackra dotter","author":"M :)","date":"2014-05-21","format":false,"excerpt":"Du f\u00f6ddes en varm majeftermiddag d\u00e5 \u00e5skan mullrade och f\u00f6rsommarregnet ritade vackra m\u00f6nster p\u00e5 f\u00f6nstren. Tja, du var inte s\u00e5 ivrig att komma ut, f\u00f6r du v\u00e4ntade tills 13 dagar efter utsatt datum, men\u00a0n\u00e4r den dagen kom spelade\u00a0alla \"\u00f6vertidsdagar\" inte\u00a0l\u00e4ngre n\u00e5gon roll... Och n\u00e4r du v\u00e4l\u00a0f\u00f6ddes \u00a013.35, s\u00e5 uppenbarade sig\u2026","rel":"","context":"I \u201dFamiljen\u201d","block_context":{"text":"Familjen","link":"https:\/\/blogg.fumei.se\/?cat=34"},"img":{"alt_text":"Fia21blogg-emeff2014","src":"https:\/\/i0.wp.com\/blogg.fumei.se\/wp-content\/uploads\/2014\/05\/Fia21blogg-emeff2014.jpg?resize=350%2C200","width":350,"height":200,"srcset":"https:\/\/i0.wp.com\/blogg.fumei.se\/wp-content\/uploads\/2014\/05\/Fia21blogg-emeff2014.jpg?resize=350%2C200 1x, https:\/\/i0.wp.com\/blogg.fumei.se\/wp-content\/uploads\/2014\/05\/Fia21blogg-emeff2014.jpg?resize=525%2C300 1.5x"},"classes":[]},{"id":2955,"url":"https:\/\/blogg.fumei.se\/?p=2955","url_meta":{"origin":2376,"position":5},"title":"Liten blir stor","author":"M :)","date":"2013-05-21","format":false,"excerpt":"20 \u00e5r har g\u00e5tt sen du best\u00e4mde dig f\u00f6r att nu hade vi v\u00e4ntat l\u00e4nge nog. 13 dagar drog du ut p\u00e5 det, men n\u00e4r vi v\u00e4l kom till f\u00f6rlossningen fick du br\u00e5ttom ut, bara 3,5 timme tog det innan jag fick upp dig p\u00e5 mitt br\u00f6st. Hela ditt liv\u2026","rel":"","context":"I \u201dVardagsliv\u201d","block_context":{"text":"Vardagsliv","link":"https:\/\/blogg.fumei.se\/?cat=47"},"img":{"alt_text":"","src":"","width":0,"height":0},"classes":[]}],"_links":{"self":[{"href":"https:\/\/blogg.fumei.se\/index.php?rest_route=\/wp\/v2\/posts\/2376","targetHints":{"allow":["GET"]}}],"collection":[{"href":"https:\/\/blogg.fumei.se\/index.php?rest_route=\/wp\/v2\/posts"}],"about":[{"href":"https:\/\/blogg.fumei.se\/index.php?rest_route=\/wp\/v2\/types\/post"}],"author":[{"embeddable":true,"href":"https:\/\/blogg.fumei.se\/index.php?rest_route=\/wp\/v2\/users\/1"}],"replies":[{"embeddable":true,"href":"https:\/\/blogg.fumei.se\/index.php?rest_route=%2Fwp%2Fv2%2Fcomments&post=2376"}],"version-history":[{"count":5,"href":"https:\/\/blogg.fumei.se\/index.php?rest_route=\/wp\/v2\/posts\/2376\/revisions"}],"predecessor-version":[{"id":2383,"href":"https:\/\/blogg.fumei.se\/index.php?rest_route=\/wp\/v2\/posts\/2376\/revisions\/2383"}],"wp:attachment":[{"href":"https:\/\/blogg.fumei.se\/index.php?rest_route=%2Fwp%2Fv2%2Fmedia&parent=2376"}],"wp:term":[{"taxonomy":"category","embeddable":true,"href":"https:\/\/blogg.fumei.se\/index.php?rest_route=%2Fwp%2Fv2%2Fcategories&post=2376"},{"taxonomy":"post_tag","embeddable":true,"href":"https:\/\/blogg.fumei.se\/index.php?rest_route=%2Fwp%2Fv2%2Ftags&post=2376"}],"curies":[{"name":"wp","href":"https:\/\/api.w.org\/{rel}","templated":true}]}}