{"id":2386,"date":"2012-05-27T23:53:13","date_gmt":"2012-05-27T21:53:13","guid":{"rendered":"http:\/\/blogg.fumei.se\/?p=2386"},"modified":"2012-05-28T17:40:31","modified_gmt":"2012-05-28T15:40:31","slug":"hant-i-veckan","status":"publish","type":"post","link":"https:\/\/blogg.fumei.se\/?p=2386","title":{"rendered":"H\u00e4nt i veckan"},"content":{"rendered":"<p>Eller ja. Det blir nog mer \u00e4n i veckan, men ni fattar.<br \/>\nJag har jobbat. Kors i taket, det g\u00f6r jag ju s\u00e5 s\u00e4llan. Inte. Ibland k\u00e4nns det som att jag \u00e4r mer p\u00e5 jobbet \u00e4n hemma. Inte blir det b\u00e4ttre nu under sommaren heller, f\u00f6r d\u00e5 m\u00e5ste vi som har en heltidstj\u00e4nst men bara jobbar deltid g\u00e5 upp till heltiden f\u00f6r att det ska tackar med kompetent personal \u00e4ven om folk g\u00e5r p\u00e5 semester. Men jaja, sova f\u00e5r jag g\u00f6ra i graven, och dessutom klirrar det lite trevligare i kassan. Det \u00e4r ju extra bra n\u00e4r vi nu ska till Roma!<\/p>\n<p>De stunder jag inte har tillbringat p\u00e5 jobbet har jag firat Fias 19-\u00e5rsdag, storhandlat, b\u00f6rjat motionera <em>p\u00e5 riktigt<\/em>, firat mors dag och strukit hela min garderob. Strukit som i att man anv\u00e4nder strykj\u00e4rn. Motionen har best\u00e5tt mestadels \u00e5t r\u00e4tt s\u00e5 raska promenader p\u00e5 ungef\u00e4r 30 minuter varje g\u00e5ng, men jag har cyklat ocks\u00e5. Premi\u00e4rturen f\u00f6r i \u00e5r blev i onsdags, och jag kan meddela att man f\u00e5r ganska ont i rumpan efter att ha cyklat n\u00e4stan 2 mil.<br \/>\nMen minus ett kilo p\u00e5 en vecka tycker jag k\u00e4nns helt okej, s\u00e5 jag f\u00e5r helt enkelt k\u00f6ra s\u00e5.<\/p>\n<p>S\u00e5 har jag sett mello och f\u00f6rundrat och f\u00f6rfasat mig \u00f6ver att s\u00e5 m\u00e5nga bidrag \u00e4r s\u00e5 f\u00f6rf\u00e4rande kassa, att jag bara hittade tv\u00e5 eller kanske tre bidrag\u00a0 &#8211; inklusive Sveriges &#8211; som var n\u00e5t att ha. Och grattis Loreen (som med all s\u00e4kerhet aldrig kommer att l\u00e4sa den h\u00e4r bloggen, men \u00e4nd\u00e5) till vinsten i Eurovisionsschlagerfestivalen 2012!<\/p>\n<p>Tills sist firades det Mors dag h\u00e4r hemma. Eller tv\u00e4rs \u00f6ver g\u00e5rden hos mor och far. Kaffe och rullt\u00e5rta och kakor och en liten bukett konvaljer till mor, med vidh\u00e4ngande biljett till <a href=\"http:\/\/sv.opera.se\/forestallningar\/giselle-2011-2012\/\" target=\"_blank\">Giselle <\/a>p\u00e5 G\u00f6teborgsoperan om en vecka.\u00a0 Mor blev glad.<\/p>\n","protected":false},"excerpt":{"rendered":"<p>Eller ja. Det blir nog mer \u00e4n i veckan, men ni fattar. Jag har jobbat. Kors i taket, det g\u00f6r jag ju s\u00e5 s\u00e4llan. Inte. Ibland k\u00e4nns det som att jag \u00e4r mer p\u00e5 jobbet \u00e4n hemma. Inte blir det b\u00e4ttre nu under sommaren heller, f\u00f6r d\u00e5 m\u00e5ste vi som har en heltidstj\u00e4nst men bara&#8230;<\/p>\n","protected":false},"author":1,"featured_media":0,"comment_status":"open","ping_status":"open","sticky":false,"template":"","format":"standard","meta":{"jetpack_post_was_ever_published":false,"_jetpack_newsletter_access":"","_jetpack_dont_email_post_to_subs":false,"_jetpack_newsletter_tier_id":0,"_jetpack_memberships_contains_paywalled_content":false,"_jetpack_memberships_contains_paid_content":false,"footnotes":"","jetpack_publicize_message":"","jetpack_publicize_feature_enabled":true,"jetpack_social_post_already_shared":false,"jetpack_social_options":{"image_generator_settings":{"template":"highway","default_image_id":0,"font":"","enabled":false},"version":2}},"categories":[47],"tags":[],"class_list":["post-2386","post","type-post","status-publish","format-standard","hentry","category-vardagsliv"],"jetpack_publicize_connections":[],"jetpack_featured_media_url":"","jetpack_shortlink":"https:\/\/wp.me\/p3qko4-Cu","jetpack_sharing_enabled":true,"jetpack_likes_enabled":true,"jetpack-related-posts":[{"id":310,"url":"https:\/\/blogg.fumei.se\/?p=310","url_meta":{"origin":2386,"position":0},"title":"M\u00e5ndag. Igen.","author":"M :)","date":"2010-02-01","format":false,"excerpt":"Var p\u00e5 vippen att skriva \"hur m\u00e5nga m\u00e5ndagar finns det egentligen?\", men kom p\u00e5 att det kunde nog uppfattas lite blont haha. Men ibland k\u00e4nns det som om det nyss var b\u00f6rjan p\u00e5 veckan, och s\u00e5 \u00e4r det pl\u00f6tsligt det igen! Jag \u00e4r i alla fall ledig idag, och har\u2026","rel":"","context":"I \u201dVardagsliv\u201d","block_context":{"text":"Vardagsliv","link":"https:\/\/blogg.fumei.se\/?cat=47"},"img":{"alt_text":"","src":"","width":0,"height":0},"classes":[]},{"id":265,"url":"https:\/\/blogg.fumei.se\/?p=265","url_meta":{"origin":2386,"position":1},"title":"Tjej&#038;Killsnack vecka 12","author":"EmEff","date":"2010-03-23","format":false,"excerpt":"L\u00e4s mer om vad TJEJ&KILLSNACK \u00e4r\/hitta alla fr\u00e5gor h\u00e4r. Rutiner 1. Hur ser dina ink\u00f6psvanor ut?Jag storhandlar en g\u00e5ng i m\u00e5nade. D\u00e5 k\u00f6per jag allt som g\u00e5r att frysa in och alla konserver och torrvaror, allts\u00e5 s\u00e5nt som h\u00e5ller l\u00e4nge. Sen brukar det bli ett par v\u00e4ndor till aff\u00e4ren varje\u2026","rel":"","context":"I \u201dVardagsliv\u201d","block_context":{"text":"Vardagsliv","link":"https:\/\/blogg.fumei.se\/?cat=47"},"img":{"alt_text":"","src":"","width":0,"height":0},"classes":[]},{"id":757,"url":"https:\/\/blogg.fumei.se\/?p=757","url_meta":{"origin":2386,"position":2},"title":"Andra advent","author":"M :)","date":"2008-12-07","format":false,"excerpt":"\u00e4r det idag, och idag fick jag i alla fall n\u00e5gon slags adventfika. F\u00f6rra veckan blev det inget s\u00e5nt, men idag kom mor och far hit en sv\u00e4ng n\u00e4r jag kom hem fr\u00e5n jobbet, och de hade lussebullar med sig. Gott! Jag skrev inget i bloggen ig\u00e5r, f\u00f6r det var\u2026","rel":"","context":"I \u201dVardagsliv\u201d","block_context":{"text":"Vardagsliv","link":"https:\/\/blogg.fumei.se\/?cat=47"},"img":{"alt_text":"","src":"","width":0,"height":0},"classes":[]},{"id":1134,"url":"https:\/\/blogg.fumei.se\/?p=1134","url_meta":{"origin":2386,"position":3},"title":"Jobba, jobba, jobba&#8230;","author":"M :)","date":"2009-09-05","format":false,"excerpt":"Ja det k\u00e4nns som om jag inte g\u00f6r mycket annat \u00e4n jobbar. Men f\u00f6rhoppningsvis v\u00e4ger de extrapass jag jobbat den h\u00e4r veckan upp f\u00f6r sjukskrivningen f\u00f6rra veckan, s\u00e5 att jag inte f\u00f6rlorar alldeles f\u00f6r mycket p\u00e5 det. Nu \u00e4r jag i alla fall ledig. L\u00e5nghelg. L\u00f6rdag, S\u00f6ndag och M\u00e5ndag. Fast\u2026","rel":"","context":"I \u201dVardagsliv\u201d","block_context":{"text":"Vardagsliv","link":"https:\/\/blogg.fumei.se\/?cat=47"},"img":{"alt_text":"","src":"","width":0,"height":0},"classes":[]},{"id":2888,"url":"https:\/\/blogg.fumei.se\/?p=2888","url_meta":{"origin":2386,"position":4},"title":"Nytt \u00e5r &#8211; nya tag","author":"M :)","date":"2013-01-07","format":false,"excerpt":"Hej 2013. \u00c4n s\u00e5 l\u00e4nge har du inte bjudit p\u00e5 n\u00e5gra spektakul\u00e4ra eller minnesv\u00e4rda h\u00e4ndelser, om man inte r\u00e4knar med ink\u00f6pet av tv\u00e4ttmaskinen, f\u00f6rst\u00e5s. Samma tv\u00e4ttmaskin som envisas med att studsa runt i badrummet n\u00e4r den centrifugerar. S\u00e5 den st\u00e5r oanv\u00e4nd tills n\u00e5gon nisse har kollat p\u00e5 den. Men jag\u00a0har\u00a0i\u2026","rel":"","context":"I \u201dVardagsliv\u201d","block_context":{"text":"Vardagsliv","link":"https:\/\/blogg.fumei.se\/?cat=47"},"img":{"alt_text":"","src":"","width":0,"height":0},"classes":[]},{"id":145,"url":"https:\/\/blogg.fumei.se\/?p=145","url_meta":{"origin":2386,"position":5},"title":"Jul, jul, str\u00e5lande jul&#8230;","author":"M :)","date":"2010-12-27","format":false,"excerpt":"Julen har b\u00e5de kommit och g\u00e5tt, och jag har varit urd\u00e5lig p\u00e5 att blogga den senaste tiden, s\u00e5 nu blir det ett s\u00e5nt d\u00e4r komprimerande inl\u00e4gg igen.Jag har som vanligt jobbat en massa, och knappt gjort n\u00e5got annat. N\u00e5got s\u00e4rskilt julpyntande eller fixande har jag inte beh\u00f6vt \u00e4gna mig \u00e5t,\u2026","rel":"","context":"I \u201dVardagsliv\u201d","block_context":{"text":"Vardagsliv","link":"https:\/\/blogg.fumei.se\/?cat=47"},"img":{"alt_text":"","src":"","width":0,"height":0},"classes":[]}],"_links":{"self":[{"href":"https:\/\/blogg.fumei.se\/index.php?rest_route=\/wp\/v2\/posts\/2386","targetHints":{"allow":["GET"]}}],"collection":[{"href":"https:\/\/blogg.fumei.se\/index.php?rest_route=\/wp\/v2\/posts"}],"about":[{"href":"https:\/\/blogg.fumei.se\/index.php?rest_route=\/wp\/v2\/types\/post"}],"author":[{"embeddable":true,"href":"https:\/\/blogg.fumei.se\/index.php?rest_route=\/wp\/v2\/users\/1"}],"replies":[{"embeddable":true,"href":"https:\/\/blogg.fumei.se\/index.php?rest_route=%2Fwp%2Fv2%2Fcomments&post=2386"}],"version-history":[{"count":3,"href":"https:\/\/blogg.fumei.se\/index.php?rest_route=\/wp\/v2\/posts\/2386\/revisions"}],"predecessor-version":[{"id":2388,"href":"https:\/\/blogg.fumei.se\/index.php?rest_route=\/wp\/v2\/posts\/2386\/revisions\/2388"}],"wp:attachment":[{"href":"https:\/\/blogg.fumei.se\/index.php?rest_route=%2Fwp%2Fv2%2Fmedia&parent=2386"}],"wp:term":[{"taxonomy":"category","embeddable":true,"href":"https:\/\/blogg.fumei.se\/index.php?rest_route=%2Fwp%2Fv2%2Fcategories&post=2386"},{"taxonomy":"post_tag","embeddable":true,"href":"https:\/\/blogg.fumei.se\/index.php?rest_route=%2Fwp%2Fv2%2Ftags&post=2386"}],"curies":[{"name":"wp","href":"https:\/\/api.w.org\/{rel}","templated":true}]}}