{"id":239,"date":"2010-05-07T20:18:00","date_gmt":"2010-05-07T20:18:00","guid":{"rendered":"\/Blogg\/post\/Foljetongen-Karlek-pa-distans-del-417-(eller-nat).aspx"},"modified":"2010-05-07T20:18:00","modified_gmt":"2010-05-07T20:18:00","slug":"foljetongen-karlek-pa-distans-del-417-eller-nat","status":"publish","type":"post","link":"https:\/\/blogg.fumei.se\/?p=239","title":{"rendered":"F\u00f6ljetongen &#8221;K\u00e4rlek p\u00e5 distans&#8221;, del 417 (eller n\u00e5t)"},"content":{"rendered":"<p>Det b&ouml;rjar k&auml;nnas som en tr&aring;kig s&aring;pa. Samma sak dag in och dag ut &#8211; inga brev och inga svar. Den h&auml;r veckan har jag varit lite mer aktiv i att f&ouml;rs&ouml;ka f&aring; reda p&aring; hur det g&aring;r med v&aring;rt &auml;rende. I tisdags ringde jag den handl&auml;ggare som skickade brev till mig, men hon var inte d&auml;r, s&aring; jag f&ouml;rs&ouml;kte igen p&aring; onsdag morgon. Hon var fortfarande inte p&aring; plats, s&aring; jag ringde kundtj&auml;nst som kopplade mig till en annan handl&auml;ggare. Som naturligtvis inte kunde svara p&aring; mina fr&aring;gor utan h&auml;visade mig till ytterligare en annan handl&auml;ggare! Man undrar ju varf&ouml;r en handl&auml;ggare skriver till mig medan en annan ska handl&auml;gga det hela?<\/p>\n<p>Idag ringde jag upp denna person, och som tur var svarade han p&aring; en g&aring;ng. (Jag var lite lagom stressad, f&ouml;r jag stod p&aring; f&ouml;rlossningssal fr&aring;n 6.50 till 9.15, och MV:s telefontider &auml;r 8.30-9.30, s&aring; det var p&aring; h&aring;ret.)<br \/>Jag talade om vad jag ville, dvs f&aring; veta hur mycket l&auml;ngre tid det kommer att ta innan jag och J f&aring;r ett besked om han f&aring;r komma hit eller inte. D&aring; s&auml;ger m&auml;nniskan att han just fick detta &auml;rendet tilldelat sig f&ouml;r bara tv&aring; veckor sen! Och att han inte hunnit titta p&aring; det &auml;n, men att han kommer att g&ouml;ra det idag eller p&aring; m&aring;ndag. <br \/>Men s&aring; bra, sa jag, d&aring; kan jag f&aring; ett besked n&auml;sta vecka d&aring;? Nej s&aring; fort g&aring;r det ju inte, menade han, f&ouml;r f&ouml;rst ska det kollas igenom, sen ska beslut skrivas, sen ska beslutet tas upp i en beslutsfattande grupp (eller n&aring;t s&aring;nt) och sen var det n&aring;got mer som jag inte h&ouml;rde, f&ouml;r d&auml;r hade jag redan st&auml;ngt av. Efter dessa turer f&aring;r man ett besked. Vilket i praktiken inneb&auml;r <em>minst<\/em> en m&aring;nad till i handl&auml;ggningstid.<\/p>\n<p>Jag fr&aring;gade hur det kan komma sig att man inte meddelar de ber&ouml;rda parterna att det kommer att ta l&auml;ngre tid, och s&aring; fr&aring;gade jag om de kanske r&auml;knar med att folk drar tillbaka sina ans&ouml;kningar pga att det tar s&aring; l&aring;ng tid att folk tr&ouml;ttnar p&aring; att ha l&aring;ngdistansf&ouml;rh&aring;llanden. Neeeej s&aring; t&auml;nker vi naturligtvis inte, men v&aring;r enhet har aldrig varit s&aring; h&auml;r h&aring;rt belastad f&ouml;rut, var det lite lagom vaga svar han gav mig.<\/p>\n<p>S&aring; nu vet ni &#8211; och jag &#8211; att det ser inte ut som om jag kommer att f&aring; ett svar f&ouml;rr&auml;n <em>tidigast<\/em> efter midsommar, och jag kommer inte att bli sambo f&ouml;rr&auml;n tidigast efter semestern. Och bara s&aring; ni vet, s&aring; &auml;r jag hj&auml;rtligt tr&ouml;tt p&aring; byr&aring;krati, myndigheter och att bli bollad runt.<\/p>\n","protected":false},"excerpt":{"rendered":"<p>Det b&ouml;rjar k&auml;nnas som en tr&aring;kig s&aring;pa. Samma sak dag in och dag ut &#8211; inga brev och inga svar. Den h&auml;r veckan har jag varit lite mer aktiv i att f&ouml;rs&ouml;ka f&aring; reda p&aring; hur det g&aring;r med v&aring;rt &auml;rende. I tisdags ringde jag den handl&auml;ggare som skickade brev till mig, men hon var&#8230;<\/p>\n","protected":false},"author":1,"featured_media":0,"comment_status":"open","ping_status":"open","sticky":false,"template":"","format":"standard","meta":{"jetpack_post_was_ever_published":false,"_jetpack_newsletter_access":"","_jetpack_dont_email_post_to_subs":false,"_jetpack_newsletter_tier_id":0,"_jetpack_memberships_contains_paywalled_content":false,"_jetpack_memberships_contains_paid_content":false,"footnotes":"","jetpack_publicize_message":"","jetpack_publicize_feature_enabled":true,"jetpack_social_post_already_shared":false,"jetpack_social_options":{"image_generator_settings":{"template":"highway","default_image_id":0,"font":"","enabled":false},"version":2}},"categories":[47],"tags":[],"class_list":["post-239","post","type-post","status-publish","format-standard","hentry","category-vardagsliv"],"jetpack_publicize_connections":[],"jetpack_featured_media_url":"","jetpack_shortlink":"https:\/\/wp.me\/p3qko4-3R","jetpack_sharing_enabled":true,"jetpack_likes_enabled":true,"jetpack-related-posts":[{"id":240,"url":"https:\/\/blogg.fumei.se\/?p=240","url_meta":{"origin":239,"position":0},"title":"Lillel\u00f6rdag","author":"EmEff","date":"2010-05-05","format":false,"excerpt":"Ja, onsdag, allts\u00e5. Inte f\u00f6r att det spelar mig n\u00e5gon roll, f\u00f6r jag ska ju jobba imorgon s\u00e5 det blir inget partajande f\u00f6r min del. Idag har jag varit p\u00e5 utbildningsdag. Det var nyttigt, givande och trevligt. Lite nya saker att l\u00e4ra sig (v\u00e5rd av sjuka barn p\u00e5 BB), lite\u2026","rel":"","context":"I \u201dVardagsliv\u201d","block_context":{"text":"Vardagsliv","link":"https:\/\/blogg.fumei.se\/?cat=47"},"img":{"alt_text":"","src":"","width":0,"height":0},"classes":[]},{"id":215,"url":"https:\/\/blogg.fumei.se\/?p=215","url_meta":{"origin":239,"position":1},"title":"Senaste nytt","author":"EmEff","date":"2010-06-15","format":false,"excerpt":"F\u00f6rra g\u00e5ngen jag pratade med handl\u00e4ggaren p\u00e5 MV sa han ju att jag skulle \u00e5terkomma om en m\u00e5nad och d\u00e5 skulle han kunna ha ett n\u00e4rmare besked \u00e5t mig. Efter att ha f\u00f6rs\u00f6kt komma \u00e5t en telefon under sj\u00e4lva telefontiden (en timme mellan 8.30 och 9.30)\u00a0och, de g\u00e5nger jag lyckats\u2026","rel":"","context":"I \u201dVardagsliv\u201d","block_context":{"text":"Vardagsliv","link":"https:\/\/blogg.fumei.se\/?cat=47"},"img":{"alt_text":"","src":"","width":0,"height":0},"classes":[]},{"id":212,"url":"https:\/\/blogg.fumei.se\/?p=212","url_meta":{"origin":239,"position":2},"title":"Surprise, surprise!","author":"M :)","date":"2010-06-21","format":false,"excerpt":"I torsdags fick jag ju ganska s\u00e5 nedsl\u00e5ende besked av handl\u00e4ggaren p\u00e5 MV. Idag n\u00e4r jag kom hem l\u00e5g ett brev fr\u00e5n MV och v\u00e4ntade. Eftersom han sa som han gjorde i torsdags s\u00e5 fick jag lite ont i magen och jag ville egentligen inte \u00f6ppna brevet, men till slut\u2026","rel":"","context":"I \u201dVardagsliv\u201d","block_context":{"text":"Vardagsliv","link":"https:\/\/blogg.fumei.se\/?cat=47"},"img":{"alt_text":"","src":"","width":0,"height":0},"classes":[]},{"id":1725,"url":"https:\/\/blogg.fumei.se\/?p=1725","url_meta":{"origin":239,"position":3},"title":"Livstecken","author":"M :)","date":"2011-11-11","format":false,"excerpt":"Mina n\u00e4ra och k\u00e4ra (och n\u00e5gra till) vet att J bara fick tillf\u00e4lligt uppeh\u00e5llstillst\u00e5nd n\u00e4r han flyttade hit. Den 16 Juni i \u00e5r var sista dagen p\u00e5 det tillst\u00e5ndet, s\u00e5 i b\u00f6rjan av Maj skickade han in ans\u00f6kan om f\u00f6rl\u00e4ngning av uppeh\u00e5llstillst\u00e5nd till migrationsverket. Enligt dem kan det ta upp\u2026","rel":"","context":"I \u201dFamiljen\u201d","block_context":{"text":"Familjen","link":"https:\/\/blogg.fumei.se\/?cat=34"},"img":{"alt_text":"","src":"https:\/\/i0.wp.com\/blogg.fumei.se\/wp-content\/uploads\/2011\/11\/kallelesintervju-650x473.jpg?resize=350%2C200","width":350,"height":200,"srcset":"https:\/\/i0.wp.com\/blogg.fumei.se\/wp-content\/uploads\/2011\/11\/kallelesintervju-650x473.jpg?resize=350%2C200 1x, https:\/\/i0.wp.com\/blogg.fumei.se\/wp-content\/uploads\/2011\/11\/kallelesintervju-650x473.jpg?resize=525%2C300 1.5x"},"classes":[]},{"id":310,"url":"https:\/\/blogg.fumei.se\/?p=310","url_meta":{"origin":239,"position":4},"title":"M\u00e5ndag. Igen.","author":"M :)","date":"2010-02-01","format":false,"excerpt":"Var p\u00e5 vippen att skriva \"hur m\u00e5nga m\u00e5ndagar finns det egentligen?\", men kom p\u00e5 att det kunde nog uppfattas lite blont haha. Men ibland k\u00e4nns det som om det nyss var b\u00f6rjan p\u00e5 veckan, och s\u00e5 \u00e4r det pl\u00f6tsligt det igen! Jag \u00e4r i alla fall ledig idag, och har\u2026","rel":"","context":"I \u201dVardagsliv\u201d","block_context":{"text":"Vardagsliv","link":"https:\/\/blogg.fumei.se\/?cat=47"},"img":{"alt_text":"","src":"","width":0,"height":0},"classes":[]},{"id":921,"url":"https:\/\/blogg.fumei.se\/?p=921","url_meta":{"origin":239,"position":5},"title":"En ganska l\u00e5ng uppdatering","author":"M :)","date":"2009-04-03","format":false,"excerpt":"Jag tycker egentligen inte att det har h\u00e4nt s\u00e5 mycket som \u00e4r v\u00e4rt att skriva om, men okej d\u00e5... Vi har som sagt flyttat nu. \u00c4ntligen. Vi har dessutom lyckats f\u00e5 undan n\u00e4stan allt som inte ska st\u00e5 framme och tom hivat upp allt p\u00e5 vinden som ska dit. En\u2026","rel":"","context":"I \u201dVardagsliv\u201d","block_context":{"text":"Vardagsliv","link":"https:\/\/blogg.fumei.se\/?cat=47"},"img":{"alt_text":"","src":"","width":0,"height":0},"classes":[]}],"_links":{"self":[{"href":"https:\/\/blogg.fumei.se\/index.php?rest_route=\/wp\/v2\/posts\/239","targetHints":{"allow":["GET"]}}],"collection":[{"href":"https:\/\/blogg.fumei.se\/index.php?rest_route=\/wp\/v2\/posts"}],"about":[{"href":"https:\/\/blogg.fumei.se\/index.php?rest_route=\/wp\/v2\/types\/post"}],"author":[{"embeddable":true,"href":"https:\/\/blogg.fumei.se\/index.php?rest_route=\/wp\/v2\/users\/1"}],"replies":[{"embeddable":true,"href":"https:\/\/blogg.fumei.se\/index.php?rest_route=%2Fwp%2Fv2%2Fcomments&post=239"}],"version-history":[{"count":0,"href":"https:\/\/blogg.fumei.se\/index.php?rest_route=\/wp\/v2\/posts\/239\/revisions"}],"wp:attachment":[{"href":"https:\/\/blogg.fumei.se\/index.php?rest_route=%2Fwp%2Fv2%2Fmedia&parent=239"}],"wp:term":[{"taxonomy":"category","embeddable":true,"href":"https:\/\/blogg.fumei.se\/index.php?rest_route=%2Fwp%2Fv2%2Fcategories&post=239"},{"taxonomy":"post_tag","embeddable":true,"href":"https:\/\/blogg.fumei.se\/index.php?rest_route=%2Fwp%2Fv2%2Ftags&post=239"}],"curies":[{"name":"wp","href":"https:\/\/api.w.org\/{rel}","templated":true}]}}