{"id":2396,"date":"2012-06-06T20:49:09","date_gmt":"2012-06-06T18:49:09","guid":{"rendered":"http:\/\/blogg.fumei.se\/?p=2396"},"modified":"2012-06-06T20:49:09","modified_gmt":"2012-06-06T18:49:09","slug":"shiny-toys","status":"publish","type":"post","link":"https:\/\/blogg.fumei.se\/?p=2396","title":{"rendered":"Shiny toys"},"content":{"rendered":"<p>Jag har k\u00f6pt en ny mobil. Hade ju en bra en; Samsung Galaxy Mini, men tanten b\u00f6rjar bli gammal och ser inte lika bra som f\u00f6rr. (Ja nu har jag ju haft glas\u00f6gon sen runt 1980 eller s\u00e5, men \u00e4nd\u00e5&#8230;) S\u00e5 jag ville ju g\u00e4rna uppgradera till en lite st\u00f6rre sk\u00e4rm, och d\u00e5 blev det s\u00e5 bra att det kom en ny version i dagarna, s\u00e5 nu ligger det en alldeles sprillans ny Samsung Galaxy S III h\u00e4r bredvid mig p\u00e5 bordet och bara gl\u00e4nser!<\/p>\n<p><center><iframe loading=\"lazy\" src=\"http:\/\/www.youtube.com\/embed\/idb4Wx4e3co\" frameborder=\"0\" width=\"560\" height=\"315\"><\/iframe><\/center><center><\/center>&nbsp;<\/p>\n<p>Jag kan dock inte g\u00f6ra s\u00e5 mycket med den \u00e4n, f\u00f6r Telia r\u00e4knar ju inte med att jag redan har ett simkort som jag anv\u00e4nder, trots att jag vid best\u00e4llning sagt att jag vill forts\u00e4tta anv\u00e4nda det nummer jag hade p\u00e5 mitt kontantkort. Den lilla detaljen att det inte r\u00e4cker med att st\u00e4nga av den gamla telefonen, utan att man \u00e4ven m\u00e5ste <em>ta ut det gamla kortet ur telefonen innan man s\u00e4tter i och aktiverar det nya kortet i den nya telefonen<\/em>, gjorde att jag nu inte kan anv\u00e4nda telefonen som annat \u00e4n liten surfplatta p\u00e5 v\u00e5rt tr\u00e5dl\u00f6sa hemn\u00e4tverk.<br \/>\nSupporten \u00e4r meddelad, men alla vet ju hur &#8221;fort&#8221; det g\u00e5r.<\/p>\n<p>F\u00f6rhoppningsvis har de suttit i en myrstack p\u00e5 nationaldagspicknicken, s\u00e5 de jobbar fort och \u00e5tg\u00e4rdar det h\u00e4r kvickt och l\u00e4tt. Inte bara f\u00f6r att jag vill anv\u00e4nda min nya mobil, utan f\u00f6r att det \u00e4r himla obekv\u00e4mt att inte kunna bli n\u00e5dd.<\/p>\n","protected":false},"excerpt":{"rendered":"<p>Jag har k\u00f6pt en ny mobil. Hade ju en bra en; Samsung Galaxy Mini, men tanten b\u00f6rjar bli gammal och ser inte lika bra som f\u00f6rr. (Ja nu har jag ju haft glas\u00f6gon sen runt 1980 eller s\u00e5, men \u00e4nd\u00e5&#8230;) S\u00e5 jag ville ju g\u00e4rna uppgradera till en lite st\u00f6rre sk\u00e4rm, och d\u00e5 blev det&#8230;<\/p>\n","protected":false},"author":1,"featured_media":0,"comment_status":"open","ping_status":"open","sticky":false,"template":"","format":"standard","meta":{"jetpack_post_was_ever_published":false,"_jetpack_newsletter_access":"","_jetpack_dont_email_post_to_subs":false,"_jetpack_newsletter_tier_id":0,"_jetpack_memberships_contains_paywalled_content":false,"_jetpack_memberships_contains_paid_content":false,"footnotes":"","jetpack_publicize_message":"","jetpack_publicize_feature_enabled":true,"jetpack_social_post_already_shared":false,"jetpack_social_options":{"image_generator_settings":{"template":"highway","default_image_id":0,"font":"","enabled":false},"version":2}},"categories":[47],"tags":[191,172,192],"class_list":["post-2396","post","type-post","status-publish","format-standard","hentry","category-vardagsliv","tag-mobil","tag-samsung","tag-telia"],"jetpack_publicize_connections":[],"jetpack_featured_media_url":"","jetpack_shortlink":"https:\/\/wp.me\/p3qko4-CE","jetpack_sharing_enabled":true,"jetpack_likes_enabled":true,"jetpack-related-posts":[{"id":986,"url":"https:\/\/blogg.fumei.se\/?p=986","url_meta":{"origin":2396,"position":0},"title":"Tjejsnack vecka 25","author":"M :)","date":"2009-06-14","format":false,"excerpt":"Och s\u00e5 var vi \u00e4ntligen framme vid det aktuella Tjejsnacket!Vill du ocks\u00e5 vara med? Du hittar fr\u00e5gorna h\u00e4r.Telefon1. Vad har du f\u00f6r operat\u00f6r p\u00e5 din hemtelefon\/mobil, om du har b\u00e5da?Jag har Telia till b\u00e5de hemtelefonen och mobilen.2. Vad pratade du om i ditt senaste telefonsamtal?Att jag ville att barnen skulle\u2026","rel":"","context":"I \u201dVardagsliv\u201d","block_context":{"text":"Vardagsliv","link":"https:\/\/blogg.fumei.se\/?cat=47"},"img":{"alt_text":"","src":"","width":0,"height":0},"classes":[]},{"id":1649,"url":"https:\/\/blogg.fumei.se\/?p=1649","url_meta":{"origin":2396,"position":1},"title":"Mobiltjafs","author":"M :)","date":"2011-10-24","format":false,"excerpt":"Av n\u00e5gon anledning g\u00e5r det inte att ta sk\u00e4rmdumpar p\u00e5 Samsung Galaxy Mini. Av n\u00e5gon annan anledning \u00e4r det just en s\u00e5n jag r\u00e5kar ha. I brist p\u00e5 den funktionen och i v\u00e4ntatn p\u00e5 att jag ska skaffa en annan mobl med st\u00f6rre sk\u00e4rm, s\u00e5 f\u00e5r man ta till det\u2026","rel":"","context":"I \u201dVardagsliv\u201d","block_context":{"text":"Vardagsliv","link":"https:\/\/blogg.fumei.se\/?cat=47"},"img":{"alt_text":"","src":"https:\/\/i0.wp.com\/blogg.fumei.se\/wp-content\/uploads\/2011\/10\/P1120155-225x300.jpg?resize=350%2C200","width":350,"height":200},"classes":[]},{"id":52,"url":"https:\/\/blogg.fumei.se\/?p=52","url_meta":{"origin":2396,"position":2},"title":"Jag beh\u00f6ver en ny mobiltelefon","author":"M :)","date":"2011-03-27","format":false,"excerpt":"Jag har nu haft min Nokia N95 i sis\u00e5d\u00e4r en fyra \u00e5r, och \u00e4ven om den fortfarande \u00e4r j\u00e4ttebra och jag verkligen anv\u00e4nder praktiskt taget allt i den, s\u00e5 b\u00f6rjar den k\u00e4nnas lite sliten och seg, s\u00e5 jag har ett tag kikat runt p\u00e5 nya varianter. Nu \u00e4r ju jag\u2026","rel":"","context":"I \u201dVardagsliv\u201d","block_context":{"text":"Vardagsliv","link":"https:\/\/blogg.fumei.se\/?cat=47"},"img":{"alt_text":"","src":"","width":0,"height":0},"classes":[]},{"id":227,"url":"https:\/\/blogg.fumei.se\/?p=227","url_meta":{"origin":2396,"position":3},"title":"Felia, var god dr\u00f6j&#8230;","author":"M :)","date":"2010-05-19","format":false,"excerpt":"Jag \u00e4r relativt n\u00f6jd med dem \u00e4nd\u00e5. Men ibland g\u00f6r de ju riktiga grodor. Som nu, med mitt digital-tv-abbonemang. Som jag ju sade upp i Oktober.I December slutade vi s\u00e5 kunna se tv via dekodern, s\u00e5 vi plockade undan den och ser nu bara de kanaler som ing\u00e5r i hyran\u2026","rel":"","context":"I \u201dVardagsliv\u201d","block_context":{"text":"Vardagsliv","link":"https:\/\/blogg.fumei.se\/?cat=47"},"img":{"alt_text":"","src":"","width":0,"height":0},"classes":[]},{"id":1012,"url":"https:\/\/blogg.fumei.se\/?p=1012","url_meta":{"origin":2396,"position":4},"title":"Ny vecka","author":"M :)","date":"2009-07-27","format":false,"excerpt":"Orkar liksom inte fundera ut kluriga rubriker hela tiden...Idag har jag jobbat. Ovanligt, eller? F\u00f6rsov mig ocks\u00e5, s\u00e5 var inte p\u00e5 jobbet f\u00f6rr\u00e4n 8, men det var visst lugnt just d\u00e5 f\u00f6r ingen verkade gn\u00e4llig. D\u00e4remot fick vi springa som sk\u00e5llade l\u00f6ss resten av dagen och s\u00e5 var det n\u00e5gra\u2026","rel":"","context":"I \u201dVardagsliv\u201d","block_context":{"text":"Vardagsliv","link":"https:\/\/blogg.fumei.se\/?cat=47"},"img":{"alt_text":"","src":"","width":0,"height":0},"classes":[]},{"id":851,"url":"https:\/\/blogg.fumei.se\/?p=851","url_meta":{"origin":2396,"position":5},"title":"Hej igen","author":"M :)","date":"2009-02-15","format":false,"excerpt":"Det var n\u00e5gra dagar sen sist...men ibland blir det ju s\u00e5. Antingen hinner man itne uppdatera eller s\u00e5 har man inget att skriva om. Det k\u00e4nns inte riktigt kul att skriva \"Idag har jag jobbat\" tre dagar i rad... Men idag har jag jobbat. Lugnt och behagligt pass, \u00e4ven om\u2026","rel":"","context":"I \u201dVardagsliv\u201d","block_context":{"text":"Vardagsliv","link":"https:\/\/blogg.fumei.se\/?cat=47"},"img":{"alt_text":"","src":"","width":0,"height":0},"classes":[]}],"_links":{"self":[{"href":"https:\/\/blogg.fumei.se\/index.php?rest_route=\/wp\/v2\/posts\/2396","targetHints":{"allow":["GET"]}}],"collection":[{"href":"https:\/\/blogg.fumei.se\/index.php?rest_route=\/wp\/v2\/posts"}],"about":[{"href":"https:\/\/blogg.fumei.se\/index.php?rest_route=\/wp\/v2\/types\/post"}],"author":[{"embeddable":true,"href":"https:\/\/blogg.fumei.se\/index.php?rest_route=\/wp\/v2\/users\/1"}],"replies":[{"embeddable":true,"href":"https:\/\/blogg.fumei.se\/index.php?rest_route=%2Fwp%2Fv2%2Fcomments&post=2396"}],"version-history":[{"count":7,"href":"https:\/\/blogg.fumei.se\/index.php?rest_route=\/wp\/v2\/posts\/2396\/revisions"}],"predecessor-version":[{"id":2403,"href":"https:\/\/blogg.fumei.se\/index.php?rest_route=\/wp\/v2\/posts\/2396\/revisions\/2403"}],"wp:attachment":[{"href":"https:\/\/blogg.fumei.se\/index.php?rest_route=%2Fwp%2Fv2%2Fmedia&parent=2396"}],"wp:term":[{"taxonomy":"category","embeddable":true,"href":"https:\/\/blogg.fumei.se\/index.php?rest_route=%2Fwp%2Fv2%2Fcategories&post=2396"},{"taxonomy":"post_tag","embeddable":true,"href":"https:\/\/blogg.fumei.se\/index.php?rest_route=%2Fwp%2Fv2%2Ftags&post=2396"}],"curies":[{"name":"wp","href":"https:\/\/api.w.org\/{rel}","templated":true}]}}