{"id":2404,"date":"2012-06-06T21:01:47","date_gmt":"2012-06-06T19:01:47","guid":{"rendered":"http:\/\/blogg.fumei.se\/?p=2404"},"modified":"2012-06-06T21:01:47","modified_gmt":"2012-06-06T19:01:47","slug":"veckobrev","status":"publish","type":"post","link":"https:\/\/blogg.fumei.se\/?p=2404","title":{"rendered":"Veckobrev"},"content":{"rendered":"<p>Det k\u00e4nns lite som ett s\u00e5nt numera. Ingen riktig bloggaktivitet p\u00e5 veckorna men en sammanfattning p\u00e5 helgen eller n\u00e5n dag som passar bra, det \u00e4r s\u00e5 det sett ut ett tag nu, och varf\u00f6r bryta en trend?<\/p>\n<p>Sen f\u00f6rra uppdateringen har jag hunnit k\u00f6pa en grill, cykla lite mer (m\u00e5ste verkligen k\u00f6pa en bredare sadel till cykeln), plockat en massa lupiner, varit p\u00e5 balett med mor (hon fick ju en biljett av mig p\u00e5 mors dag), k\u00f6pt ny mobil, jobbat (s\u00e5 klart, det \u00e4r inte semester \u00e4n p\u00e5 m\u00e5nga veckor), rensat bland pocketb\u00f6ckerna och uppt\u00e4ckt hur litet Sverige egentligen \u00e4r.<\/p>\n<p>det sistn\u00e4mnda genom att vi satt p\u00e5 jobbet och pratade lite om ditten och datten, kom in p\u00e5 dejtingprogram i tv, vidare till att b\u00e5de jag och Cilla varit med i varsitt till att b\u00e5da programmen hade samma programledare (fast det var olika \u00e5rtal, kanaler och programserier) till att ytterligare en annan kollega g\u00e5tt p\u00e5 samma skola som Adam (Alsing, allts\u00e5, som i ovan n\u00e4mnde programledare). D\u00e4rifr\u00e5n halkade samtalet in p\u00e5 ton\u00e5ringarnas fader, som ju \u00e4r b\u00f6rdig fr\u00e5n Karlstad och som gick i parallellklass med Adam, och s\u00e5 sm\u00e5ningom kr\u00f6p det fram att fadern och kollegans gode v\u00e4n spelat i band tillsammans en g\u00e5ng i tiden.<br \/>\nNu blev det mycket, men kolla h\u00e4r vad man kan hitta gamla synder p\u00e5 internet:<\/p>\n<p><center><iframe loading=\"lazy\" width=\"480\" height=\"360\" src=\"http:\/\/www.youtube.com\/embed\/ObGTLJkcDIQ\" frameborder=\"0\" allowfullscreen><\/iframe><\/center><\/p>\n","protected":false},"excerpt":{"rendered":"<p>Det k\u00e4nns lite som ett s\u00e5nt numera. Ingen riktig bloggaktivitet p\u00e5 veckorna men en sammanfattning p\u00e5 helgen eller n\u00e5n dag som passar bra, det \u00e4r s\u00e5 det sett ut ett tag nu, och varf\u00f6r bryta en trend? Sen f\u00f6rra uppdateringen har jag hunnit k\u00f6pa en grill, cykla lite mer (m\u00e5ste verkligen k\u00f6pa en bredare sadel&#8230;<\/p>\n","protected":false},"author":1,"featured_media":0,"comment_status":"open","ping_status":"open","sticky":false,"template":"","format":"standard","meta":{"jetpack_post_was_ever_published":false,"_jetpack_newsletter_access":"","_jetpack_dont_email_post_to_subs":false,"_jetpack_newsletter_tier_id":0,"_jetpack_memberships_contains_paywalled_content":false,"_jetpack_memberships_contains_paid_content":false,"footnotes":"","jetpack_publicize_message":"","jetpack_publicize_feature_enabled":true,"jetpack_social_post_already_shared":false,"jetpack_social_options":{"image_generator_settings":{"template":"highway","default_image_id":0,"font":"","enabled":false},"version":2}},"categories":[47],"tags":[],"class_list":["post-2404","post","type-post","status-publish","format-standard","hentry","category-vardagsliv"],"jetpack_publicize_connections":[],"jetpack_featured_media_url":"","jetpack_shortlink":"https:\/\/wp.me\/p3qko4-CM","jetpack_sharing_enabled":true,"jetpack_likes_enabled":true,"jetpack-related-posts":[{"id":3339,"url":"https:\/\/blogg.fumei.se\/?p=3339","url_meta":{"origin":2404,"position":0},"title":"Slarvmaja","author":"M :)","date":"2014-07-18","format":false,"excerpt":"Jag \u00e4r inget vidare bra p\u00e5 att uppdatera den h\u00e4r bloggen. F\u00e5r blir b\u00e4ttring p\u00e5 det!\u00a0Det har h\u00e4nt massor sen sist, s\u00e5 jag f\u00e5r f\u00f6rs\u00f6kasammanfatta allt. Vi kan b\u00f6rja veckan innan senaste inl\u00e4gget (Juliahs dop), d\u00e5 jag var p\u00e5 megaloppis i Majorna. Det \u00e4r ett \u00e5terkommande evenemang varje sommar, och\u2026","rel":"","context":"I \u201dVardagsliv\u201d","block_context":{"text":"Vardagsliv","link":"https:\/\/blogg.fumei.se\/?cat=47"},"img":{"alt_text":"","src":"https:\/\/i0.wp.com\/blogg.fumei.se\/wp-content\/uploads\/2014\/07\/Examen-fr%C3%A5n-Tinas-tele-678.jpg?resize=350%2C200","width":350,"height":200,"srcset":"https:\/\/i0.wp.com\/blogg.fumei.se\/wp-content\/uploads\/2014\/07\/Examen-fr%C3%A5n-Tinas-tele-678.jpg?resize=350%2C200 1x, https:\/\/i0.wp.com\/blogg.fumei.se\/wp-content\/uploads\/2014\/07\/Examen-fr%C3%A5n-Tinas-tele-678.jpg?resize=525%2C300 1.5x, https:\/\/i0.wp.com\/blogg.fumei.se\/wp-content\/uploads\/2014\/07\/Examen-fr%C3%A5n-Tinas-tele-678.jpg?resize=700%2C400 2x, https:\/\/i0.wp.com\/blogg.fumei.se\/wp-content\/uploads\/2014\/07\/Examen-fr%C3%A5n-Tinas-tele-678.jpg?resize=1050%2C600 3x, https:\/\/i0.wp.com\/blogg.fumei.se\/wp-content\/uploads\/2014\/07\/Examen-fr%C3%A5n-Tinas-tele-678.jpg?resize=1400%2C800 4x"},"classes":[]},{"id":1795,"url":"https:\/\/blogg.fumei.se\/?p=1795","url_meta":{"origin":2404,"position":1},"title":"1:a Advent 2011","author":"M :)","date":"2011-11-27","format":false,"excerpt":"Herregud vilken trist rubrik, men jag har verkligen ingen fantasi f\u00f6r det just nu! \u00c4r hur tr\u00f6tt som helst, och har fortfarande inte str\u00e4ckt ut kroppen ordentligt efter att vi satt i bilen i flera timmar ig\u00e5r. Det var ju dags f\u00f6r operation l\u00e4mna-bilen-i-V\u00e4xj\u00f6, s\u00e5 J och jag k\u00f6rde ner\u2026","rel":"","context":"I \u201dVardagsliv\u201d","block_context":{"text":"Vardagsliv","link":"https:\/\/blogg.fumei.se\/?cat=47"},"img":{"alt_text":"","src":"https:\/\/i0.wp.com\/blogg.fumei.se\/wp-content\/uploads\/2011\/11\/2011-11-26-15.54.29-300x225.jpg?resize=350%2C200","width":350,"height":200},"classes":[]},{"id":2386,"url":"https:\/\/blogg.fumei.se\/?p=2386","url_meta":{"origin":2404,"position":2},"title":"H\u00e4nt i veckan","author":"M :)","date":"2012-05-27","format":false,"excerpt":"Eller ja. Det blir nog mer \u00e4n i veckan, men ni fattar. Jag har jobbat. Kors i taket, det g\u00f6r jag ju s\u00e5 s\u00e4llan. Inte. Ibland k\u00e4nns det som att jag \u00e4r mer p\u00e5 jobbet \u00e4n hemma. Inte blir det b\u00e4ttre nu under sommaren heller, f\u00f6r d\u00e5 m\u00e5ste vi som\u2026","rel":"","context":"I \u201dVardagsliv\u201d","block_context":{"text":"Vardagsliv","link":"https:\/\/blogg.fumei.se\/?cat=47"},"img":{"alt_text":"","src":"","width":0,"height":0},"classes":[]},{"id":721,"url":"https:\/\/blogg.fumei.se\/?p=721","url_meta":{"origin":2404,"position":3},"title":"Ensam hemma","author":"M :)","date":"2008-12-22","format":false,"excerpt":"S\u00e5d\u00e4r, nu har jag sovit hela 3 timmar och s\u00e5 har jag kramat om och vinkat av Fia och Robin. De \u00e5kte iv\u00e4g till sin pappa vid 12.30. S\u00e5 nu \u00e4r det bara jag h\u00e4r hemma i ca en vecka. Jag kommer ju inte heller att vara hemma s\u00e5 himla\u2026","rel":"","context":"I \u201dVardagsliv\u201d","block_context":{"text":"Vardagsliv","link":"https:\/\/blogg.fumei.se\/?cat=47"},"img":{"alt_text":"","src":"","width":0,"height":0},"classes":[]},{"id":1099,"url":"https:\/\/blogg.fumei.se\/?p=1099","url_meta":{"origin":2404,"position":4},"title":"Bored out of my skull","author":"M :)","date":"2009-09-20","format":false,"excerpt":"Jag har tr\u00e5kigt, jag \u00e4r pank, jag har tr\u00e5kigt, det regnar och jag har tr\u00e5kigt. Om ni inte fattade det s\u00e5 har jag tr\u00e5kigt. S\u00e5 jag har f\u00f6rs\u00f6kt syssels\u00e4tta mig med saker i helgen. Saker som st\u00e4dning (gick s\u00e5d\u00e4r), matlagning (funkade lite b\u00e4ttre), fika med mor och far, promenad, fotografering\u2026","rel":"","context":"I \u201dVardagsliv\u201d","block_context":{"text":"Vardagsliv","link":"https:\/\/blogg.fumei.se\/?cat=47"},"img":{"alt_text":"","src":"","width":0,"height":0},"classes":[]},{"id":1183,"url":"https:\/\/blogg.fumei.se\/?p=1183","url_meta":{"origin":2404,"position":5},"title":"Quality time","author":"M :)","date":"2009-11-28","format":false,"excerpt":"Egentid. Bra-att-ha f\u00f6r stressade, heltidsarbetande, ensamst\u00e5ende ton\u00e5rsmorsor. Jag f\u00e5r visserligen lite egentid varje vecka genom lediga dagar n\u00e4r barnen \u00e4r i skolan, men jag utnyttjar dem p\u00e5 fel s\u00e4tt. Jag st\u00e4dar och fixar alla \"m\u00e5sten\" ist\u00e4llet f\u00f6r att bara ta vara p\u00e5 tiden och njuta av att vara ledig och\u2026","rel":"","context":"I \u201dVardagsliv\u201d","block_context":{"text":"Vardagsliv","link":"https:\/\/blogg.fumei.se\/?cat=47"},"img":{"alt_text":"","src":"","width":0,"height":0},"classes":[]}],"_links":{"self":[{"href":"https:\/\/blogg.fumei.se\/index.php?rest_route=\/wp\/v2\/posts\/2404","targetHints":{"allow":["GET"]}}],"collection":[{"href":"https:\/\/blogg.fumei.se\/index.php?rest_route=\/wp\/v2\/posts"}],"about":[{"href":"https:\/\/blogg.fumei.se\/index.php?rest_route=\/wp\/v2\/types\/post"}],"author":[{"embeddable":true,"href":"https:\/\/blogg.fumei.se\/index.php?rest_route=\/wp\/v2\/users\/1"}],"replies":[{"embeddable":true,"href":"https:\/\/blogg.fumei.se\/index.php?rest_route=%2Fwp%2Fv2%2Fcomments&post=2404"}],"version-history":[{"count":3,"href":"https:\/\/blogg.fumei.se\/index.php?rest_route=\/wp\/v2\/posts\/2404\/revisions"}],"predecessor-version":[{"id":2407,"href":"https:\/\/blogg.fumei.se\/index.php?rest_route=\/wp\/v2\/posts\/2404\/revisions\/2407"}],"wp:attachment":[{"href":"https:\/\/blogg.fumei.se\/index.php?rest_route=%2Fwp%2Fv2%2Fmedia&parent=2404"}],"wp:term":[{"taxonomy":"category","embeddable":true,"href":"https:\/\/blogg.fumei.se\/index.php?rest_route=%2Fwp%2Fv2%2Fcategories&post=2404"},{"taxonomy":"post_tag","embeddable":true,"href":"https:\/\/blogg.fumei.se\/index.php?rest_route=%2Fwp%2Fv2%2Ftags&post=2404"}],"curies":[{"name":"wp","href":"https:\/\/api.w.org\/{rel}","templated":true}]}}