{"id":241,"date":"2010-05-04T09:23:00","date_gmt":"2010-05-04T09:23:00","guid":{"rendered":"\/Blogg\/post\/TjejKillsnack-vecka-18.aspx"},"modified":"2010-05-04T09:23:00","modified_gmt":"2010-05-04T09:23:00","slug":"tjejkillsnack-vecka-18","status":"publish","type":"post","link":"https:\/\/blogg.fumei.se\/?p=241","title":{"rendered":"Tjej&#038;Killsnack vecka 18"},"content":{"rendered":"<p>Veckans fr&aring;gor. L&auml;s mer om vad <a href=\"http:\/\/mlilja.net\/tjejkillsnack\/\" target=\"_blank\">TJEJ&amp;KILLSNACK &auml;r\/hitta alla fr&aring;gor h&auml;r<\/a><\/p>\n<p>&nbsp;<strong><span style=\"text-decoration: underline;\">J&auml;mlikhet<\/span><\/strong><\/p>\n<p><strong>1. Tycker du att alla ska ha samma l&ouml;n f&ouml;r samma jobb?<\/strong><br \/>Nja, vissa skillnader inom yrkena m&aring;ste det finnas, tex s&aring; &auml;r det ju inte riktigt r&auml;ttvist om jag som &#8221;bara&#8221; arbetat 8 &aring;r som undersk&ouml;terska skulle tj&auml;na lika mycket som en som arbetat i 28 &aring;r. L&ouml;n efter prestation och erfarenhet, men sj&auml;lvklart ska alla ha r&auml;tt till samma ing&aring;ngsl&ouml;n utan att man skljer p&aring; k&ouml;n, nationalitet, religion, utbildning osv.<\/p>\n<p><strong>2. Hur var hemmets sysslor f&ouml;rdelade i ditt barndomshem?<\/strong><br \/>Fram tills jag b&ouml;rjade sjuan var mamma hemmafru, s&aring; det var hon som tog hand om allt hemmaarbete, medan pappa jobbade. Jag minns inte om pappa gjorde s&aring; mycket hemma d&aring;, inte ens n&auml;r mamma gick p&aring; KomVux och l&auml;ste. Det var nog fortfarande mamma som gjorde allt s&aring;nt. <br \/>N&auml;r jag b&ouml;rjade h&ouml;gstadiet b&ouml;rjade mamma jobba, s&aring; d&aring; kommer jag ih&aring;g att pappa gjorde mer hemma, tex n&auml;r mamma jobbade extraskift eller &ouml;vertid, d&aring; lagade pappa maten. D&aring; var ocks&aring; jag och mina br&ouml;der s&aring; pass gamla att vi var tvungna att hj&auml;lpa till hemma. Vi hade ett schema som vi gick efter s&aring; att alla 3 gjorde lika mycket av varje sak. Om vi inte gjorde v&aring;ra sysslor fick vi ingen veckopeng.<\/p>\n<p><strong>3. Har du blivit or&auml;ttvist behandlad pga ditt k&ouml;n, hur?<\/strong><br \/>Inte som jag kan minnas.<\/p>\n<p><strong>4. Borde lumpen vara obligatorisk f&ouml;r b&aring;da k&ouml;nen?<br \/><\/strong>Nu &auml;r ju inte <a href=\"http:\/\/www.lumpen.nu\/Frivillighet\/\" target=\"_blank\">lumpen <\/a>obligatorisk l&auml;ngre, men jag tyckte nog inte det n&auml;r det var s&aring;. Visst finns det tjejer som ocks&aring; vill g&ouml;ra lumpen, men de kan ju ocks&aring; v&auml;lja att g&ouml;ra det numera. <br \/>Jag tror att om det hade varit obligatoriskt f&ouml;r b&aring;da k&ouml;nen hade m&aring;nga fler, troligtvis tjejer, valt vepenfri tj&auml;nst. Och s&aring;nt kan man ju g&ouml;ra utan att g&ouml;ra lumpen. Det l&aring;ter kanske lite sexistiskt, men p&aring; n&aring;got s&auml;tt &auml;r killar mer anpassade f&ouml;r lupmen. Jag kan inte riktigt f&ouml;rklara hur jag menar h&auml;r, s&aring; jag hoppas inte n&aring;gon tar illa upp.<\/p>\n<p><strong>5. Vi har f&aring;tt fler kvinnliga chefer, beh&ouml;ver vi fler kvinnor som gruvarbetare ox&aring;?<br \/><\/strong>Varf&ouml;r inte? Alla borde f&aring; g&ouml;ra det det vill, eller i alla fall prova p&aring;. Men precis som i f&ouml;rra fr&aring;gan, s&aring; k&auml;nns det som att gruvarbetar &auml;r ett mer manligt yrke &auml;n ett kvinnligt.<\/p>\n","protected":false},"excerpt":{"rendered":"<p>Veckans fr&aring;gor. L&auml;s mer om vad TJEJ&amp;KILLSNACK &auml;r\/hitta alla fr&aring;gor h&auml;r &nbsp;J&auml;mlikhet 1. Tycker du att alla ska ha samma l&ouml;n f&ouml;r samma jobb?Nja, vissa skillnader inom yrkena m&aring;ste det finnas, tex s&aring; &auml;r det ju inte riktigt r&auml;ttvist om jag som &#8221;bara&#8221; arbetat 8 &aring;r som undersk&ouml;terska skulle tj&auml;na lika mycket som en som&#8230;<\/p>\n","protected":false},"author":1,"featured_media":0,"comment_status":"open","ping_status":"open","sticky":false,"template":"","format":"standard","meta":{"jetpack_post_was_ever_published":false,"_jetpack_newsletter_access":"","_jetpack_dont_email_post_to_subs":false,"_jetpack_newsletter_tier_id":0,"_jetpack_memberships_contains_paywalled_content":false,"_jetpack_memberships_contains_paid_content":false,"footnotes":"","jetpack_publicize_message":"","jetpack_publicize_feature_enabled":true,"jetpack_social_post_already_shared":false,"jetpack_social_options":{"image_generator_settings":{"template":"highway","default_image_id":0,"font":"","enabled":false},"version":2}},"categories":[47],"tags":[],"class_list":["post-241","post","type-post","status-publish","format-standard","hentry","category-vardagsliv"],"jetpack_publicize_connections":[],"jetpack_featured_media_url":"","jetpack_shortlink":"https:\/\/wp.me\/p3qko4-3T","jetpack_sharing_enabled":true,"jetpack_likes_enabled":true,"jetpack-related-posts":[{"id":285,"url":"https:\/\/blogg.fumei.se\/?p=285","url_meta":{"origin":241,"position":0},"title":"Tjej&#038;Killsnack vecka 9","author":"EmEff","date":"2010-02-27","format":false,"excerpt":"L\u00e4s mer om vad TJEJ&KILLSNACK \u00e4r\/hitta alla fr\u00e5gor h\u00e4r. Matvanor 1. Vad \u00e4ter du till frukost? Oftast ingenting. Jag g\u00e5r upp 4.15 de morgnar jag jobbar tidigt pass, och d\u00e5 \u00e4r jag inte s\u00e4rskilt hungrig. Ibland har jag md mig en banan som jag \u00e4ter p\u00e5 t\u00e5get, och s\u00e5 dricker\u2026","rel":"","context":"I \u201dVardagsliv\u201d","block_context":{"text":"Vardagsliv","link":"https:\/\/blogg.fumei.se\/?cat=47"},"img":{"alt_text":"","src":"","width":0,"height":0},"classes":[]},{"id":242,"url":"https:\/\/blogg.fumei.se\/?p=242","url_meta":{"origin":241,"position":1},"title":"Tjej&#038;Killsnack vecka 17","author":"EmEff","date":"2010-05-04","format":false,"excerpt":"Veckans fr\u00e5gor. L\u00e4s mer om vad TJEJ&KILLSNACK \u00e4r\/hitta alla fr\u00e5gor h\u00e4r S\u00f6mn 1. Hur m\u00e5nga timmar beh\u00f6ver du f\u00f6r att vara utvilad?N\u00e5nsatns mellan 6 och 8, det beror lite p\u00e5 hur tr\u00f6tt jag \u00e4r. 2. Hur ofta brukar komma du ih\u00e5g dina dr\u00f6mmar?Det varierar. Senaste tiden har jag kommit ih\u00e5g\u2026","rel":"","context":"I \u201dVardagsliv\u201d","block_context":{"text":"Vardagsliv","link":"https:\/\/blogg.fumei.se\/?cat=47"},"img":{"alt_text":"","src":"","width":0,"height":0},"classes":[]},{"id":254,"url":"https:\/\/blogg.fumei.se\/?p=254","url_meta":{"origin":241,"position":2},"title":"Tjej&#038;Killsnack vecka 15","author":"M :)","date":"2010-04-12","format":false,"excerpt":"Veckans fr\u00e5gor. L\u00e4s mer om vad TJEJ&KILLSNACK \u00e4r\/hitta alla fr\u00e5gor h\u00e4r Smycken 1. Vad gillar du f\u00f6r typ av smycken? Enkla smycken, kedjor med n\u00e5gon berlock. Helst i silver. 2. Har du gjort n\u00e5gra egna smycken, vad? Nej inte vad jag kan minnas. Men jag kan t\u00e4nka mig att g\u00f6ra\u2026","rel":"","context":"I \u201dVardagsliv\u201d","block_context":{"text":"Vardagsliv","link":"https:\/\/blogg.fumei.se\/?cat=47"},"img":{"alt_text":"","src":"","width":0,"height":0},"classes":[]},{"id":236,"url":"https:\/\/blogg.fumei.se\/?p=236","url_meta":{"origin":241,"position":3},"title":"Tjej&#038;Killsnack vecka 19","author":"EmEff","date":"2010-05-09","format":false,"excerpt":"Veckans fr\u00e5gor. L\u00e4s mer om vad TJEJ&KILLSNACK \u00e4r\/hitta alla fr\u00e5gor h\u00e4r. Trafiks\u00e4kerhet 1. Anv\u00e4nder du cykelhj\u00e4lm?Nja, jag g\u00f6r ju inte det. Fast jag vet att jag borde, och jag har ju en s\u00e5 det \u00e4r v\u00e4l egentligen bara lathet. Och kanske lite en tanke om att det ser s\u00e5 l\u00f6jligt\u2026","rel":"","context":"I \u201dVardagsliv\u201d","block_context":{"text":"Vardagsliv","link":"https:\/\/blogg.fumei.se\/?cat=47"},"img":{"alt_text":"","src":"","width":0,"height":0},"classes":[]},{"id":259,"url":"https:\/\/blogg.fumei.se\/?p=259","url_meta":{"origin":241,"position":4},"title":"Tjej&#038;Killsnack vecka 13","author":"EmEff","date":"2010-03-31","format":false,"excerpt":"Veckans fr\u00e5gor. L\u00e4s mer om vad TJEJ&KILLSNACK \u00e4r\/hitta alla fr\u00e5gor h\u00e4r. Djur 1. Vad har du haft f\u00f6r husdjur?Jag har haft kattet, kanin och nymfparakiter. fast f\u00e5glarna var egentligen inte mina, utan en pojkv\u00e4ns. Jag \u00e4r inte s\u00e5 f\u00f6rtjust\u00a0i pippi i bur.Jag tror vi hade s\u00e5na d\u00e4r sm\u00e5 sk\u00f6ldpaddor ocks\u00e5\u2026","rel":"","context":"I \u201dVardagsliv\u201d","block_context":{"text":"Vardagsliv","link":"https:\/\/blogg.fumei.se\/?cat=47"},"img":{"alt_text":"","src":"","width":0,"height":0},"classes":[]},{"id":243,"url":"https:\/\/blogg.fumei.se\/?p=243","url_meta":{"origin":241,"position":5},"title":"Tjej&#038;Killsnack vecka 16","author":"EmEff","date":"2010-05-04","format":false,"excerpt":"Veckans fr\u00e5gor. L\u00e4s mer om vad TJEJ&KILLSNACK \u00e4r\/hitta alla fr\u00e5gor h\u00e4r F\u00f6delsedag 1. Vad fyller du n\u00e4sta g\u00e5ng?41 2. Hur firade du din senaste f\u00f6delsedag?Jag och n\u00e5gra kompisar var ute och \u00e5t. Himla trevligt och skojigt, och massor med god mat. 3. Vad \u00f6nskar du dig till din n\u00e4sta f\u00f6delsedag?Oj...ett\u2026","rel":"","context":"I \u201dVardagsliv\u201d","block_context":{"text":"Vardagsliv","link":"https:\/\/blogg.fumei.se\/?cat=47"},"img":{"alt_text":"","src":"","width":0,"height":0},"classes":[]}],"_links":{"self":[{"href":"https:\/\/blogg.fumei.se\/index.php?rest_route=\/wp\/v2\/posts\/241","targetHints":{"allow":["GET"]}}],"collection":[{"href":"https:\/\/blogg.fumei.se\/index.php?rest_route=\/wp\/v2\/posts"}],"about":[{"href":"https:\/\/blogg.fumei.se\/index.php?rest_route=\/wp\/v2\/types\/post"}],"author":[{"embeddable":true,"href":"https:\/\/blogg.fumei.se\/index.php?rest_route=\/wp\/v2\/users\/1"}],"replies":[{"embeddable":true,"href":"https:\/\/blogg.fumei.se\/index.php?rest_route=%2Fwp%2Fv2%2Fcomments&post=241"}],"version-history":[{"count":0,"href":"https:\/\/blogg.fumei.se\/index.php?rest_route=\/wp\/v2\/posts\/241\/revisions"}],"wp:attachment":[{"href":"https:\/\/blogg.fumei.se\/index.php?rest_route=%2Fwp%2Fv2%2Fmedia&parent=241"}],"wp:term":[{"taxonomy":"category","embeddable":true,"href":"https:\/\/blogg.fumei.se\/index.php?rest_route=%2Fwp%2Fv2%2Fcategories&post=241"},{"taxonomy":"post_tag","embeddable":true,"href":"https:\/\/blogg.fumei.se\/index.php?rest_route=%2Fwp%2Fv2%2Ftags&post=241"}],"curies":[{"name":"wp","href":"https:\/\/api.w.org\/{rel}","templated":true}]}}