{"id":244,"date":"2010-05-03T19:56:00","date_gmt":"2010-05-03T19:56:00","guid":{"rendered":"\/Blogg\/post\/I-vantans-tider.aspx"},"modified":"2024-03-29T12:01:52","modified_gmt":"2024-03-29T11:01:52","slug":"i-vantans-tider","status":"publish","type":"post","link":"https:\/\/blogg.fumei.se\/?p=244","title":{"rendered":"I v\u00e4ntans tider"},"content":{"rendered":"<p>Inget brev ifr\u00e5n Migrationsverket idag heller. Det b\u00f6rjar bli lite tjatigt det h\u00e4r. Jag ger dem en vecka till, sen ringer jag och kollar om de har n\u00e5t besked p\u00e5 G eller inte. J sa att han skulle ringa ambassaden i Guatemala idag, men jag p\u00e5pekade att de har knappast n\u00e5got besked, eftersom det enda de hade med saken att g\u00f6ra vara att han var d\u00e4r p\u00e5 sin intervju. Och varf\u00f6r skulle de f\u00e5 ett besked n\u00e4r inte varken jag eller J f\u00e5r n\u00e5got?<\/p>\n<p>Kan n\u00e5gon tala om f\u00f6r mig varf\u00f6r man sover s\u00e5 d\u00e5ligt n\u00e4r man vet att man ska upp tidigt n\u00e4sta morgon? Varje g\u00e5ng jag varit ledig mer \u00e4n en dag s\u00e5 \u00e4r det som f\u00f6rgjort. Jag vaknar ungef\u00e4r varannan timme och sen \u00e4r jag aptr\u00f6tt p\u00e5 morgonen nr klockan ringer. Fast idag gick det \u00e4nd\u00e5 bra att komma upp, och som tur var s\u00e5 var det lugnt p\u00e5 jobbet, s\u00e5 jag gick och pysslade med saker som brukar hamna p\u00e5 efterk\u00e4lken p\u00e5 onsdagarna (f\u00f6rr\u00e5dsdag).<br \/>\nP\u00e5 t\u00e5get hem hade jag otur n\u00e4r en riktig stinkis satte sig bredvid mig. Han luktade urin, gammal sprit, r\u00f6k och svett, och det var l\u00e5\u00e5\u00e5\u00e5\u00e5ngt hem, kan jag s\u00e4ga!<\/p>\n<p>Hemma blev det k\u00e5lpudding och sen en promenad, sedan lade jag upp lite annonser \u00e5t mor och far p\u00e5 Blocket. Nu blir det snart te och CSI.<\/p>\n","protected":false},"excerpt":{"rendered":"<p>Inget brev ifr\u00e5n Migrationsverket idag heller. Det b\u00f6rjar bli lite tjatigt det h\u00e4r. Jag ger dem en vecka till, sen ringer jag och kollar om de har n\u00e5t besked p\u00e5 G eller inte. J sa att han skulle ringa ambassaden i Guatemala idag, men jag p\u00e5pekade att de har knappast n\u00e5got besked, eftersom det enda&#8230;<\/p>\n","protected":false},"author":1,"featured_media":0,"comment_status":"open","ping_status":"open","sticky":false,"template":"","format":"standard","meta":{"jetpack_post_was_ever_published":false,"_jetpack_newsletter_access":"","_jetpack_dont_email_post_to_subs":false,"_jetpack_newsletter_tier_id":0,"_jetpack_memberships_contains_paywalled_content":false,"_jetpack_memberships_contains_paid_content":false,"footnotes":"","jetpack_publicize_message":"","jetpack_publicize_feature_enabled":true,"jetpack_social_post_already_shared":false,"jetpack_social_options":{"image_generator_settings":{"template":"highway","default_image_id":0,"font":"","enabled":false},"version":2}},"categories":[47],"tags":[],"class_list":["post-244","post","type-post","status-publish","format-standard","hentry","category-vardagsliv"],"jetpack_publicize_connections":[],"jetpack_featured_media_url":"","jetpack_shortlink":"https:\/\/wp.me\/p3qko4-3W","jetpack_sharing_enabled":true,"jetpack_likes_enabled":true,"jetpack-related-posts":[{"id":239,"url":"https:\/\/blogg.fumei.se\/?p=239","url_meta":{"origin":244,"position":0},"title":"F\u00f6ljetongen &#8221;K\u00e4rlek p\u00e5 distans&#8221;, del 417 (eller n\u00e5t)","author":"M :)","date":"2010-05-07","format":false,"excerpt":"Det b\u00f6rjar k\u00e4nnas som en tr\u00e5kig s\u00e5pa. Samma sak dag in och dag ut - inga brev och inga svar. Den h\u00e4r veckan har jag varit lite mer aktiv i att f\u00f6rs\u00f6ka f\u00e5 reda p\u00e5 hur det g\u00e5r med v\u00e5rt \u00e4rende. I tisdags ringde jag den handl\u00e4ggare som skickade brev\u2026","rel":"","context":"I \u201dVardagsliv\u201d","block_context":{"text":"Vardagsliv","link":"https:\/\/blogg.fumei.se\/?cat=47"},"img":{"alt_text":"","src":"","width":0,"height":0},"classes":[]},{"id":1725,"url":"https:\/\/blogg.fumei.se\/?p=1725","url_meta":{"origin":244,"position":1},"title":"Livstecken","author":"M :)","date":"2011-11-11","format":false,"excerpt":"Mina n\u00e4ra och k\u00e4ra (och n\u00e5gra till) vet att J bara fick tillf\u00e4lligt uppeh\u00e5llstillst\u00e5nd n\u00e4r han flyttade hit. Den 16 Juni i \u00e5r var sista dagen p\u00e5 det tillst\u00e5ndet, s\u00e5 i b\u00f6rjan av Maj skickade han in ans\u00f6kan om f\u00f6rl\u00e4ngning av uppeh\u00e5llstillst\u00e5nd till migrationsverket. Enligt dem kan det ta upp\u2026","rel":"","context":"I \u201dFamiljen\u201d","block_context":{"text":"Familjen","link":"https:\/\/blogg.fumei.se\/?cat=34"},"img":{"alt_text":"","src":"https:\/\/i0.wp.com\/blogg.fumei.se\/wp-content\/uploads\/2011\/11\/kallelesintervju-650x473.jpg?resize=350%2C200","width":350,"height":200,"srcset":"https:\/\/i0.wp.com\/blogg.fumei.se\/wp-content\/uploads\/2011\/11\/kallelesintervju-650x473.jpg?resize=350%2C200 1x, https:\/\/i0.wp.com\/blogg.fumei.se\/wp-content\/uploads\/2011\/11\/kallelesintervju-650x473.jpg?resize=525%2C300 1.5x"},"classes":[]},{"id":215,"url":"https:\/\/blogg.fumei.se\/?p=215","url_meta":{"origin":244,"position":2},"title":"Senaste nytt","author":"EmEff","date":"2010-06-15","format":false,"excerpt":"F\u00f6rra g\u00e5ngen jag pratade med handl\u00e4ggaren p\u00e5 MV sa han ju att jag skulle \u00e5terkomma om en m\u00e5nad och d\u00e5 skulle han kunna ha ett n\u00e4rmare besked \u00e5t mig. Efter att ha f\u00f6rs\u00f6kt komma \u00e5t en telefon under sj\u00e4lva telefontiden (en timme mellan 8.30 och 9.30)\u00a0och, de g\u00e5nger jag lyckats\u2026","rel":"","context":"I \u201dVardagsliv\u201d","block_context":{"text":"Vardagsliv","link":"https:\/\/blogg.fumei.se\/?cat=47"},"img":{"alt_text":"","src":"","width":0,"height":0},"classes":[]},{"id":3124,"url":"https:\/\/blogg.fumei.se\/?p=3124","url_meta":{"origin":244,"position":3},"title":"Ska man skratta eller gr\u00e5ta?","author":"M :)","date":"2013-09-15","format":false,"excerpt":"Numera \u00e4r jag ju student, och fattig s\u00e5dan dessutom. Men kursb\u00f6cker m\u00e5ste man ju \u00e4nd\u00e5 ha f\u00f6r \u00e4nd\u00e5 att kunna plugga, s\u00e5 jag lade ut en annons p\u00e5 Blocket med en lista p\u00e5 de b\u00f6cker jag ville k\u00f6pa. Jag fick ett par snabba svar, och valde ut en som beg\u00e4rde\u2026","rel":"","context":"I \u201dVardagsliv\u201d","block_context":{"text":"Vardagsliv","link":"https:\/\/blogg.fumei.se\/?cat=47"},"img":{"alt_text":"","src":"","width":0,"height":0},"classes":[]},{"id":222,"url":"https:\/\/blogg.fumei.se\/?p=222","url_meta":{"origin":244,"position":4},"title":"Gult, bl\u00e5tt, gr\u00e5tt och svart","author":"M :)","date":"2010-05-29","format":false,"excerpt":"S\u00e5 skulle man kunna sammanfatta veckan i f\u00e4rger. Gr\u00e5tt \u00e4r f\u00f6r v\u00e4dret, men det fattar nog varenda m\u00e4nniska. Det regnar och regnar, och n\u00e4r det inte regnar s\u00e5 \u00e4r det mulet och kallt och bl\u00e5sigt och man \u00e5ngrar att man lade undan alla vinterkl\u00e4derna.Gult och bl\u00e5tt \u00e4r f\u00f6rgerna p\u00e5 mina\u2026","rel":"","context":"I \u201dVardagsliv\u201d","block_context":{"text":"Vardagsliv","link":"https:\/\/blogg.fumei.se\/?cat=47"},"img":{"alt_text":"","src":"https:\/\/i0.wp.com\/img.youtube.com\/vi\/JYU37jzeQTo\/0.jpg?resize=350%2C200","width":350,"height":200},"classes":[]},{"id":3236,"url":"https:\/\/blogg.fumei.se\/?p=3236","url_meta":{"origin":244,"position":5},"title":"Pl\u00f6tsligt h\u00e4nder det!","author":"M :)","date":"2014-03-01","format":false,"excerpt":"Efter 12 \u00e5r som ofrivillig sm\u00e5stadsbo och sen 7 \u00e5r i bostadsk\u00f6, efter otaliga ans\u00f6kningar, brev och telefonsamtal till diverse bostadsbolag och privata hyresv\u00e4rdar blev det \u00e4ntligen min tur! Jag har i ett par \u00e5rs tid varit extra flitig mef att kolla BoPlats G\u00f6teborgs sida. Varje morgon och varje kv\u00e4ll\u2026","rel":"","context":"I \u201dHemmet\u201d","block_context":{"text":"Hemmet","link":"https:\/\/blogg.fumei.se\/?cat=31"},"img":{"alt_text":"","src":"","width":0,"height":0},"classes":[]}],"_links":{"self":[{"href":"https:\/\/blogg.fumei.se\/index.php?rest_route=\/wp\/v2\/posts\/244","targetHints":{"allow":["GET"]}}],"collection":[{"href":"https:\/\/blogg.fumei.se\/index.php?rest_route=\/wp\/v2\/posts"}],"about":[{"href":"https:\/\/blogg.fumei.se\/index.php?rest_route=\/wp\/v2\/types\/post"}],"author":[{"embeddable":true,"href":"https:\/\/blogg.fumei.se\/index.php?rest_route=\/wp\/v2\/users\/1"}],"replies":[{"embeddable":true,"href":"https:\/\/blogg.fumei.se\/index.php?rest_route=%2Fwp%2Fv2%2Fcomments&post=244"}],"version-history":[{"count":1,"href":"https:\/\/blogg.fumei.se\/index.php?rest_route=\/wp\/v2\/posts\/244\/revisions"}],"predecessor-version":[{"id":6726,"href":"https:\/\/blogg.fumei.se\/index.php?rest_route=\/wp\/v2\/posts\/244\/revisions\/6726"}],"wp:attachment":[{"href":"https:\/\/blogg.fumei.se\/index.php?rest_route=%2Fwp%2Fv2%2Fmedia&parent=244"}],"wp:term":[{"taxonomy":"category","embeddable":true,"href":"https:\/\/blogg.fumei.se\/index.php?rest_route=%2Fwp%2Fv2%2Fcategories&post=244"},{"taxonomy":"post_tag","embeddable":true,"href":"https:\/\/blogg.fumei.se\/index.php?rest_route=%2Fwp%2Fv2%2Ftags&post=244"}],"curies":[{"name":"wp","href":"https:\/\/api.w.org\/{rel}","templated":true}]}}