{"id":245,"date":"2010-05-02T21:50:00","date_gmt":"2010-05-02T21:50:00","guid":{"rendered":"\/Blogg\/post\/Slo-slapp-och-likgiltig.aspx"},"modified":"2024-03-29T12:00:39","modified_gmt":"2024-03-29T11:00:39","slug":"slo-slapp-och-likgiltig","status":"publish","type":"post","link":"https:\/\/blogg.fumei.se\/?p=245","title":{"rendered":"Sl\u00f6, slapp och likgiltig"},"content":{"rendered":"<p>Det \u00e4r jag det. I alla fall har jag varit det den h\u00e4r helgen. Ledig i tv\u00e5 dagar utan n\u00e5ot av barnen hemma, d\u00e5 f\u00e5r man passa p\u00e5 att ladda om. Fia och Robin var hos Magnus f\u00f6r att fira att b\u00e5de Robin och deras (halv)bror Liam har fyllt \u00e5r.<br \/>\nJag jobbade visserligen fredag kv\u00e4ll, men det var lugnt f\u00f6r min del, och jag var hemma som vanligt runt 22.40.<br \/>\nL\u00f6rdagen var gr\u00e5, regnig och framf\u00f6rallt bl\u00e5sig, s\u00e5 jag stannade inne, brydde mig inte ens om att kl\u00e4 p\u00e5 mig, utan drog omkring i pyjamas hela dagen. Jag hade ju allt jag beh\u00f6vde h\u00e4r hemma &#8211; mat, dryck, b\u00f6cker och filmer. Det blev tom ett par timmar p\u00e5 chatten.<br \/>\nIdag vaknade jag f\u00f6rst av solen, sedan av sms fr\u00e5n Magnus och till slut var jag tvungen att g\u00e5 upp n\u00e4r bl\u00e5san inte ville vara med och leka l\u00e4ngre.<br \/>\nSen plockade jag undan lite, diskade och vattnade blommor &#8211; allt s\u00e5nt som jag struntade i ig\u00e5r n\u00e4r jag bara slappade. Fia och Robin var hungriga n\u00e4r Magnus sl\u00e4ppte av dem h\u00e4r, s\u00e5 det lev lite soppa och mackor till lunch, s\u00e5 st\u00e4dade vi resten av l\u00e4genheten.<br \/>\nTill middag gjorde jag grillad kycklingfil\u00e8 med blandade gr\u00f6nsaker till mig, och ris och sallad till barnen. De vill inte \u00e4ta gr\u00f6nsaker om det inneb\u00e4r att de m\u00e5ste \u00e4ta squash eller aubergine eller n\u00e5t liknande. Jaja&#8230;mer till mig&#8230;det blev matl\u00e5da till imorgon.<br \/>\nSen satte jag mig p\u00e5 balkongen och skulle l\u00e4sa och dricka kaffe, men det var s\u00e5 sk\u00f6nt i solen att jag slocknade en stund, s\u00e5 nu har jag en &#8221;snygg&#8221; br\u00e4nna haha.<br \/>\nNu ska jag strax sova, f\u00f6r imorgon \u00e4r det en ny (arbets)dag och klockan ringer tidigt som 17. Ska v\u00e4l hinna l\u00e4sa ett par sidor ocks\u00e5 innan jag d\u00e4ckar igen.<\/p>\n","protected":false},"excerpt":{"rendered":"<p>Det \u00e4r jag det. I alla fall har jag varit det den h\u00e4r helgen. Ledig i tv\u00e5 dagar utan n\u00e5ot av barnen hemma, d\u00e5 f\u00e5r man passa p\u00e5 att ladda om. Fia och Robin var hos Magnus f\u00f6r att fira att b\u00e5de Robin och deras (halv)bror Liam har fyllt \u00e5r. Jag jobbade visserligen fredag kv\u00e4ll,&#8230;<\/p>\n","protected":false},"author":1,"featured_media":0,"comment_status":"open","ping_status":"open","sticky":false,"template":"","format":"standard","meta":{"jetpack_post_was_ever_published":false,"_jetpack_newsletter_access":"","_jetpack_dont_email_post_to_subs":false,"_jetpack_newsletter_tier_id":0,"_jetpack_memberships_contains_paywalled_content":false,"_jetpack_memberships_contains_paid_content":false,"footnotes":"","jetpack_publicize_message":"","jetpack_publicize_feature_enabled":true,"jetpack_social_post_already_shared":false,"jetpack_social_options":{"image_generator_settings":{"template":"highway","default_image_id":0,"font":"","enabled":false},"version":2}},"categories":[47],"tags":[],"class_list":["post-245","post","type-post","status-publish","format-standard","hentry","category-vardagsliv"],"jetpack_publicize_connections":[],"jetpack_featured_media_url":"","jetpack_shortlink":"https:\/\/wp.me\/p3qko4-3X","jetpack_sharing_enabled":true,"jetpack_likes_enabled":true,"jetpack-related-posts":[{"id":722,"url":"https:\/\/blogg.fumei.se\/?p=722","url_meta":{"origin":245,"position":0},"title":"Lilla julafton","author":"M :)","date":"2008-12-21","format":false,"excerpt":"Eftersom Fia och Robin \u00e5ker till sin k\u00e4re far imorgon, och blir borta \u00f6ver hela julen (och lite till...), s\u00e5 fick de varsin julklapp i f\u00f6rskott av mig idag n\u00e4r vi hade adventsfika. Robin fick tredje delen i serien om Eragon; \"Brisingr\", och Fia fick \"N\u00e4r jag h\u00f6r din r\u00f6st\"\u2026","rel":"","context":"I \u201dVardagsliv\u201d","block_context":{"text":"Vardagsliv","link":"https:\/\/blogg.fumei.se\/?cat=47"},"img":{"alt_text":"","src":"","width":0,"height":0},"classes":[]},{"id":1020,"url":"https:\/\/blogg.fumei.se\/?p=1020","url_meta":{"origin":245,"position":1},"title":"I startgroparna","author":"M :)","date":"2009-07-19","format":false,"excerpt":"Idag kom Fia hem fr\u00e5n Thn. Magnus ringde och sa att Robin ville stanna hela veckan, och jag s\u00e4ger inte nej om han vill vara hos sin pappa och umg\u00e5s med lillebror och kompisar.Imorgon \u00e5ker Fia igen. Inte till \u00d6sd, men v\u00e4l till V\u00e4ster\u00e5s. Det \u00e4r dags f\u00f6r veckan hos\u2026","rel":"","context":"I \u201dVardagsliv\u201d","block_context":{"text":"Vardagsliv","link":"https:\/\/blogg.fumei.se\/?cat=47"},"img":{"alt_text":"","src":"","width":0,"height":0},"classes":[]},{"id":193,"url":"https:\/\/blogg.fumei.se\/?p=193","url_meta":{"origin":245,"position":2},"title":"Semester, del 1:3","author":"EmEff","date":"2010-08-01","format":false,"excerpt":"S\u00e5 har snart en vecka g\u00e5tt av min semester. vad har jag fyllt den med d\u00e5? Jo, till att b\u00f6rja med har jag gett mig sj\u00e4lv sovmorgon varje dag. Sovmorgon som i att jag inte st\u00e4llt klockan utan sovit tills jag vaknar av mig sj\u00e4lv, alla dagar utom ig\u00e5r, l\u00f6rdag.D\u00e5\u2026","rel":"","context":"I \u201dVardagsliv\u201d","block_context":{"text":"Vardagsliv","link":"https:\/\/blogg.fumei.se\/?cat=47"},"img":{"alt_text":"","src":"","width":0,"height":0},"classes":[]},{"id":1011,"url":"https:\/\/blogg.fumei.se\/?p=1011","url_meta":{"origin":245,"position":3},"title":"Det regnar igen","author":"M :)","date":"2009-07-30","format":false,"excerpt":"Jag b\u00f6rjar bli ganska tr\u00f6tt p\u00e5 det h\u00e4r regnet nu, det k\u00e4nns faktiskt som om de tre veckor med sol jag hade under min semester l\u00e4r bli de enda den h\u00e4r sommaren. Jag tycker synd om alla som har semester nu, och om alla skolbarn- och ungdomar som inte kan\u2026","rel":"","context":"I \u201dVardagsliv\u201d","block_context":{"text":"Vardagsliv","link":"https:\/\/blogg.fumei.se\/?cat=47"},"img":{"alt_text":"","src":"","width":0,"height":0},"classes":[]},{"id":1015,"url":"https:\/\/blogg.fumei.se\/?p=1015","url_meta":{"origin":245,"position":4},"title":"Seeeeeeeegt","author":"M :)","date":"2009-07-23","format":false,"excerpt":"Min dator \u00e4r seg. Den h\u00e4nger sig och den jobbar l\u00e5ngsamt och den vill inte \u00f6ppna applikationer som funkat innan.Alltsammans b\u00f6rjade efter att jag installerade WoW p\u00e5 den. Och varf\u00f6r gjorde jag nu det, d\u00e5, jag som inte ens spelar WoW?!Jo, till att b\u00f6rja med s\u00e5 hade Robin det installerat\u2026","rel":"","context":"I \u201dVardagsliv\u201d","block_context":{"text":"Vardagsliv","link":"https:\/\/blogg.fumei.se\/?cat=47"},"img":{"alt_text":"","src":"","width":0,"height":0},"classes":[]},{"id":187,"url":"https:\/\/blogg.fumei.se\/?p=187","url_meta":{"origin":245,"position":5},"title":"Uppdateringsinl\u00e4gg","author":"M :)","date":"2010-08-22","format":false,"excerpt":"Jag beh\u00f6ver v\u00e4l knappast tala om att J \u00e4r h\u00e4r, va? Det tror jag de flesta har koll p\u00e5. Men jag kan ju ber\u00e4tta lite om vad vi har gjort sen han kom hit, f\u00f6r till skillnad mot vad flera tror s\u00e5 har vi inte bott i s\u00e4ngen... I onsdags\u2026","rel":"","context":"I \u201dVardagsliv\u201d","block_context":{"text":"Vardagsliv","link":"https:\/\/blogg.fumei.se\/?cat=47"},"img":{"alt_text":"","src":"","width":0,"height":0},"classes":[]}],"_links":{"self":[{"href":"https:\/\/blogg.fumei.se\/index.php?rest_route=\/wp\/v2\/posts\/245","targetHints":{"allow":["GET"]}}],"collection":[{"href":"https:\/\/blogg.fumei.se\/index.php?rest_route=\/wp\/v2\/posts"}],"about":[{"href":"https:\/\/blogg.fumei.se\/index.php?rest_route=\/wp\/v2\/types\/post"}],"author":[{"embeddable":true,"href":"https:\/\/blogg.fumei.se\/index.php?rest_route=\/wp\/v2\/users\/1"}],"replies":[{"embeddable":true,"href":"https:\/\/blogg.fumei.se\/index.php?rest_route=%2Fwp%2Fv2%2Fcomments&post=245"}],"version-history":[{"count":2,"href":"https:\/\/blogg.fumei.se\/index.php?rest_route=\/wp\/v2\/posts\/245\/revisions"}],"predecessor-version":[{"id":6725,"href":"https:\/\/blogg.fumei.se\/index.php?rest_route=\/wp\/v2\/posts\/245\/revisions\/6725"}],"wp:attachment":[{"href":"https:\/\/blogg.fumei.se\/index.php?rest_route=%2Fwp%2Fv2%2Fmedia&parent=245"}],"wp:term":[{"taxonomy":"category","embeddable":true,"href":"https:\/\/blogg.fumei.se\/index.php?rest_route=%2Fwp%2Fv2%2Fcategories&post=245"},{"taxonomy":"post_tag","embeddable":true,"href":"https:\/\/blogg.fumei.se\/index.php?rest_route=%2Fwp%2Fv2%2Ftags&post=245"}],"curies":[{"name":"wp","href":"https:\/\/api.w.org\/{rel}","templated":true}]}}