{"id":2458,"date":"2012-07-22T20:27:59","date_gmt":"2012-07-22T18:27:59","guid":{"rendered":"http:\/\/blogg.fumei.se\/?p=2458"},"modified":"2012-07-22T20:27:59","modified_gmt":"2012-07-22T18:27:59","slug":"s-e-m-e-s-t-e-r-2","status":"publish","type":"post","link":"https:\/\/blogg.fumei.se\/?p=2458","title":{"rendered":"S E M E S T E R!!"},"content":{"rendered":"<p>\u00c4NTLIGEN! Som jag har l\u00e4ngtat efter semestern i \u00e5r! Inte bara f\u00f6r att jag ska \u00e5ka till Rom, utan f\u00f6r att det varit ett sjuhelsikes tungt \u00e5r jobbm\u00e4ssigt, och f\u00f6r att det ju var r\u00e4tt l\u00e5ng tid sen f\u00f6rra semestern eftersom jag hade v\u00e4ldigt tidig semester f\u00f6rra \u00e5ret.<br \/>\nIg\u00e5r gjorde jag sista passet (f.\u00f6 ett extrapass. Igen) f\u00f6r sommaren, n\u00e4sta pass jag jobbar blir den 20:e Augusti, och d\u00e5 \u00e4r sommaren officiellt \u00f6ver p\u00e5 jobbet, f\u00f6r d\u00e5 b\u00f6rjar den nya schemaperioden.<br \/>\nMen fr\u00e5n nu och fyra veckor fram\u00e5t \u00e4r det allts\u00e5 LEDIGT som g\u00e4ller!<\/p>\n<p>Idag har jag packat v\u00e4ska och lagt fram det jag ska ha p\u00e5 mig n\u00e4r vi \u00e5ker. Jag har fixat mackor till mats\u00e4ck, f\u00f6r naturligtvis st\u00e4mmer inte t\u00e5gtiderna med v\u00e5r flygtid, s\u00e5 vi m\u00e5ste \u00e5ka h\u00e4rifr\u00e5n vid halv \u00e5tta p\u00e5 morgonen f\u00f6r att hinna. Dvs om vi inte vill chansa stort p\u00e5 att t\u00e5g och bussar g\u00e5r som de ska och \u00e4r i tid, och att det inte \u00e4r k\u00f6 vare sig till Forex eller biljettdisken p\u00e5 S\u00e4ve flygplats.<br \/>\nForex, f\u00f6r att J inte v\u00e4xlat n\u00e5gra pengar \u00e4n (varf\u00f6r g\u00f6ra saker i god tid, liksom?) \u00a0och biljettdisken f\u00f6r att J m\u00e5ste dit och f\u00e5 en st\u00e4mpel i sitt boardingpass innan han kan g\u00e5genom gaten, bara f\u00f6r att han inte \u00e4r medborgare i ett EU\/EES-land.<br \/>\nS\u00e5 vi tar med bok, h\u00f6rlurar, bra musik och lite k\u00e4k, och s\u00e5 picknickar vi p\u00e5 flygplatsen i v\u00e4ntan p\u00e5 avg\u00e5ng.<\/p>\n<p>Resten av semestern \u00e4r inte planerad \u00e4n. Sophia ska jobba ett par veckor till, och Robin \u00e4r hos deras far en vecka till. Han vill f\u00f6rresten inte g\u00f6ra s\u00e5 mycket mer \u00e4n att sitta vid datorn hela dagarna (och halva n\u00e4tterna). Jag fr\u00e5gade vad han vill att vi ska g\u00f6ra, och han svarade &#8221;g\u00e5 p\u00e5 bio&#8221;. S\u00e5 jag drog till med att vi kunde g\u00e5 och se <a href=\"http:\/\/www.imdb.com\/title\/tt1611224\/\" target=\"_blank\">&#8221;Abraham Lincoln \u00a0vampire hunter&#8221;<\/a>, och han sa inte ens emot, fast det handlade om vampyrer! S\u00e5 ett biobes\u00f6k l\u00e4r det ju bli iaf.<\/p>\n<p>Idag kollade jeg p\u00e5 resa och \u00f6vernattning i K\u00f6penhamn, men fast\u00e4n jag hittade ett relativt billigt rum n\u00e4ra centrum, s\u00e5 skulle t\u00e5gbiljetterna kosta skjortan. S\u00e5 det blir inget K\u00f6penhamn. Vart och vad \u00e5terst\u00e5r att se. Kanske en liten tur till syster med familj uppe i V\u00e4ster\u00e5s, \u00e4nd\u00e5?<\/p>\n<p>Mor och far \u00e4r ocks\u00e5 ute och reser.tillsammans med mellanbrodern och hans dotter. Dde \u00e5kte idag p\u00e5 morgonen, ska bila ner till farmor, faster och familjen p\u00e5 pappas sida i Italien. Min lilla farmor har alzheimers, och m\u00e5r inte alltf\u00f6r bra nuf\u00f6rtiden, s\u00e5 pappa vill g\u00e4rna hinna tr\u00e4ffa sin mamma innan det \u00e4r f\u00f6rsent.<br \/>\nSophia \u00e4r hemma och \u00e4r hundvakt under tiden som vi andra \u00e4r ute och fl\u00e4nger. \u00a0N\u00e5gra f\u00f6rh\u00e5llningsregler hon f\u00e5tt, men i \u00f6vrigt hoppas jag att hon visar att hon \u00e4r 19 \u00e5r och uppf\u00f6r sig d\u00e4refter. (och g\u00f6r hon inte det blir det ingen present fr\u00e5n Rom.)<\/p>\n<p>N\u00e4r vi kommit hem ska jag skriva allt om hur det var och l\u00e4gga upp en massa bilder, men nu ska jag ta ett glas vin, stryka min kjol och dubbelkolla allt \ud83d\ude09<\/p>\n","protected":false},"excerpt":{"rendered":"<p>\u00c4NTLIGEN! Som jag har l\u00e4ngtat efter semestern i \u00e5r! Inte bara f\u00f6r att jag ska \u00e5ka till Rom, utan f\u00f6r att det varit ett sjuhelsikes tungt \u00e5r jobbm\u00e4ssigt, och f\u00f6r att det ju var r\u00e4tt l\u00e5ng tid sen f\u00f6rra semestern eftersom jag hade v\u00e4ldigt tidig semester f\u00f6rra \u00e5ret. Ig\u00e5r gjorde jag sista passet (f.\u00f6 ett&#8230;<\/p>\n","protected":false},"author":1,"featured_media":0,"comment_status":"open","ping_status":"open","sticky":false,"template":"","format":"standard","meta":{"jetpack_post_was_ever_published":false,"_jetpack_newsletter_access":"","_jetpack_dont_email_post_to_subs":false,"_jetpack_newsletter_tier_id":0,"_jetpack_memberships_contains_paywalled_content":false,"_jetpack_memberships_contains_paid_content":false,"footnotes":"","jetpack_publicize_message":"","jetpack_publicize_feature_enabled":true,"jetpack_social_post_already_shared":false,"jetpack_social_options":{"image_generator_settings":{"template":"highway","default_image_id":0,"font":"","enabled":false},"version":2}},"categories":[47],"tags":[149,150,148],"class_list":["post-2458","post","type-post","status-publish","format-standard","hentry","category-vardagsliv","tag-resa","tag-rom","tag-semester"],"jetpack_publicize_connections":[],"jetpack_featured_media_url":"","jetpack_shortlink":"https:\/\/wp.me\/p3qko4-DE","jetpack_sharing_enabled":true,"jetpack_likes_enabled":true,"jetpack-related-posts":[{"id":2988,"url":"https:\/\/blogg.fumei.se\/?p=2988","url_meta":{"origin":2458,"position":0},"title":"En lite b\u00e4ttre dag","author":"M :)","date":"2013-07-01","format":false,"excerpt":"Hej. Det \u00e4r jag igen.\u00a0Du vet, hon som skriver i den h\u00e4r bloggen n\u00e4r lust och vilja kommer \u00f6ver mig. P\u00e5 sista tiden har det inte blivit s\u00e5 mycket skrivande av. Det har helt enkelt inte funnits s\u00e5 mycket att skriva om. F\u00f6r sanningen \u00e4r ju att det inte \u00e4r\u2026","rel":"","context":"I \u201dVardagsliv\u201d","block_context":{"text":"Vardagsliv","link":"https:\/\/blogg.fumei.se\/?cat=47"},"img":{"alt_text":"","src":"","width":0,"height":0},"classes":[]},{"id":2134,"url":"https:\/\/blogg.fumei.se\/?p=2134","url_meta":{"origin":2458,"position":1},"title":"Slag i saken","author":"M :)","date":"2012-02-28","format":false,"excerpt":"Ni vet alla de d\u00e4r extra arbetspassen jag gjort den senaste tiden? I Januari gjorde jag s\u00e5 m\u00e5nga att det jag fick ut i l\u00f6n\u00a0ig\u00e5r motsvarar 1 l\u00f6n + 2\/3 av en normal m\u00e5nadsl\u00f6n! Sansl\u00f6st!! S\u00e5 f\u00f6r att fira det best\u00e4mde vi (J och jag) oss f\u00f6r att \u00e5ka iv\u00e4g\u2026","rel":"","context":"I \u201dVardagsliv\u201d","block_context":{"text":"Vardagsliv","link":"https:\/\/blogg.fumei.se\/?cat=47"},"img":{"alt_text":"","src":"https:\/\/i0.wp.com\/blogg.fumei.se\/wp-content\/uploads\/2012\/02\/seirom.jpg?resize=350%2C200","width":350,"height":200},"classes":[]},{"id":196,"url":"https:\/\/blogg.fumei.se\/?p=196","url_meta":{"origin":2458,"position":2},"title":"S.E.M.E.S.T.E.R!!","author":"M :)","date":"2010-07-26","format":false,"excerpt":"\u00c4ntligen! Det var l\u00e4nge sen sist. Ett helt \u00e5r, och lite till. Jag hade ju tidig semester f\u00f6rra \u00e5ret, och s\u00e5 har jag sen semester i \u00e5r, och till r\u00e5ga p\u00e5 allt tog jag ju bort en vecka f\u00f6r att spara tills J kommer hit. S\u00e5 nu \u00e4r jag tr\u00f6tt\u2026","rel":"","context":"I \u201dVardagsliv\u201d","block_context":{"text":"Vardagsliv","link":"https:\/\/blogg.fumei.se\/?cat=47"},"img":{"alt_text":"","src":"","width":0,"height":0},"classes":[]},{"id":221,"url":"https:\/\/blogg.fumei.se\/?p=221","url_meta":{"origin":2458,"position":3},"title":"Sn\u00e4lla barn","author":"EmEff","date":"2010-05-31","format":false,"excerpt":"Har jag ibland. Som tex ig\u00e5r, n\u00e4r jag fick blomma och kort p\u00e5 Mors Dag. Tv\u00e5 trisslotter fick jag ocks\u00e5, och med min vanliga tur vann jag s\u00e5klart inte ens en ny lott. Idag \u00e4r jag ledig. Med betoning p\u00e5 ledig. Jag har visserligen ett hem som \u00e4r bedr\u00f6vligt f\u00f6rsummat\u2026","rel":"","context":"I \u201dVardagsliv\u201d","block_context":{"text":"Vardagsliv","link":"https:\/\/blogg.fumei.se\/?cat=47"},"img":{"alt_text":"","src":"","width":0,"height":0},"classes":[]},{"id":2461,"url":"https:\/\/blogg.fumei.se\/?p=2461","url_meta":{"origin":2458,"position":4},"title":"Rom 2012; dag 1","author":"M :)","date":"2012-07-28","format":false,"excerpt":"\u00c4ntligen var det dags f\u00f6r oss att \u00e5ka! Som jag l\u00e4ngtat. \u00c4nda sedan jag var liten har jag ju velat \u00e5ka till Rom, men med en pappa som n\u00f6jde sig med att landa hos farmor varje sommar som vi bilade ner i min barndom, och med en r\u00e4tt begr\u00e4nsad budget\u2026","rel":"","context":"I \u201dVardagsliv\u201d","block_context":{"text":"Vardagsliv","link":"https:\/\/blogg.fumei.se\/?cat=47"},"img":{"alt_text":"","src":"https:\/\/i0.wp.com\/blogg.fumei.se\/wp-content\/uploads\/2012\/07\/13.jpg?resize=350%2C200","width":350,"height":200},"classes":[]},{"id":974,"url":"https:\/\/blogg.fumei.se\/?p=974","url_meta":{"origin":2458,"position":5},"title":"Sommar och sol","author":"M :)","date":"2009-06-25","format":false,"excerpt":"Vad kan vara b\u00e4ttre p\u00e5 semestern \u00e4n just det? Inte mycket, nej, s\u00e5 jag \u00e4r superglad att det \u00e4r s\u00e5 h\u00e4rligt v\u00e4der just nu! F\u00f6rra \u00e5ret regnade ju min semester bort, praktiskt taget. Jag tror jag hade tv\u00e5 solddagar p\u00e5 mina 4 veckor...Ig\u00e5r anl\u00e4nde jag allts\u00e5 till Silvio och Emma\u2026","rel":"","context":"I \u201dVardagsliv\u201d","block_context":{"text":"Vardagsliv","link":"https:\/\/blogg.fumei.se\/?cat=47"},"img":{"alt_text":"","src":"","width":0,"height":0},"classes":[]}],"_links":{"self":[{"href":"https:\/\/blogg.fumei.se\/index.php?rest_route=\/wp\/v2\/posts\/2458","targetHints":{"allow":["GET"]}}],"collection":[{"href":"https:\/\/blogg.fumei.se\/index.php?rest_route=\/wp\/v2\/posts"}],"about":[{"href":"https:\/\/blogg.fumei.se\/index.php?rest_route=\/wp\/v2\/types\/post"}],"author":[{"embeddable":true,"href":"https:\/\/blogg.fumei.se\/index.php?rest_route=\/wp\/v2\/users\/1"}],"replies":[{"embeddable":true,"href":"https:\/\/blogg.fumei.se\/index.php?rest_route=%2Fwp%2Fv2%2Fcomments&post=2458"}],"version-history":[{"count":2,"href":"https:\/\/blogg.fumei.se\/index.php?rest_route=\/wp\/v2\/posts\/2458\/revisions"}],"predecessor-version":[{"id":2460,"href":"https:\/\/blogg.fumei.se\/index.php?rest_route=\/wp\/v2\/posts\/2458\/revisions\/2460"}],"wp:attachment":[{"href":"https:\/\/blogg.fumei.se\/index.php?rest_route=%2Fwp%2Fv2%2Fmedia&parent=2458"}],"wp:term":[{"taxonomy":"category","embeddable":true,"href":"https:\/\/blogg.fumei.se\/index.php?rest_route=%2Fwp%2Fv2%2Fcategories&post=2458"},{"taxonomy":"post_tag","embeddable":true,"href":"https:\/\/blogg.fumei.se\/index.php?rest_route=%2Fwp%2Fv2%2Ftags&post=2458"}],"curies":[{"name":"wp","href":"https:\/\/api.w.org\/{rel}","templated":true}]}}