{"id":246,"date":"2010-04-29T21:33:00","date_gmt":"2010-04-29T21:33:00","guid":{"rendered":"\/Blogg\/post\/Njae.aspx"},"modified":"2010-04-29T21:33:00","modified_gmt":"2010-04-29T21:33:00","slug":"njae","status":"publish","type":"post","link":"https:\/\/blogg.fumei.se\/?p=246","title":{"rendered":"Nj\u00e4e&#8230;"},"content":{"rendered":"<p>Det d&auml;r med att g&aring; p&aring; pulverdiet &auml;r nog inte riktigt min grej. F&ouml;r det f&ouml;rsta var jag hungrig hela tiden mellan &#8221;m&aring;len&#8221;, trots att jag hinkade vatten och kaffe, f&ouml;r det andra blev jag alldeles vimsig och k&auml;nde mig &#8211; inte yr, men n&auml;rap&aring; i alla fall (f&ouml;rmodligen p&aring; bristen p&aring; socker), och f&ouml;r det tredje s&aring; talade mina njurar om f&ouml;r mig att det d&auml;r pulvret det gillar vi inte f&ouml;r av n&aring;gon anledning fick jag ont. (Visserligen tror jag att det var s&aring; att en massa slagg och sm&aring;grus lossnade av all v&auml;tska&#8230;ont gjorde det i alla fall, och ska jag ha njurstenar som lossnar ska jag inte ha alla p&aring; samma g&aring;ng, tack s&aring; mycket).<br \/>S&aring; jag &ouml;vergav shakern, men bara delvis, och nu k&ouml;r jag lite GI, fast jag drcker fortfarande en pulverdrink p&aring; morgonen ist&auml;llet f&ouml;r den d&auml;r frukosten som jag aldrig &auml;ter i vanliga fall.<br \/>N&auml;sta vecka ska jag &#8221;b&ouml;rja om&#8221;, men d&aring; utan pulver.<\/p>\n<p>Har varit ledig idag, och som vanligt p&aring; f&ouml;rsta lediga dagen efter l&ouml;n, s&aring; har jag storhandlat, s&aring; nu finns det mat, vill jag lova. Tv&auml;ttat, diskat och plockat undan h&auml;r hemma har jag ocks&aring; hunnit med. En ganska vanlig dag, allts&aring;. Mor och far var h&auml;r, de hj&auml;lpte mig med handlingen, ju. Inte s&aring; kul att sl&auml;pa massa kassar p&aring; buss och t&aring;g, men de st&auml;ller upp. Som tack fick de &#8211; f&ouml;rutom bensinpengar &#8211; lite lunch och varsin bakelse till kaffet. Och faktiskt var jag inte ens sugen p&aring; en s&aring;n ens n&auml;r de satt och &aring;t dem mitt framf&ouml;r mig!<\/p>\n<p>Som vanligt inget roligt att ber&auml;tta egentligen, s&aring; nu s&auml;ger jag godnatt.<\/p>\n","protected":false},"excerpt":{"rendered":"<p>Det d&auml;r med att g&aring; p&aring; pulverdiet &auml;r nog inte riktigt min grej. F&ouml;r det f&ouml;rsta var jag hungrig hela tiden mellan &#8221;m&aring;len&#8221;, trots att jag hinkade vatten och kaffe, f&ouml;r det andra blev jag alldeles vimsig och k&auml;nde mig &#8211; inte yr, men n&auml;rap&aring; i alla fall (f&ouml;rmodligen p&aring; bristen p&aring; socker), och f&ouml;r&#8230;<\/p>\n","protected":false},"author":1,"featured_media":0,"comment_status":"open","ping_status":"open","sticky":false,"template":"","format":"standard","meta":{"jetpack_post_was_ever_published":false,"_jetpack_newsletter_access":"","_jetpack_dont_email_post_to_subs":false,"_jetpack_newsletter_tier_id":0,"_jetpack_memberships_contains_paywalled_content":false,"_jetpack_memberships_contains_paid_content":false,"footnotes":"","jetpack_publicize_message":"","jetpack_publicize_feature_enabled":true,"jetpack_social_post_already_shared":false,"jetpack_social_options":{"image_generator_settings":{"template":"highway","default_image_id":0,"font":"","enabled":false},"version":2}},"categories":[47],"tags":[],"class_list":["post-246","post","type-post","status-publish","format-standard","hentry","category-vardagsliv"],"jetpack_publicize_connections":[],"jetpack_featured_media_url":"","jetpack_shortlink":"https:\/\/wp.me\/s3qko4-njae","jetpack_sharing_enabled":true,"jetpack_likes_enabled":true,"jetpack-related-posts":[{"id":3182,"url":"https:\/\/blogg.fumei.se\/?p=3182","url_meta":{"origin":246,"position":0},"title":"Inte en dag f\u00f6r tidigt&#8230;","author":"M :)","date":"2014-01-20","format":false,"excerpt":"Jag har i flera \u00e5r haft svartm\u00f6gel i taket och runt r\u00f6r, fogar och f\u00f6nsterlisterna i mitt badrum. Kaklet \u00e4r sprucket p\u00e5 flera st\u00e4llen, golvmattan sl\u00e4pper i fogarna och under badkaret har det g\u00e5tt h\u00e5l f\u00f6r att det droppat rostigt vatten p\u00e5 samma st\u00e4lle i flera \u00e5r, och tapeten \u00e4r\u2026","rel":"","context":"I \u201dHemmet\u201d","block_context":{"text":"Hemmet","link":"https:\/\/blogg.fumei.se\/?cat=31"},"img":{"alt_text":"2014-01-20 17.42.02","src":"https:\/\/i0.wp.com\/blogg.fumei.se\/wp-content\/uploads\/2014\/01\/2014-01-20-17.42.02.jpg?resize=350%2C200","width":350,"height":200},"classes":[]},{"id":1208,"url":"https:\/\/blogg.fumei.se\/?p=1208","url_meta":{"origin":246,"position":1},"title":"Tr\u00e4smak i rumpestumpen","author":"M :)","date":"2009-12-21","format":false,"excerpt":"Ig\u00e5r kv\u00e4ll, strax efter att Robin hade g\u00e5tt och lagt sig, ropade han p\u00e5 mig. Han hade helt pl\u00f6tsligt f\u00e5tt v\u00e4ldigt ont i magen, p\u00e5 en punkt invid v\u00e4nster h\u00f6ft. Det gjorde s\u00e5 ont att stackarn b\u00f6rjade gr\u00e5ta och knappt kunde ta sig upp i sittande st\u00e4llning f\u00f6r att sv\u00e4lja\u2026","rel":"","context":"I \u201dVardagsliv\u201d","block_context":{"text":"Vardagsliv","link":"https:\/\/blogg.fumei.se\/?cat=47"},"img":{"alt_text":"","src":"","width":0,"height":0},"classes":[]},{"id":515,"url":"https:\/\/blogg.fumei.se\/?p=515","url_meta":{"origin":246,"position":2},"title":"S\u00e5 tr\u00f6tt, s\u00e5 tr\u00f6tt&#8230;","author":"M :)","date":"2008-09-28","format":false,"excerpt":"Det har varit en riktigt tuff helg med j\u00e4ttemycket att g\u00f6ra, m\u00e5nga patienter som beh\u00f6vde mycket hj\u00e4lp, och alldeles f\u00f6r f\u00e5 personal f\u00f6r att det skulle vara h\u00e4lsosamt. Vi som jobbade den h\u00e4r helgen sprang som yra h\u00f6ns mellan rummen och m\u00e5nga saker som skulle beh\u00f6vt g\u00f6ras blev inte gjorda.\u2026","rel":"","context":"I \u201dVardagsliv\u201d","block_context":{"text":"Vardagsliv","link":"https:\/\/blogg.fumei.se\/?cat=47"},"img":{"alt_text":"","src":"","width":0,"height":0},"classes":[]},{"id":153,"url":"https:\/\/blogg.fumei.se\/?p=153","url_meta":{"origin":246,"position":3},"title":"Om ni inte m\u00e4rkte det sj\u00e4lva","author":"M :)","date":"2010-11-25","format":false,"excerpt":"s\u00e5 \u00e4r jag klar med att fixa med bloggen f\u00f6r den h\u00e4r g\u00e5ngen. Blev ganska n\u00f6jd, lite vintrigt tema i headern utan att f\u00f6r den skull vara \u00f6verdrivet sn\u00f6igt. Lite n\u00e4rmare jul kommer det nog en mera julig header... Idag har jag slitit som ett djur p\u00e5 jobbet, men det\u2026","rel":"","context":"I \u201dVardagsliv\u201d","block_context":{"text":"Vardagsliv","link":"https:\/\/blogg.fumei.se\/?cat=47"},"img":{"alt_text":"","src":"","width":0,"height":0},"classes":[]},{"id":154,"url":"https:\/\/blogg.fumei.se\/?p=154","url_meta":{"origin":246,"position":4},"title":"Hej och grattis!","author":"M :)","date":"2010-11-23","format":false,"excerpt":"Du har blivit utvald som Testpilot p\u00e5 Arla K\u00f6ket smaksatt gr\u00e4dde. S\u00e5 b\u00f6rjade mailet jag fick fr\u00e5n Smartson idag, s\u00e5 nu v\u00e4ntar jag med sp\u00e4nning p\u00e5 mina v\u00e4rdecheckar s\u00e5 att jag kan handla och b\u00f6rja anv\u00e4nda produkterna.Nu ska h\u00e4r bakas och lagas och smakas och provas och njutas och testas\u2026","rel":"","context":"I \u201dVardagsliv\u201d","block_context":{"text":"Vardagsliv","link":"https:\/\/blogg.fumei.se\/?cat=47"},"img":{"alt_text":"","src":"","width":0,"height":0},"classes":[]},{"id":1709,"url":"https:\/\/blogg.fumei.se\/?p=1709","url_meta":{"origin":246,"position":5},"title":"B\u00e4ttre","author":"M :)","date":"2011-11-11","format":false,"excerpt":"Kort, men intensivt. S\u00e5 kan man sammanfatta mitt bes\u00f6k p\u00e5 v\u00e5rdcentralen idag. Jag kom dit, doktorn tittade och hon konstaterade genast att jag hade en infektion. Duktig doktor, det d\u00e4r, med tanke p\u00e5 att jag ocks\u00e5 redan fattat det. S\u00e5 jag fick ett fotbad i gr\u00f6ns\u00e5pa (tydligen \u00e4r det otroligt\u2026","rel":"","context":"I \u201dVardagsliv\u201d","block_context":{"text":"Vardagsliv","link":"https:\/\/blogg.fumei.se\/?cat=47"},"img":{"alt_text":"","src":"https:\/\/i0.wp.com\/blogg.fumei.se\/wp-content\/uploads\/2011\/11\/2011-11-11-11.01.17.jpg?resize=350%2C200","width":350,"height":200},"classes":[]}],"_links":{"self":[{"href":"https:\/\/blogg.fumei.se\/index.php?rest_route=\/wp\/v2\/posts\/246","targetHints":{"allow":["GET"]}}],"collection":[{"href":"https:\/\/blogg.fumei.se\/index.php?rest_route=\/wp\/v2\/posts"}],"about":[{"href":"https:\/\/blogg.fumei.se\/index.php?rest_route=\/wp\/v2\/types\/post"}],"author":[{"embeddable":true,"href":"https:\/\/blogg.fumei.se\/index.php?rest_route=\/wp\/v2\/users\/1"}],"replies":[{"embeddable":true,"href":"https:\/\/blogg.fumei.se\/index.php?rest_route=%2Fwp%2Fv2%2Fcomments&post=246"}],"version-history":[{"count":0,"href":"https:\/\/blogg.fumei.se\/index.php?rest_route=\/wp\/v2\/posts\/246\/revisions"}],"wp:attachment":[{"href":"https:\/\/blogg.fumei.se\/index.php?rest_route=%2Fwp%2Fv2%2Fmedia&parent=246"}],"wp:term":[{"taxonomy":"category","embeddable":true,"href":"https:\/\/blogg.fumei.se\/index.php?rest_route=%2Fwp%2Fv2%2Fcategories&post=246"},{"taxonomy":"post_tag","embeddable":true,"href":"https:\/\/blogg.fumei.se\/index.php?rest_route=%2Fwp%2Fv2%2Ftags&post=246"}],"curies":[{"name":"wp","href":"https:\/\/api.w.org\/{rel}","templated":true}]}}