{"id":247,"date":"2010-04-25T20:30:00","date_gmt":"2010-04-25T20:30:00","guid":{"rendered":"\/Blogg\/post\/WTF.aspx"},"modified":"2024-03-29T11:57:43","modified_gmt":"2024-03-29T10:57:43","slug":"wt-f","status":"publish","type":"post","link":"https:\/\/blogg.fumei.se\/?p=247","title":{"rendered":"Ov\u00e4ntat"},"content":{"rendered":"<p>Allts\u00e5, de flesta har h\u00f6rt &#8221;I love rock&#8217;n&#8217;roll&#8221;, vissa av oss kan den utantill, men majoriteten har ocks\u00e5 bara h\u00f6rt den enda l\u00e5ten med Joan Jett. D\u00e4rf\u00f6r ska det bli intressant att se hur hon tas emot som f\u00f6rband till Green Day p\u00e5 Ullevi den 5 Juni.<\/p>\n","protected":false},"excerpt":{"rendered":"<p>Allts\u00e5, de flesta har h\u00f6rt &#8221;I love rock&#8217;n&#8217;roll&#8221;, vissa av oss kan den utantill, men majoriteten har ocks\u00e5 bara h\u00f6rt den enda l\u00e5ten med Joan Jett. D\u00e4rf\u00f6r ska det bli intressant att se hur hon tas emot som f\u00f6rband till Green Day p\u00e5 Ullevi den 5 Juni.<\/p>\n","protected":false},"author":1,"featured_media":0,"comment_status":"open","ping_status":"open","sticky":false,"template":"","format":"standard","meta":{"jetpack_post_was_ever_published":false,"_jetpack_newsletter_access":"","_jetpack_dont_email_post_to_subs":false,"_jetpack_newsletter_tier_id":0,"_jetpack_memberships_contains_paywalled_content":false,"_jetpack_memberships_contains_paid_content":false,"footnotes":"","jetpack_publicize_message":"","jetpack_publicize_feature_enabled":true,"jetpack_social_post_already_shared":false,"jetpack_social_options":{"image_generator_settings":{"template":"highway","default_image_id":0,"font":"","enabled":false},"version":2}},"categories":[47],"tags":[],"class_list":["post-247","post","type-post","status-publish","format-standard","hentry","category-vardagsliv"],"jetpack_publicize_connections":[],"jetpack_featured_media_url":"","jetpack_shortlink":"https:\/\/wp.me\/p3qko4-3Z","jetpack_sharing_enabled":true,"jetpack_likes_enabled":true,"jetpack-related-posts":[{"id":1103,"url":"https:\/\/blogg.fumei.se\/?p=1103","url_meta":{"origin":247,"position":0},"title":"Europe &#8211; &#8221;Last Look At Eden&#8221; recension","author":"M :)","date":"2009-09-15","format":false,"excerpt":"\u00c4ven om du inte var med p\u00e5 80-talet s\u00e5 har du h\u00f6rt talas om Europe. Och du har en ganska klar bild av hur de l\u00e5ter f\u00f6r du har ju h\u00f6rt den d\u00e4r l\u00e5ten X antal g\u00e5nger.Gl\u00f6m det.Gl\u00f6m att du h\u00f6rt \u201dThe Final Countdown\u201d \u00f6ver huvud taget. F\u00f6r den \u00e4r\u2026","rel":"","context":"I \u201dVardagsliv\u201d","block_context":{"text":"Vardagsliv","link":"https:\/\/blogg.fumei.se\/?cat=47"},"img":{"alt_text":"","src":"","width":0,"height":0},"classes":[]},{"id":1126,"url":"https:\/\/blogg.fumei.se\/?p=1126","url_meta":{"origin":247,"position":1},"title":"Ett \u00f6gonblick","author":"M :)","date":"2009-09-08","format":false,"excerpt":"H\u00f6rt det engelska uttrycket \"be back in a jiffy\"? Visste ni d\u00e5 att en \"jiffy\" \u00e4r 1\/100 sekund? Jomen, s\u00e5 \u00e4r det.Och detta var dagens on\u00f6diga fakta!","rel":"","context":"I \u201dVardagsliv\u201d","block_context":{"text":"Vardagsliv","link":"https:\/\/blogg.fumei.se\/?cat=47"},"img":{"alt_text":"","src":"","width":0,"height":0},"classes":[]},{"id":65,"url":"https:\/\/blogg.fumei.se\/?p=65","url_meta":{"origin":247,"position":2},"title":"30 dagar i b\u00f6cker &#8211; Dag 18","author":"M :)","date":"2011-02-23","format":false,"excerpt":"Day 18 \u2013 A book that disappointed you \"Vi, de drunknade\" av Carsten Jensen. Om jag s\u00e4ger s\u00e5 h\u00e4r: jag h\u00f6rde bara goda ord och positiv kritik om den h\u00e4r boken, och skulle f\u00e5 l\u00e5na den av en arbetskamrat. En dag kom hon med ett paket, det visade sig att\u2026","rel":"","context":"I \u201dVardagsliv\u201d","block_context":{"text":"Vardagsliv","link":"https:\/\/blogg.fumei.se\/?cat=47"},"img":{"alt_text":"","src":"https:\/\/i0.wp.com\/blogg.fumei.se\/wp-content\/uploads\/2011\/02\/drunknade.png?resize=350%2C200","width":350,"height":200},"classes":[]},{"id":541,"url":"https:\/\/blogg.fumei.se\/?p=541","url_meta":{"origin":247,"position":3},"title":"Nu funkar det!","author":"M :)","date":"2008-09-15","format":false,"excerpt":"Jag hade ju v\u00e4ldiga problem med min andra blogg, Paint Shop pro p\u00e5 svenska. S\u00e5 v\u00e4ldiga att jag tog bort hela den bloggen. Jag mailade blogg.se's support som skulle s\u00e4tta en tekniker p\u00e5 att kolla vad som buggade, men jag har fortfarande inte h\u00f6rt n\u00e5got ifr\u00e5n dem, s\u00e5 nu orkar\u2026","rel":"","context":"I \u201dPSP\u201d","block_context":{"text":"PSP","link":"https:\/\/blogg.fumei.se\/?cat=62"},"img":{"alt_text":"","src":"","width":0,"height":0},"classes":[]},{"id":30,"url":"https:\/\/blogg.fumei.se\/?p=30","url_meta":{"origin":247,"position":4},"title":"Sommarlov!","author":"M :)","date":"2011-06-17","format":false,"excerpt":"Ig\u00e5r var det skolavslutning f\u00f6r Robin. I kyrkan, med fana och \"Den blomstertid...\" och tal av rektor och pr\u00e4st och allt som h\u00f6r till. (Ingen nationals\u00e5ng, men \u00e5 andra sidan har jag faktiskt aldrig h\u00f6rt den sjungas p\u00e5 skolavslutningar \u00e4nd\u00e5, s\u00e5 det spelar ingen roll.) St\u00f6rst fokus fick ju naturligtvis\u2026","rel":"","context":"I \u201dVardagsliv\u201d","block_context":{"text":"Vardagsliv","link":"https:\/\/blogg.fumei.se\/?cat=47"},"img":{"alt_text":"","src":"https:\/\/i0.wp.com\/blogg.fumei.se\/wp-content\/uploads\/2011\/06\/P1110668.jpg?resize=350%2C200","width":350,"height":200},"classes":[]},{"id":3015,"url":"https:\/\/blogg.fumei.se\/?p=3015","url_meta":{"origin":247,"position":5},"title":"Tiden g\u00e5r fort \u00e4ven om man inte har s\u00e5 roligt&#8230;","author":"M :)","date":"2013-07-12","format":false,"excerpt":"Idag \u00e4r ingen bra dag. Idag \u00e4r det n\u00e4mligen exakt en m\u00e5nad sen J talade om f\u00f6re mig att han inte ville forts\u00e4tta ha ett liv tillsammans med mig. Idag grinar jag. Inte hela tiden, men r\u00e4tt mycket, \u00e4nd\u00e5. M\u00e5nga \u00e4r de, som sagt att det blir l\u00e4ttare och b\u00e4ttre,\u2026","rel":"","context":"I \u201dVardagsliv\u201d","block_context":{"text":"Vardagsliv","link":"https:\/\/blogg.fumei.se\/?cat=47"},"img":{"alt_text":"","src":"","width":0,"height":0},"classes":[]}],"_links":{"self":[{"href":"https:\/\/blogg.fumei.se\/index.php?rest_route=\/wp\/v2\/posts\/247","targetHints":{"allow":["GET"]}}],"collection":[{"href":"https:\/\/blogg.fumei.se\/index.php?rest_route=\/wp\/v2\/posts"}],"about":[{"href":"https:\/\/blogg.fumei.se\/index.php?rest_route=\/wp\/v2\/types\/post"}],"author":[{"embeddable":true,"href":"https:\/\/blogg.fumei.se\/index.php?rest_route=\/wp\/v2\/users\/1"}],"replies":[{"embeddable":true,"href":"https:\/\/blogg.fumei.se\/index.php?rest_route=%2Fwp%2Fv2%2Fcomments&post=247"}],"version-history":[{"count":1,"href":"https:\/\/blogg.fumei.se\/index.php?rest_route=\/wp\/v2\/posts\/247\/revisions"}],"predecessor-version":[{"id":6723,"href":"https:\/\/blogg.fumei.se\/index.php?rest_route=\/wp\/v2\/posts\/247\/revisions\/6723"}],"wp:attachment":[{"href":"https:\/\/blogg.fumei.se\/index.php?rest_route=%2Fwp%2Fv2%2Fmedia&parent=247"}],"wp:term":[{"taxonomy":"category","embeddable":true,"href":"https:\/\/blogg.fumei.se\/index.php?rest_route=%2Fwp%2Fv2%2Fcategories&post=247"},{"taxonomy":"post_tag","embeddable":true,"href":"https:\/\/blogg.fumei.se\/index.php?rest_route=%2Fwp%2Fv2%2Ftags&post=247"}],"curies":[{"name":"wp","href":"https:\/\/api.w.org\/{rel}","templated":true}]}}