{"id":248,"date":"2010-04-25T09:29:00","date_gmt":"2010-04-25T07:29:00","guid":{"rendered":"\/Blogg\/post\/Battre-sent-an-aldrig.aspx"},"modified":"2024-03-29T11:57:08","modified_gmt":"2024-03-29T10:57:08","slug":"battre-sent-an-aldrig","status":"publish","type":"post","link":"https:\/\/blogg.fumei.se\/?p=248","title":{"rendered":"Robin 14 \u00e5r"},"content":{"rendered":"<h1 style=\"text-align: center;\">GRATTIS<\/h1>\n<p style=\"text-align: center;\">min \u00e4lskade son p\u00e5 din 14-\u00e5rsdag!<\/p>\n<p style=\"text-align: center;\">\n","protected":false},"excerpt":{"rendered":"<p>GRATTIS min \u00e4lskade son p\u00e5 din 14-\u00e5rsdag!<\/p>\n","protected":false},"author":1,"featured_media":0,"comment_status":"open","ping_status":"open","sticky":false,"template":"","format":"standard","meta":{"jetpack_post_was_ever_published":false,"_jetpack_newsletter_access":"","_jetpack_dont_email_post_to_subs":false,"_jetpack_newsletter_tier_id":0,"_jetpack_memberships_contains_paywalled_content":false,"_jetpack_memberships_contains_paid_content":false,"footnotes":"","jetpack_publicize_message":"","jetpack_publicize_feature_enabled":true,"jetpack_social_post_already_shared":false,"jetpack_social_options":{"image_generator_settings":{"template":"highway","default_image_id":0,"font":"","enabled":false},"version":2}},"categories":[47],"tags":[],"class_list":["post-248","post","type-post","status-publish","format-standard","hentry","category-vardagsliv"],"jetpack_publicize_connections":[],"jetpack_featured_media_url":"","jetpack_shortlink":"https:\/\/wp.me\/p3qko4-40","jetpack_sharing_enabled":true,"jetpack_likes_enabled":true,"jetpack-related-posts":[{"id":3454,"url":"https:\/\/blogg.fumei.se\/?p=3454","url_meta":{"origin":248,"position":0},"title":"Idag fyller vi \u00e5r!","author":"M :)","date":"2015-01-17","format":false,"excerpt":"Vi b\u00f6rjar med att hurra f\u00f6r den h\u00e4r killen: Hipp hurra f\u00f6r Victor idag p\u00e5 din 6-\u00e5rsdag! GRATTIS \u00f6nskar faster, farmor, farfar, Robin, Fia, Linus och Juliah. Och ja, det \u00e4r ju faktiskt min f\u00f6delsedag ocks\u00e5, s\u00e5 hurra och grattis till mig ocks\u00e5! N\u00e5gra andra som fyller \u00e5r idag \u00e4r\u2026","rel":"","context":"I \u201dVardagsliv\u201d","block_context":{"text":"Vardagsliv","link":"https:\/\/blogg.fumei.se\/?cat=47"},"img":{"alt_text":"Victor6-emeff2015","src":"https:\/\/i0.wp.com\/blogg.fumei.se\/wp-content\/uploads\/2015\/01\/Victor6-emeff2015.jpg?resize=350%2C200","width":350,"height":200,"srcset":"https:\/\/i0.wp.com\/blogg.fumei.se\/wp-content\/uploads\/2015\/01\/Victor6-emeff2015.jpg?resize=350%2C200 1x, https:\/\/i0.wp.com\/blogg.fumei.se\/wp-content\/uploads\/2015\/01\/Victor6-emeff2015.jpg?resize=525%2C300 1.5x"},"classes":[]},{"id":4398,"url":"https:\/\/blogg.fumei.se\/?p=4398","url_meta":{"origin":248,"position":1},"title":"Ett helt decennium","author":"M :)","date":"2018-01-09","format":false,"excerpt":"S\u00e5 l\u00e4nge sen var det Lovisa f\u00f6ddes. Idag hurrar vi f\u00f6r henne p\u00e5 10-\u00e5rsdagen! GRATTIS! \u00f6nskar faster farmor Fia, Linus & Juliah Robin Roberto & Isabella \u00a0","rel":"","context":"I \u201dFamiljen\u201d","block_context":{"text":"Familjen","link":"https:\/\/blogg.fumei.se\/?cat=34"},"img":{"alt_text":"","src":"https:\/\/i0.wp.com\/blogg.fumei.se\/wp-content\/uploads\/2018\/01\/Lovisa10-emeff2018.png?resize=350%2C200","width":350,"height":200,"srcset":"https:\/\/i0.wp.com\/blogg.fumei.se\/wp-content\/uploads\/2018\/01\/Lovisa10-emeff2018.png?resize=350%2C200 1x, https:\/\/i0.wp.com\/blogg.fumei.se\/wp-content\/uploads\/2018\/01\/Lovisa10-emeff2018.png?resize=525%2C300 1.5x"},"classes":[]},{"id":3804,"url":"https:\/\/blogg.fumei.se\/?p=3804","url_meta":{"origin":248,"position":2},"title":"\u00c5rets f\u00f6rsta f\u00f6delsedag","author":"M :)","date":"2016-01-09","format":false,"excerpt":"\u00e4r Lovisas, s\u00e5 idag hurrar vi f\u00f6r henne p\u00e5 8-\u00e5rsdagen! GRATTIS \u00f6nskar faster, farmor, farfar, Robin, Fia, Linus och Juliah","rel":"","context":"I \u201dFamiljen\u201d","block_context":{"text":"Familjen","link":"https:\/\/blogg.fumei.se\/?cat=34"},"img":{"alt_text":"lovisa8-emeff2016","src":"https:\/\/i0.wp.com\/blogg.fumei.se\/wp-content\/uploads\/2016\/01\/lovisa8-emeff2016.jpg?resize=350%2C200","width":350,"height":200,"srcset":"https:\/\/i0.wp.com\/blogg.fumei.se\/wp-content\/uploads\/2016\/01\/lovisa8-emeff2016.jpg?resize=350%2C200 1x, https:\/\/i0.wp.com\/blogg.fumei.se\/wp-content\/uploads\/2016\/01\/lovisa8-emeff2016.jpg?resize=525%2C300 1.5x"},"classes":[]},{"id":3247,"url":"https:\/\/blogg.fumei.se\/?p=3247","url_meta":{"origin":248,"position":3},"title":"Fjortis!","author":"M :)","date":"2014-03-13","format":false,"excerpt":"Idag hurrar vi f\u00f6r Isabella som fyller 14! GRATTIS \u00f6nskar faster, Fia & Robin","rel":"","context":"I \u201dFamiljen\u201d","block_context":{"text":"Familjen","link":"https:\/\/blogg.fumei.se\/?cat=34"},"img":{"alt_text":"Bella14-EmEff2014","src":"https:\/\/i0.wp.com\/blogg.fumei.se\/wp-content\/uploads\/2014\/03\/Bella14-EmEff2014.jpg?resize=350%2C200","width":350,"height":200,"srcset":"https:\/\/i0.wp.com\/blogg.fumei.se\/wp-content\/uploads\/2014\/03\/Bella14-EmEff2014.jpg?resize=350%2C200 1x, https:\/\/i0.wp.com\/blogg.fumei.se\/wp-content\/uploads\/2014\/03\/Bella14-EmEff2014.jpg?resize=525%2C300 1.5x"},"classes":[]},{"id":2942,"url":"https:\/\/blogg.fumei.se\/?p=2942","url_meta":{"origin":248,"position":4},"title":"Snart stora karl&#8217;n","author":"M :)","date":"2013-04-25","format":false,"excerpt":"Idag \u00e4r det 17 \u00e5r sen du kom till v\u00e4rlden med en v\u00e4ldig fart. GRATTIS ROBIN! Jag \u00e4lskar dig! \u2665","rel":"","context":"I \u201dVardagsliv\u201d","block_context":{"text":"Vardagsliv","link":"https:\/\/blogg.fumei.se\/?cat=47"},"img":{"alt_text":"Robin17-emeff2013","src":"https:\/\/i0.wp.com\/blogg.fumei.se\/wp-content\/uploads\/2013\/05\/Robin17-emeff20132-650x487.png?resize=350%2C200","width":350,"height":200,"srcset":"https:\/\/i0.wp.com\/blogg.fumei.se\/wp-content\/uploads\/2013\/05\/Robin17-emeff20132-650x487.png?resize=350%2C200 1x, https:\/\/i0.wp.com\/blogg.fumei.se\/wp-content\/uploads\/2013\/05\/Robin17-emeff20132-650x487.png?resize=525%2C300 1.5x"},"classes":[]},{"id":1213,"url":"https:\/\/blogg.fumei.se\/?p=1213","url_meta":{"origin":248,"position":5},"title":"Idag \u00e4r ingen vanlig dag&#8230;","author":"M :)","date":"2009-12-17","format":false,"excerpt":"...f\u00f6r idag \u00e4r det Emmas f\u00f6delsedag! Grattis p\u00e5 20-\u00e5rsdagen fr\u00e5n oss h\u00e4r i bonnh\u00e5lan! ;)","rel":"","context":"I \u201dVardagsliv\u201d","block_context":{"text":"Vardagsliv","link":"https:\/\/blogg.fumei.se\/?cat=47"},"img":{"alt_text":"","src":"","width":0,"height":0},"classes":[]}],"_links":{"self":[{"href":"https:\/\/blogg.fumei.se\/index.php?rest_route=\/wp\/v2\/posts\/248","targetHints":{"allow":["GET"]}}],"collection":[{"href":"https:\/\/blogg.fumei.se\/index.php?rest_route=\/wp\/v2\/posts"}],"about":[{"href":"https:\/\/blogg.fumei.se\/index.php?rest_route=\/wp\/v2\/types\/post"}],"author":[{"embeddable":true,"href":"https:\/\/blogg.fumei.se\/index.php?rest_route=\/wp\/v2\/users\/1"}],"replies":[{"embeddable":true,"href":"https:\/\/blogg.fumei.se\/index.php?rest_route=%2Fwp%2Fv2%2Fcomments&post=248"}],"version-history":[{"count":1,"href":"https:\/\/blogg.fumei.se\/index.php?rest_route=\/wp\/v2\/posts\/248\/revisions"}],"predecessor-version":[{"id":6722,"href":"https:\/\/blogg.fumei.se\/index.php?rest_route=\/wp\/v2\/posts\/248\/revisions\/6722"}],"wp:attachment":[{"href":"https:\/\/blogg.fumei.se\/index.php?rest_route=%2Fwp%2Fv2%2Fmedia&parent=248"}],"wp:term":[{"taxonomy":"category","embeddable":true,"href":"https:\/\/blogg.fumei.se\/index.php?rest_route=%2Fwp%2Fv2%2Fcategories&post=248"},{"taxonomy":"post_tag","embeddable":true,"href":"https:\/\/blogg.fumei.se\/index.php?rest_route=%2Fwp%2Fv2%2Ftags&post=248"}],"curies":[{"name":"wp","href":"https:\/\/api.w.org\/{rel}","templated":true}]}}